{"id":47854,"date":"2024-12-04T11:08:04","date_gmt":"2024-12-04T11:08:04","guid":{"rendered":"https:\/\/dekkbi.com\/?p=47854"},"modified":"2024-12-04T11:08:05","modified_gmt":"2024-12-04T11:08:05","slug":"france-menace-de-censure-michel-barnier-veut-croire-quune-sortie-de-crise-est-possible","status":"publish","type":"post","link":"https:\/\/dekkbi.com\/?p=47854","title":{"rendered":"France: menac\u00e9 de censure, Michel Barnier veut croire qu&rsquo;une sortie de crise est \u00abpossible\u00bb"},"content":{"rendered":"\n<p>Un \u00ab r\u00e9flexe de responsabilit\u00e9 \u00bb des d\u00e9put\u00e9s est \u00ab possible \u00bb pour \u00e9viter la censure de l&rsquo;ex\u00e9cutif, a jug\u00e9 mardi 3 d\u00e9cembre le Premier ministre fran\u00e7ais Michel Barnier dont le gouvernement pourrait tomber le lendemain par les voix jointes de la gauche et de l&rsquo;extr\u00eame droite.<\/p>\n\n\n\n<p>\u00ab&nbsp;<em>Je pense que c\u2019est possible qu\u2019il y ait ce r\u00e9flexe de responsabilit\u00e9 ou, au-del\u00e0 des diff\u00e9rences politiques, des divergences, des contradictions normales dans une d\u00e9mocratie, on se dise qu\u2019il y a un int\u00e9r\u00eat sup\u00e9rieur<\/em>&nbsp;\u00bb, a-t-il d\u00e9clar\u00e9 dans les journaux t\u00e9l\u00e9vis\u00e9s de France&nbsp;2 et TF1.<\/p>\n\n\n\n<p>\u00ab&nbsp;<em>Je pense que l\u2019int\u00e9r\u00eat sup\u00e9rieur du pays, le bien commun, l\u2019int\u00e9r\u00eat national, \u00e7a veut dire quelque chose&nbsp;<\/em>\u00bb, a-t-il ajout\u00e9.&nbsp;<strong><a href=\"https:\/\/www.rfi.fr\/fr\/tag\/michel-barnier\/\">Michel Barnier<\/a><\/strong>&nbsp;a cependant \u00e9cart\u00e9 la possibilit\u00e9 d\u2019\u00eatre renomm\u00e9 \u00e0 Matignon s\u2019il \u00e9tait censur\u00e9, s\u2019interrogeant sur \u00ab&nbsp;<em>le sens<\/em>&nbsp;\u00bb d\u2019un tel sc\u00e9nario.<\/p>\n\n\n\n<p>\u00ab&nbsp;<em>J\u2019ai envie de servir. Je vous ai dit que c\u2019est un grand honneur. Mais qu\u2019est-ce que cela [<\/em>une renomination comme Premier ministre, NDLR]<em>&nbsp;a comme sens&nbsp;?<\/em>&nbsp;\u00bb, a-t-il demand\u00e9. \u00ab&nbsp;<em>Si je tombe demain, apr\u00e8s-demain, on me retrouve l\u00e0 comme si de rien n\u2019\u00e9tait, comme si rien ne s\u2019\u00e9tait pass\u00e9&nbsp;?<\/em>&nbsp;\u00bb<\/p>\n\n\n\n<p>Aujourd\u2019hui, \u00ab&nbsp;<em>ce n\u2019est pas moi qui suis en cause&nbsp;<\/em>\u00bb, \u00ab&nbsp;<em>cela d\u00e9passe tr\u00e8s largement ma seule condition<\/em>&nbsp;\u00bb, a ajout\u00e9 le chef du gouvernement qui avait dit en arrivant avoir \u00ab&nbsp;<em>d\u00e9couvert&nbsp;<\/em>\u00bb une situation budg\u00e9taire difficile, avec un d\u00e9ficit qui devrait atteindre 6,1&nbsp;% du PIB en 2024.<\/p>\n\n\n\n<p>Pour afficher ce contenu X (Twitter), il est n\u00e9cessaire d&rsquo;autoriser les cookies de mesure d&rsquo;audience et de publicit\u00e9.AccepterG\u00e9rer mes choix<\/p>\n\n\n\n<h2 class=\"wp-block-heading\">Michel Barnier met \u00e0 nouveau en garde en cas de censure<\/h2>\n\n\n\n<p>\u00ab<em>&nbsp;Si la motion de censure passe, tout sera plus difficile et plus grave&nbsp;<\/em>\u00bb, a-t-il de nouveau mis en garde. Le Premier ministre a engag\u00e9 lundi la responsabilit\u00e9 de son gouvernement pour adopter sans vote le projet de budget de la S\u00e9curit\u00e9 sociale (PLFSS). Le Nouveau Front populaire (NFP) et le Rassemblement national (RN) ont par la suite d\u00e9pos\u00e9 des motions de censure, qui seront d\u00e9battues mercredi \u00e0 partir de 16h00 pour un vote vers 20h00.&nbsp;<\/p>\n\n\n\n<p>Le renoncement de derni\u00e8re minute sur le projet de d\u00e9remboursement des m\u00e9dicaments en 2025, qui visait \u00e0 convaincre le RN de ne pas se tourner vers la censure, n\u2019aura pas suffi. Le RN demandait en outre l\u2019abandon de la d\u00e9sindexation des retraites sur l\u2019inflation d\u00e8s le 1\u1d49\u02b3 janvier, ce qu\u2019il n\u2019a pas obtenu.<\/p>\n\n\n\n<p>Interrog\u00e9 sur cette concession, annonc\u00e9e \u00e0 la suite d\u2019une discussion avec\u00a0<strong>Marine Le Pen<\/strong>, le Premier ministre a affirm\u00e9 qu\u2019il y avait eu \u00ab\u00a0<em>une \u00e9coute, du respect\u00a0<\/em>\u00bb, tout en accusant la cheffe de file du RN d\u2019\u00eatre \u00ab\u00a0<em>entr\u00e9e dans une sorte de surench\u00e8re\u00a0<\/em>\u00bb.<\/p>\n\n\n\n<p>\u00ab<em>&nbsp;On n&rsquo;est pas dans du marchandage, on n&rsquo;est pas dans du chantage&nbsp;<\/em>\u00bb, a-t-il d\u00e9fendu sur France 2 et TF1.<\/p>\n\n\n\n<p>SOURCE RFI<\/p>\n","protected":false},"excerpt":{"rendered":"<p>Un \u00ab r\u00e9flexe de responsabilit\u00e9 \u00bb des d\u00e9put\u00e9s est \u00ab possible \u00bb pour \u00e9viter la censure de l&rsquo;ex\u00e9cutif, a jug\u00e9<\/p>\n","protected":false},"author":1,"featured_media":47855,"comment_status":"open","ping_status":"open","sticky":false,"template":"","format":"standard","meta":{"footnotes":""},"categories":[51],"tags":[],"class_list":["post-47854","post","type-post","status-publish","format-standard","has-post-thumbnail","hentry","category-general"],"_links":{"self":[{"href":"https:\/\/dekkbi.com\/index.php?rest_route=\/wp\/v2\/posts\/47854","targetHints":{"allow":["GET"]}}],"collection":[{"href":"https:\/\/dekkbi.com\/index.php?rest_route=\/wp\/v2\/posts"}],"about":[{"href":"https:\/\/dekkbi.com\/index.php?rest_route=\/wp\/v2\/types\/post"}],"author":[{"embeddable":true,"href":"https:\/\/dekkbi.com\/index.php?rest_route=\/wp\/v2\/users\/1"}],"replies":[{"embeddable":true,"href":"https:\/\/dekkbi.com\/index.php?rest_route=%2Fwp%2Fv2%2Fcomments&post=47854"}],"version-history":[{"count":1,"href":"https:\/\/dekkbi.com\/index.php?rest_route=\/wp\/v2\/posts\/47854\/revisions"}],"predecessor-version":[{"id":47856,"href":"https:\/\/dekkbi.com\/index.php?rest_route=\/wp\/v2\/posts\/47854\/revisions\/47856"}],"wp:featuredmedia":[{"embeddable":true,"href":"https:\/\/dekkbi.com\/index.php?rest_route=\/wp\/v2\/media\/47855"}],"wp:attachment":[{"href":"https:\/\/dekkbi.com\/index.php?rest_route=%2Fwp%2Fv2%2Fmedia&parent=47854"}],"wp:term":[{"taxonomy":"category","embeddable":true,"href":"https:\/\/dekkbi.com\/index.php?rest_route=%2Fwp%2Fv2%2Fcategories&post=47854"},{"taxonomy":"post_tag","embeddable":true,"href":"https:\/\/dekkbi.com\/index.php?rest_route=%2Fwp%2Fv2%2Ftags&post=47854"}],"curies":[{"name":"wp","href":"https:\/\/api.w.org\/{rel}","templated":true}]}}