{"id":47846,"date":"2024-12-04T11:03:20","date_gmt":"2024-12-04T11:03:20","guid":{"rendered":"https:\/\/dekkbi.com\/?p=47846"},"modified":"2024-12-04T11:03:46","modified_gmt":"2024-12-04T11:03:46","slug":"installation-de-la-15e-legislature-lappel-damadou-lamine-diouf-premier-depute-non-voyant-aux-acteurs-politiques","status":"publish","type":"post","link":"https:\/\/dekkbi.com\/?p=47846","title":{"rendered":"L\u2019appel d&rsquo;Amadou Lamine Diouf, premier d\u00e9put\u00e9 non voyant, aux acteurs politiques"},"content":{"rendered":"\n<h3 class=\"wp-block-heading\">Premier d\u00e9put\u00e9 non voyant \u00e0 l&rsquo;Assembl\u00e9e nationale, le d\u00e9put\u00e9 Amadou Lamine Diouf, 61 ans, r\u00e9sident au Maroc, est \u00e0 la fois entrepreneur, technicien sup\u00e9rieur en g\u00e9nie \u00c9lectrique, \u00e9lu Pastef Afrique nord (Tunisie, Maroc, Mauritanie, \u00c9gypte, Alg\u00e9rie, Lybie, &#8230;). \u00ab\u00a0S Tribune\u00a0\u00bb<\/h3>\n\n\n\n<p>\u00ab&nbsp;<em>\u00catre \u00e9lu d\u00e9put\u00e9 \u00e0 cette Assembl\u00e9e nationale, j&rsquo;avoue que c&rsquo;est une premi\u00e8re dans l&rsquo;histoire de notre pays. Cela prouve que les S\u00e9n\u00e9galais veulent vraiment tourner la page et aller de l&rsquo;avant et que ce qui se passait, l&rsquo;a \u00e9t\u00e9 contre leur volont\u00e9.<br><br>Avant, les politiciens ne faisaient que leurrer la population, par contre, le Pastef est arriv\u00e9 avec une dynamique d&rsquo;\u00e9veiller les populations, alerter, mettre sous les projecteurs tout ce que les politiciens nous cachaient. Et \u00e7a a port\u00e9 ses fruits, parce que m\u00eame les analphab\u00e8tes n&rsquo;ignorent plus grand-chose sur ce qui se passe au S\u00e9n\u00e9gal, il faut les entendre d\u00e9battre pour comprendre. Ils ont relev\u00e9 le niveau intellectuel, ils ont relev\u00e9 le niveau de d\u00e9bats dans la soci\u00e9t\u00e9<\/em>&nbsp;\u00bb, a-t-il d\u00e9clar\u00e9 aux confr\u00e8res de \u00ab\u00a0Pressafrik\u00a0\u00bb.<\/p>\n\n\n\n<p>Revenant sur son adh\u00e9sion au Pastef, Amadou Lamine Diouf d&rsquo;expliquer : \u00ab&nbsp;<em>Je n&rsquo;ai jamais \u00e9t\u00e9 attir\u00e9 par la politique mais en 2014, quand j&rsquo;ai eu \u00e0 \u00e9couter le message de Pastef, dans une \u00e9mission anim\u00e9e par les membres de Pastef dans la diaspora, j&rsquo;ai senti comme une r\u00e9v\u00e9lation ce jour-l\u00e0. Je me suis dit, tiens donc, il y a des politiciens qui partagent les m\u00eame convictions et ambitions que moi pour le bien du S\u00e9n\u00e9gal. Alors, j&rsquo;ai d\u00e9cid\u00e9 de jouer ma partition<\/em>&nbsp;\u00bb.<\/p>\n\n\n\n<p>\u00ab<em>\u00a0J&rsquo;invite les autres \u00e0 suivre l&rsquo;exemple pertinent qu&rsquo;a lanc\u00e9 le Pastef, en investissant ces personnes vivant avec un handicap. On veut d\u00e9velopper le pays et on invite tout le monde \u00e0 apporter sa pierre de l&rsquo;\u00e9difice\u00a0<\/em>\u00bb, a soutenu le nouveau d\u00e9put\u00e9.<br><\/p>\n\n\n\n<p>SOURCE LERAL.NET<\/p>\n","protected":false},"excerpt":{"rendered":"<p>Premier d\u00e9put\u00e9 non voyant \u00e0 l&rsquo;Assembl\u00e9e nationale, le d\u00e9put\u00e9 Amadou Lamine Diouf, 61 ans, r\u00e9sident au Maroc, est \u00e0 la<\/p>\n","protected":false},"author":1,"featured_media":47847,"comment_status":"open","ping_status":"open","sticky":false,"template":"","format":"standard","meta":{"footnotes":""},"categories":[21],"tags":[],"class_list":["post-47846","post","type-post","status-publish","format-standard","has-post-thumbnail","hentry","category-societe"],"_links":{"self":[{"href":"https:\/\/dekkbi.com\/index.php?rest_route=\/wp\/v2\/posts\/47846","targetHints":{"allow":["GET"]}}],"collection":[{"href":"https:\/\/dekkbi.com\/index.php?rest_route=\/wp\/v2\/posts"}],"about":[{"href":"https:\/\/dekkbi.com\/index.php?rest_route=\/wp\/v2\/types\/post"}],"author":[{"embeddable":true,"href":"https:\/\/dekkbi.com\/index.php?rest_route=\/wp\/v2\/users\/1"}],"replies":[{"embeddable":true,"href":"https:\/\/dekkbi.com\/index.php?rest_route=%2Fwp%2Fv2%2Fcomments&post=47846"}],"version-history":[{"count":2,"href":"https:\/\/dekkbi.com\/index.php?rest_route=\/wp\/v2\/posts\/47846\/revisions"}],"predecessor-version":[{"id":47849,"href":"https:\/\/dekkbi.com\/index.php?rest_route=\/wp\/v2\/posts\/47846\/revisions\/47849"}],"wp:featuredmedia":[{"embeddable":true,"href":"https:\/\/dekkbi.com\/index.php?rest_route=\/wp\/v2\/media\/47847"}],"wp:attachment":[{"href":"https:\/\/dekkbi.com\/index.php?rest_route=%2Fwp%2Fv2%2Fmedia&parent=47846"}],"wp:term":[{"taxonomy":"category","embeddable":true,"href":"https:\/\/dekkbi.com\/index.php?rest_route=%2Fwp%2Fv2%2Fcategories&post=47846"},{"taxonomy":"post_tag","embeddable":true,"href":"https:\/\/dekkbi.com\/index.php?rest_route=%2Fwp%2Fv2%2Ftags&post=47846"}],"curies":[{"name":"wp","href":"https:\/\/api.w.org\/{rel}","templated":true}]}}