{"id":47842,"date":"2024-12-04T11:00:13","date_gmt":"2024-12-04T11:00:13","guid":{"rendered":"https:\/\/dekkbi.com\/?p=47842"},"modified":"2024-12-04T11:04:46","modified_gmt":"2024-12-04T11:04:46","slug":"saint-louis-vent-despoir-au-proces-special-des-80-prevenus-les-commercants-victimes-se-rejouissent-du-requisitoire","status":"publish","type":"post","link":"https:\/\/dekkbi.com\/?p=47842","title":{"rendered":"Saint-Louis : Vent d&rsquo;espoir au proc\u00e8s sp\u00e9cial des 80 pr\u00e9venus"},"content":{"rendered":"\n<h3 class=\"wp-block-heading\">Les commer\u00e7ants victimes se r\u00e9jouissent du r\u00e9quisitoire . Apr\u00e8s les peines requises par le procureur aux personnes impliqu\u00e9es dans les affrontements survenues au march\u00e9 Tendjigu\u00e8ne de Saint-Louis, lors de la campagne des L\u00e9gislatives et dont la d\u00e9lib\u00e9ration est fix\u00e9e au 6 janvier 2025, les commer\u00e7ants victimes lors de ces \u00e9chauffour\u00e9es, se r\u00e9jouissent de ces d\u00e9cisions et esp\u00e8rent que justice sera rendue au mois de janvier prochain. Devant des faits flagrants et diffus\u00e9s sur les r\u00e9seaux sociaux, l\u2019espoir est plus que permis\u2026Entretien.<\/h3>\n\n\n\n<figure class=\"wp-block-embed is-type-rich is-provider-prise-en-charge-des-contenus-embarqu-s wp-block-embed-prise-en-charge-des-contenus-embarqu-s wp-embed-aspect-16-9 wp-has-aspect-ratio\"><div class=\"wp-block-embed__wrapper\">\n<iframe loading=\"lazy\" title=\"Saint-Louis: Proc\u00e8s sp\u00e9cial des 80 pr\u00e9venus, les commer\u00e7ants victimes se r\u00e9jouissent du r\u00e9quisitoire\" width=\"800\" height=\"450\" src=\"https:\/\/www.youtube.com\/embed\/VvchOwqkiDU?feature=oembed\" frameborder=\"0\" allow=\"accelerometer; autoplay; clipboard-write; encrypted-media; gyroscope; picture-in-picture; web-share\" referrerpolicy=\"strict-origin-when-cross-origin\" allowfullscreen><\/iframe>\n<\/div><\/figure>\n\n\n\n<p>SOURCE LERAL.NET<\/p>\n","protected":false},"excerpt":{"rendered":"<p>Les commer\u00e7ants victimes se r\u00e9jouissent du r\u00e9quisitoire . Apr\u00e8s les peines requises par le procureur aux personnes impliqu\u00e9es dans les<\/p>\n","protected":false},"author":1,"featured_media":47731,"comment_status":"open","ping_status":"open","sticky":false,"template":"","format":"standard","meta":{"footnotes":""},"categories":[21],"tags":[],"class_list":["post-47842","post","type-post","status-publish","format-standard","has-post-thumbnail","hentry","category-societe"],"_links":{"self":[{"href":"https:\/\/dekkbi.com\/index.php?rest_route=\/wp\/v2\/posts\/47842","targetHints":{"allow":["GET"]}}],"collection":[{"href":"https:\/\/dekkbi.com\/index.php?rest_route=\/wp\/v2\/posts"}],"about":[{"href":"https:\/\/dekkbi.com\/index.php?rest_route=\/wp\/v2\/types\/post"}],"author":[{"embeddable":true,"href":"https:\/\/dekkbi.com\/index.php?rest_route=\/wp\/v2\/users\/1"}],"replies":[{"embeddable":true,"href":"https:\/\/dekkbi.com\/index.php?rest_route=%2Fwp%2Fv2%2Fcomments&post=47842"}],"version-history":[{"count":2,"href":"https:\/\/dekkbi.com\/index.php?rest_route=\/wp\/v2\/posts\/47842\/revisions"}],"predecessor-version":[{"id":47850,"href":"https:\/\/dekkbi.com\/index.php?rest_route=\/wp\/v2\/posts\/47842\/revisions\/47850"}],"wp:featuredmedia":[{"embeddable":true,"href":"https:\/\/dekkbi.com\/index.php?rest_route=\/wp\/v2\/media\/47731"}],"wp:attachment":[{"href":"https:\/\/dekkbi.com\/index.php?rest_route=%2Fwp%2Fv2%2Fmedia&parent=47842"}],"wp:term":[{"taxonomy":"category","embeddable":true,"href":"https:\/\/dekkbi.com\/index.php?rest_route=%2Fwp%2Fv2%2Fcategories&post=47842"},{"taxonomy":"post_tag","embeddable":true,"href":"https:\/\/dekkbi.com\/index.php?rest_route=%2Fwp%2Fv2%2Ftags&post=47842"}],"curies":[{"name":"wp","href":"https:\/\/api.w.org\/{rel}","templated":true}]}}