{"id":47832,"date":"2024-12-04T10:48:39","date_gmt":"2024-12-04T10:48:39","guid":{"rendered":"https:\/\/dekkbi.com\/?p=47832"},"modified":"2024-12-04T16:21:08","modified_gmt":"2024-12-04T16:21:08","slug":"pour-un-leadership-feminin-en-afrique-de-louest-le-roajelf-lance-un-projet-dans-quatre-pays","status":"publish","type":"post","link":"https:\/\/dekkbi.com\/?p=47832","title":{"rendered":"Leadership f\u00e9minin en Afrique de l\u2019Ouest: Roajelf lance un projet\u00a0dans 4 pays"},"content":{"rendered":"\n<p>Promouvoir un leadership f\u00e9minin fort en Afrique. C\u2019est le sens&nbsp;du Projet d\u2019autonomisation&nbsp; et de leadership des jeunes en Afrique de l\u2019Ouest lanc\u00e9 par le Roajelf (R\u00e9seau ouest-africain des jeunes femmes leaders).&nbsp;\u00abC\u2019est un projet qui va intervenir dans quatre pays,&nbsp; le S\u00e9n\u00e9gal, le Mali, le Burkina Faso et la C\u00f4te d\u2019Ivoire, pour renforcer le leadership transformationnel des jeunes femmes et favoriser une meilleure participation politique des jeunes femmes et des jeunes dans les instances de d\u00e9cision\u00bb, a fait savoir Zippora Dione, coordonnatrice de l\u2019antenne S\u00e9n\u00e9gal du R\u00e9seau africain des femmes. D\u2019apr\u00e8s elle, le choix de&nbsp;ces pays a une raison particuli\u00e8re. \u00abNous pensons que dans la sous-r\u00e9gion ouest-africaine et dans le Sahel, la C\u00f4te d\u2019Ivoire va aller aux \u00e9lections l\u2019ann\u00e9e prochaine, le Burkina et le Mali qui sont des pays voisins, on a \u00e0 peu pr\u00e8s les m\u00eames r\u00e9alit\u00e9s sociales et culturelles. Dans le cadre de ce projet, nous avons pens\u00e9 nous mettre ensemble et travailler pour atteindre les objectifs escompt\u00e9s\u00bb, a-t-elle expliqu\u00e9.<\/p>\n\n\n\n<p>Autre but vis\u00e9 dans le cadre de ce projet, \u00abc\u2019est&nbsp;d\u2019avoir une approche o\u00f9 on va impliquer des organisations des diff\u00e9rents pays, mais \u00e9galement des minist\u00e8res sectoriels\u00bb, a-t-elle dit, tout en rappelant que&nbsp; le projet s\u2019inscrit \u00e9galement dans des objectifs qui ont \u00e9t\u00e9 trac\u00e9s, \u00e0 savoir la Strat\u00e9gie nationale de l\u2019\u00e9quit\u00e9 et du genre. \u00abLa Sneg aujourd\u2019hui vient appuyer tous les efforts de ce projet qui sont faits par les gouvernements des diff\u00e9rents pays d\u2019intervention. Donc, c\u2019est en cela que nous avons, dans le cadre de ce projet, le comit\u00e9 de pilotage sp\u00e9cifique.&nbsp; Nous avons pens\u00e9 \u00e0 int\u00e9grer les minist\u00e8res sectoriels pour solliciter leur contribution par rapport aux objectifs du projet\u00bb, a ajout\u00e9&nbsp; la coordonnatrice de l\u2019antenne S\u00e9n\u00e9gal du R\u00e9seau africain des femmes.<\/p>\n\n\n\n<p>Une d\u00e9marche dont s\u2019est r\u00e9jouie Astou Diouf Gu\u00e8ye, directrice de l\u2019Egalit\u00e9 et du genre au minist\u00e8re de la Famille et des solidarit\u00e9s. \u00abNous avons retenu que c\u2019est un projet qui f\u00e9d\u00e8re et qui contribue \u00e0 la vision de l\u2019int\u00e9gration des peuples de la Cedeao, parce que vous avez vu que&nbsp; au-del\u00e0 du S\u00e9n\u00e9gal, nous avons nos s\u0153urs du Mali, du Burkina Faso et de la C\u00f4te d\u2019Ivoire qui&nbsp; sont dans le projet. C\u2019est un projet qui vient renforcer les politiques gouvernementales en mati\u00e8re&nbsp; d\u2019autonomisation des femmes, de participation et de leadership politique, qui est venu \u00e0 son heure si vous regardez le contexte, non seulement c\u2019est venu \u00e0 un moment o\u00f9 nous avons besoin d\u2019entreprendre des actions pour am\u00e9liorer la condition des femmes, mais aussi leur donner une autonomie durable et en faire \u00e9galement des actrices enti\u00e8res et pleines&nbsp;dans les instances de d\u00e9cision\u00bb, a-t-elle d\u00e9clar\u00e9, tout en magnifiant les avanc\u00e9es que notre pays a faites dans le sens de l\u2019\u00e9quit\u00e9 et de l\u2019\u00e9galit\u00e9 de genre.<\/p>\n\n\n\n<p>\u00abQuand nous faisons l\u2019analyse comparative, nous savons que le S\u00e9n\u00e9gal est devant&nbsp;beaucoup de&nbsp;pays. On occupe la 4e place en mati\u00e8re de participation politique et de leadership politique des femmes&nbsp;au niveau africain. Nous sortons d\u2019\u00e9ch\u00e9ances \u00e9lectorales, on a not\u00e9 une tendance baissi\u00e8re, mais nous n\u2019allons pas nous focaliser seulement sur les chiffres, mais&nbsp;sur ce qu\u2019ils renseignent.&nbsp;Ils renseignent qu\u2019on a 41%&nbsp;de femmes \u00e9lues cette ann\u00e9e \u00e0 l\u2019Assembl\u00e9e nationale contre 44,3% par rapport \u00e0 la 14e L\u00e9gislature. Mais ces m\u00eames chiffres nous renseignent que nous avons 13, 4% de jeunes qui ont moins de 35 ans et qui ont fait une perc\u00e9e \u00e0 l\u2019Assembl\u00e9e, et les jeunes femmes ne sont pas en reste. Nous constatons que la benjamine de l\u2019Assembl\u00e9e nationale a 26 ans\u00bb, a-t-elle expliqu\u00e9. Avant de souligner que&nbsp; nous avons un environnement politique, institutionnel, juridique favorable \u00e0 l\u2019accomplissement&nbsp; du leadership politique des femmes.<\/p>\n\n\n\n<p>Elle ne perd pas espoir de voir cette tendance se poursuivre \u00e9galement avec l\u2019installation des organes de l\u2019Assembl\u00e9e nationale.<\/p>\n\n\n\n<p>\u00abCe qu\u2019il faudrait dire, c\u2019est dans tous les pays du monde. C\u2019est un d\u00e9fi \u00e9ternel. Ce sont des rapports de pouvoir. C\u2019est l\u00e0 que les gens comprennent que les rapports de genre sont des rapports sociaux, de pouvoir entre hommes et femmes. Ce n\u2019est pas parce que les femmes ne sont pas t\u00eate de liste&nbsp;que notre d\u00e9mocratie en souffrirait. L\u2019inverse pourrait se produire. Mais ce qui est souhaitable, c\u2019est de faire en sorte qu\u2019on ait cette parit\u00e9\u00bb, a-t-elle dit, en rappelant qu\u2019une parit\u00e9 parfaite n\u2019existe pas.<\/p>\n\n\n\n<p>L\u2019esprit du Roajelf, qui l\u2019a bien compris, est de mettre en place, \u00e0 travers ce projet, un r\u00e9seau en Afrique de l\u2019Ouest qui va permettre de\u00a0mutualiser leurs efforts et d\u00e9velopper des synergies pour intervenir au niveau de leur pays et particuli\u00e8rement au niveau des communaut\u00e9s afin de faire \u00e9merger un leadership f\u00e9minin fort.<\/p>\n\n\n\n<p><strong>Par Justin GOMIS \u2013 justin@lequotidien.sn<\/strong><\/p>\n","protected":false},"excerpt":{"rendered":"<p>Promouvoir un leadership f\u00e9minin fort en Afrique. C\u2019est le sens&nbsp;du Projet d\u2019autonomisation&nbsp; et de leadership des jeunes en Afrique de<\/p>\n","protected":false},"author":1,"featured_media":47833,"comment_status":"open","ping_status":"open","sticky":false,"template":"","format":"standard","meta":{"footnotes":""},"categories":[3],"tags":[],"class_list":["post-47832","post","type-post","status-publish","format-standard","has-post-thumbnail","hentry","category-event-more-news"],"_links":{"self":[{"href":"https:\/\/dekkbi.com\/index.php?rest_route=\/wp\/v2\/posts\/47832","targetHints":{"allow":["GET"]}}],"collection":[{"href":"https:\/\/dekkbi.com\/index.php?rest_route=\/wp\/v2\/posts"}],"about":[{"href":"https:\/\/dekkbi.com\/index.php?rest_route=\/wp\/v2\/types\/post"}],"author":[{"embeddable":true,"href":"https:\/\/dekkbi.com\/index.php?rest_route=\/wp\/v2\/users\/1"}],"replies":[{"embeddable":true,"href":"https:\/\/dekkbi.com\/index.php?rest_route=%2Fwp%2Fv2%2Fcomments&post=47832"}],"version-history":[{"count":5,"href":"https:\/\/dekkbi.com\/index.php?rest_route=\/wp\/v2\/posts\/47832\/revisions"}],"predecessor-version":[{"id":47930,"href":"https:\/\/dekkbi.com\/index.php?rest_route=\/wp\/v2\/posts\/47832\/revisions\/47930"}],"wp:featuredmedia":[{"embeddable":true,"href":"https:\/\/dekkbi.com\/index.php?rest_route=\/wp\/v2\/media\/47833"}],"wp:attachment":[{"href":"https:\/\/dekkbi.com\/index.php?rest_route=%2Fwp%2Fv2%2Fmedia&parent=47832"}],"wp:term":[{"taxonomy":"category","embeddable":true,"href":"https:\/\/dekkbi.com\/index.php?rest_route=%2Fwp%2Fv2%2Fcategories&post=47832"},{"taxonomy":"post_tag","embeddable":true,"href":"https:\/\/dekkbi.com\/index.php?rest_route=%2Fwp%2Fv2%2Ftags&post=47832"}],"curies":[{"name":"wp","href":"https:\/\/api.w.org\/{rel}","templated":true}]}}