{"id":47829,"date":"2024-12-04T10:44:26","date_gmt":"2024-12-04T10:44:26","guid":{"rendered":"https:\/\/dekkbi.com\/?p=47829"},"modified":"2024-12-04T10:44:27","modified_gmt":"2024-12-04T10:44:27","slug":"a-deux-mois-de-levenement-le-fespaco-devoile-son-visuel","status":"publish","type":"post","link":"https:\/\/dekkbi.com\/?p=47829","title":{"rendered":"A deux mois de l\u2019\u00e9v\u00e8nement : Le Fespaco d\u00e9voile son visuel"},"content":{"rendered":"\n<p>La 29e \u00e9dition du Festival panafricain du cin\u00e9ma et de la t\u00e9l\u00e9vision de Ouagadougou (Fespaco) se tient du 22 f\u00e9vrier au 1er mars 2025. En conf\u00e9rence de presse hier, la D\u00e9l\u00e9gation g\u00e9n\u00e9rale a partag\u00e9 le visuel de l\u2019\u00e9v\u00e8nement. Il s\u2019agit d\u2019un visage de femme, dans un kal\u00e9idoscope d\u2019images formant les lettres du Fespaco. <\/p>\n\n\n\n<p>Dans les lettres, un visage de femme qui se d\u00e9gage avec des motifs de tissus traditionnels imprim\u00e9s. \u00abUne femme regarde droit dans l\u2019objectif de la cam\u00e9ra, son regard \u00e0 la fois serein et d\u00e9termin\u00e9, fier et d\u00e9nu\u00e9 de complexe.\u00bb <\/p>\n\n\n\n<p>Cette inconnue est nomm\u00e9e \u00abJe suis Afrique, m\u00e8re de l\u2019humanit\u00e9\u00bb. Selon les organisateurs du Fespaco, elle incarne\u00a0la diversit\u00e9 du continent : \u00abJe suis Afrique, c\u2019est tout le monde et personne \u00e0 la fois. L\u2019Afrique, c\u2019est nous, en un pluriel infini.\u00bb \u00abJe suis Afrique\u00a0semble se cacher derri\u00e8re les lettres du mot Fespaco, tout en nous observant. Son visage, partiellement dissimul\u00e9, invite notre imagination \u00e0 combler les vides, \u00e0 construire et \u00e0 d\u00e9construire une image compl\u00e8te. Le cin\u00e9ma, c\u2019est un peu cela : un jeu entre le visible et l\u2019invisible.<\/p>\n\n\n\n<p>Un film nous d\u00e9voile une partie d\u2019une histoire, nous laissant imaginer le reste, telle une fen\u00eatre ouverte sur d\u2019infinies r\u00e9alit\u00e9s\u00bb, ajoutent les organisateurs. R\u00e9alis\u00e9 par le r\u00e9alisateur et graphiste Gideon Vink, le visuel du Fespaco 2025 traduit, selon les organisa\u00adteurs,\u00a0l\u2019id\u00e9e que le Fespaco est bien plus qu\u2019un simple festival de cin\u00e9ma. \u00abC\u2019est un v\u00e9ritable rendez-vous de la cr\u00e9ation africaine.\u00bb <\/p>\n\n\n\n<p>Selon le D\u00e9l\u00e9gu\u00e9 g\u00e9n\u00e9ral du Fespaco, Serge Moussa Sawadogo, plus de 1351 films ont \u00e9t\u00e9 re\u00e7us par les organisateurs.<\/p>\n\n\n\n<p>SOURCE LEQUOTIDIEN<\/p>\n","protected":false},"excerpt":{"rendered":"<p>La 29e \u00e9dition du Festival panafricain du cin\u00e9ma et de la t\u00e9l\u00e9vision de Ouagadougou (Fespaco) se tient du 22 f\u00e9vrier<\/p>\n","protected":false},"author":1,"featured_media":47830,"comment_status":"open","ping_status":"open","sticky":false,"template":"","format":"standard","meta":{"footnotes":""},"categories":[21],"tags":[],"class_list":["post-47829","post","type-post","status-publish","format-standard","has-post-thumbnail","hentry","category-societe"],"_links":{"self":[{"href":"https:\/\/dekkbi.com\/index.php?rest_route=\/wp\/v2\/posts\/47829","targetHints":{"allow":["GET"]}}],"collection":[{"href":"https:\/\/dekkbi.com\/index.php?rest_route=\/wp\/v2\/posts"}],"about":[{"href":"https:\/\/dekkbi.com\/index.php?rest_route=\/wp\/v2\/types\/post"}],"author":[{"embeddable":true,"href":"https:\/\/dekkbi.com\/index.php?rest_route=\/wp\/v2\/users\/1"}],"replies":[{"embeddable":true,"href":"https:\/\/dekkbi.com\/index.php?rest_route=%2Fwp%2Fv2%2Fcomments&post=47829"}],"version-history":[{"count":1,"href":"https:\/\/dekkbi.com\/index.php?rest_route=\/wp\/v2\/posts\/47829\/revisions"}],"predecessor-version":[{"id":47831,"href":"https:\/\/dekkbi.com\/index.php?rest_route=\/wp\/v2\/posts\/47829\/revisions\/47831"}],"wp:featuredmedia":[{"embeddable":true,"href":"https:\/\/dekkbi.com\/index.php?rest_route=\/wp\/v2\/media\/47830"}],"wp:attachment":[{"href":"https:\/\/dekkbi.com\/index.php?rest_route=%2Fwp%2Fv2%2Fmedia&parent=47829"}],"wp:term":[{"taxonomy":"category","embeddable":true,"href":"https:\/\/dekkbi.com\/index.php?rest_route=%2Fwp%2Fv2%2Fcategories&post=47829"},{"taxonomy":"post_tag","embeddable":true,"href":"https:\/\/dekkbi.com\/index.php?rest_route=%2Fwp%2Fv2%2Ftags&post=47829"}],"curies":[{"name":"wp","href":"https:\/\/api.w.org\/{rel}","templated":true}]}}