{"id":47823,"date":"2024-12-04T10:37:17","date_gmt":"2024-12-04T10:37:17","guid":{"rendered":"https:\/\/dekkbi.com\/?p=47823"},"modified":"2024-12-04T12:09:12","modified_gmt":"2024-12-04T12:09:12","slug":"graves-revelations-au-pamecas-le-vice-president-du-conseil-dadministration-porte-plainte-contre-la-presidente","status":"publish","type":"post","link":"https:\/\/dekkbi.com\/?p=47823","title":{"rendered":"PAMECAS : Le vice pr\u00e9sident du Conseil d\u2019administration porte plainte contre la Pr\u00e9sidente"},"content":{"rendered":"\n<h3 class=\"wp-block-heading\">Dans une requ\u00eate pour coups et blessures volontaires d\u00e9pos\u00e9e \u00e0 la police, A Sarr accuse la pr\u00e9sident du Conseil d\u2019administration \u2013Pca, N S Tall de l\u2019avoir agress\u00e9. Selon le quotidien Tribune qui livre l\u2019info, il informe que cela fait suite \u00e0 une lettre d\u00e9pos\u00e9e \u00e0 la direction g\u00e9n\u00e9rale visant des \u00e9claircissements sur certains choses.<\/h3>\n\n\n\n<p>R\u00e9dig\u00e9 par leral.net &#8211; C\u2019est le cas sur le Car Plan pour l\u2019 achat de v\u00e9hicules d\u2019un montant de 1.200.000.000 (un milliard deux cent millions ). A. Sarr de renseigner que celui qui a \u00e9t\u00e9 choisi \u00e0 une dette de 3.000.000.000 trois milliards en souffrance \u00e0 Pamecas.<\/p>\n\n\n\n<p>Malgr\u00e9, son dossier est pass\u00e9 devant celui de Cfao et Caetano qui sont des soci\u00e9t\u00e9s reconnues dans le domaine. Il a aussi fait savoir que des \u00e9claircissements ont \u00e9t\u00e9 aussi demand\u00e9s sur la panne informatique qui a dur\u00e9 un mois et demi, notamment sur son origine afin d\u2019\u00e9valuer l\u2019ampleur des d\u00e9bats et v\u00e9rifier s\u2019il y\u2019 a d\u00e9tournements ou pas. Des \u00e9claircissements ont \u00e9t\u00e9 \u00e9galement r\u00e9clam\u00e9s sur l\u2019argent financ\u00e9 par une institution \u00e9trang\u00e8re, l\u2019augmentation ill\u00e9gale de salaires, les provisions pour cette ann\u00e9e entre autres.<\/p>\n\n\n\n<p>Dans sa plainte d\u00e9pos\u00e9e au commissariat du Point E, le vice Pca de Pamecas d\u00e9clare avoir \u00e9t\u00e9 victime de coups port\u00e9s sur lui par la Pca. Autrement dit, c\u2019est une plainte pour coups et blessures volontaires que le vice Pca A Sarr a d\u00e9pos\u00e9 contre la Pca N S Tall.<\/p>\n\n\n\n<p>La requ\u00eate est accompagn\u00e9e d\u2019un certificat m\u00e9dical. Ils ont tous \u00e9t\u00e9 entendus \u00e0 la police.<br><\/p>\n\n\n\n<p><a href=\"https:\/\/www.leral.net\/author\/Fata-Michel-Dieye\/\">MD<\/a><\/p>\n","protected":false},"excerpt":{"rendered":"<p>Dans une requ\u00eate pour coups et blessures volontaires d\u00e9pos\u00e9e \u00e0 la police, A Sarr accuse la pr\u00e9sident du Conseil d\u2019administration<\/p>\n","protected":false},"author":1,"featured_media":47824,"comment_status":"open","ping_status":"open","sticky":false,"template":"","format":"standard","meta":{"footnotes":""},"categories":[26],"tags":[],"class_list":["post-47823","post","type-post","status-publish","format-standard","has-post-thumbnail","hentry","category-fait-divers"],"_links":{"self":[{"href":"https:\/\/dekkbi.com\/index.php?rest_route=\/wp\/v2\/posts\/47823","targetHints":{"allow":["GET"]}}],"collection":[{"href":"https:\/\/dekkbi.com\/index.php?rest_route=\/wp\/v2\/posts"}],"about":[{"href":"https:\/\/dekkbi.com\/index.php?rest_route=\/wp\/v2\/types\/post"}],"author":[{"embeddable":true,"href":"https:\/\/dekkbi.com\/index.php?rest_route=\/wp\/v2\/users\/1"}],"replies":[{"embeddable":true,"href":"https:\/\/dekkbi.com\/index.php?rest_route=%2Fwp%2Fv2%2Fcomments&post=47823"}],"version-history":[{"count":2,"href":"https:\/\/dekkbi.com\/index.php?rest_route=\/wp\/v2\/posts\/47823\/revisions"}],"predecessor-version":[{"id":47882,"href":"https:\/\/dekkbi.com\/index.php?rest_route=\/wp\/v2\/posts\/47823\/revisions\/47882"}],"wp:featuredmedia":[{"embeddable":true,"href":"https:\/\/dekkbi.com\/index.php?rest_route=\/wp\/v2\/media\/47824"}],"wp:attachment":[{"href":"https:\/\/dekkbi.com\/index.php?rest_route=%2Fwp%2Fv2%2Fmedia&parent=47823"}],"wp:term":[{"taxonomy":"category","embeddable":true,"href":"https:\/\/dekkbi.com\/index.php?rest_route=%2Fwp%2Fv2%2Fcategories&post=47823"},{"taxonomy":"post_tag","embeddable":true,"href":"https:\/\/dekkbi.com\/index.php?rest_route=%2Fwp%2Fv2%2Ftags&post=47823"}],"curies":[{"name":"wp","href":"https:\/\/api.w.org\/{rel}","templated":true}]}}