{"id":47818,"date":"2024-12-04T10:32:45","date_gmt":"2024-12-04T10:32:45","guid":{"rendered":"https:\/\/dekkbi.com\/?p=47818"},"modified":"2024-12-04T11:05:54","modified_gmt":"2024-12-04T11:05:54","slug":"liste-provisoire-des-medias-mnf-met-en-garde-le-cored","status":"publish","type":"post","link":"https:\/\/dekkbi.com\/?p=47818","title":{"rendered":"Liste provisoire des m\u00e9dias: MNF met en garde CORED"},"content":{"rendered":"\n<p>La publication de la liste provisoire des m\u00e9dias conformes au code de la presse par le minist\u00e8re de la Communication, des T\u00e9l\u00e9communications et du Num\u00e9rique continue de provoquer des remous. Si l\u2019objectif affich\u00e9 de cette d\u00e9marche est de r\u00e9guler le secteur, elle est loin de faire l\u2019unanimit\u00e9. Parmi les voix critiques, celle de Ma\u00efmouna Ndour Faye, directrice de la cha\u00eene 7TV, se fait entendre avec force.<\/p>\n\n\n\n<p>En conf\u00e9rence de presse, Ma\u00efmouna Ndour Faye a vivement d\u00e9nonc\u00e9 le r\u00f4le du CORED (Conseil pour l\u2019observation des r\u00e8gles d\u2019\u00e9thique et de d\u00e9ontologie dans les m\u00e9dias) et de son pr\u00e9sident Mamadou Thior. Elle leur reproche une gestion qu\u2019elle qualifie de \u00ab partiale \u00bb et \u00ab opaque \u00bb dans l\u2019accompagnement dans ce processus. Selon elle, le CORED, en tant qu\u2019organe de r\u00e9gulation d\u00e9ontologique, n\u2019a pas suffisamment pris en compte la diversit\u00e9 des r\u00e9alit\u00e9s des entreprises de presse, ce qui aurait conduit \u00e0 des exclusions injustifi\u00e9es.<\/p>\n\n\n\n<p>\u00ab Comment peut-on pr\u00e9tendre \u00e9tablir une liste conforme \u00e0 la r\u00e9glementation sans consultation \u00e9largie de l\u2019ensemble des acteurs concern\u00e9s ? \u00bb s\u2019est-elle interrog\u00e9e, avant d\u2019ajouter : \u00ab Ce processus risque de fragiliser davantage le paysage m\u00e9diatique d\u00e9j\u00e0 confront\u00e9 \u00e0 de multiples d\u00e9fis. \u00bb<\/p>\n\n\n\n<p>Pour la directrice de la 7TV, le minist\u00e8re et le CORED auraient d\u00fb adopter une approche plus inclusive et transparente<\/p>\n","protected":false},"excerpt":{"rendered":"<p>La publication de la liste provisoire des m\u00e9dias conformes au code de la presse par le minist\u00e8re de la Communication,<\/p>\n","protected":false},"author":1,"featured_media":47820,"comment_status":"open","ping_status":"open","sticky":false,"template":"","format":"standard","meta":{"footnotes":""},"categories":[26],"tags":[],"class_list":["post-47818","post","type-post","status-publish","format-standard","has-post-thumbnail","hentry","category-fait-divers"],"_links":{"self":[{"href":"https:\/\/dekkbi.com\/index.php?rest_route=\/wp\/v2\/posts\/47818","targetHints":{"allow":["GET"]}}],"collection":[{"href":"https:\/\/dekkbi.com\/index.php?rest_route=\/wp\/v2\/posts"}],"about":[{"href":"https:\/\/dekkbi.com\/index.php?rest_route=\/wp\/v2\/types\/post"}],"author":[{"embeddable":true,"href":"https:\/\/dekkbi.com\/index.php?rest_route=\/wp\/v2\/users\/1"}],"replies":[{"embeddable":true,"href":"https:\/\/dekkbi.com\/index.php?rest_route=%2Fwp%2Fv2%2Fcomments&post=47818"}],"version-history":[{"count":4,"href":"https:\/\/dekkbi.com\/index.php?rest_route=\/wp\/v2\/posts\/47818\/revisions"}],"predecessor-version":[{"id":47853,"href":"https:\/\/dekkbi.com\/index.php?rest_route=\/wp\/v2\/posts\/47818\/revisions\/47853"}],"wp:featuredmedia":[{"embeddable":true,"href":"https:\/\/dekkbi.com\/index.php?rest_route=\/wp\/v2\/media\/47820"}],"wp:attachment":[{"href":"https:\/\/dekkbi.com\/index.php?rest_route=%2Fwp%2Fv2%2Fmedia&parent=47818"}],"wp:term":[{"taxonomy":"category","embeddable":true,"href":"https:\/\/dekkbi.com\/index.php?rest_route=%2Fwp%2Fv2%2Fcategories&post=47818"},{"taxonomy":"post_tag","embeddable":true,"href":"https:\/\/dekkbi.com\/index.php?rest_route=%2Fwp%2Fv2%2Ftags&post=47818"}],"curies":[{"name":"wp","href":"https:\/\/api.w.org\/{rel}","templated":true}]}}