{"id":47816,"date":"2024-12-04T10:17:44","date_gmt":"2024-12-04T10:17:44","guid":{"rendered":"https:\/\/dekkbi.com\/?p=47816"},"modified":"2024-12-04T13:19:43","modified_gmt":"2024-12-04T13:19:43","slug":"ousmane-sonko-demande-au-secretaire-general-du-gouvernement-de-satteler-a-la-finalisation-de-la-dpg","status":"publish","type":"post","link":"https:\/\/dekkbi.com\/?p=47816","title":{"rendered":"Ousmane Sonko demande au secr\u00e9taire g\u00e9n\u00e9ral du gouvernement de s\u2019atteler \u00e0 la \u00ab\u00a0finalisation\u00a0\u00bb de la DPG"},"content":{"rendered":"\n<p>Dakar, (APS) \u2013 Le Premier ministre a demand\u00e9 au ministre, secr\u00e9taire g\u00e9n\u00e9ral du gouvernement, de s\u2019atteler \u00e0 la \u00ab\u00a0finalisation\u00a0\u00bb de la d\u00e9claration de politique g\u00e9n\u00e9rale (DPG) qu\u2019il va faire \u00ab\u00a0dans les plus brefs d\u00e9lais\u00a0\u00bb devant les d\u00e9put\u00e9s de la nouvelle l\u00e9gislature.<\/p>\n\n\n\n<p>\u00ab&nbsp;Le Premier ministre a demand\u00e9 au ministre, secr\u00e9taire g\u00e9n\u00e9ral du gouvernement, de coordonner les travaux de finalisation de sa d\u00e9claration de politique g\u00e9n\u00e9rale, qu\u2019il compte [faire] dans les plus brefs d\u00e9lais devant la nouvelle [l\u00e9gislature]\u2019\u2019, affirme le communiqu\u00e9 du Conseil des ministres de ce mardi 3 d\u00e9cembre.<\/p>\n\n\n\n<p>Il ajoute que \u00ab&nbsp;le Premier ministre a exhort\u00e9 les ministres \u00e0 engager l\u2019ann\u00e9e budg\u00e9taire 2025 en accordant une priorit\u00e9 aux dossiers les plus urgents&nbsp;\u00bb.<\/p>\n\n\n\n<p>\u00ab&nbsp;\u00c0 cet effet, poursuit le communiqu\u00e9 du Conseil des ministres, [il est demand\u00e9 \u00e0] chaque minist\u00e8re d\u2019\u00e9laborer un plan d\u2019action pour le premier semestre 2025&nbsp;\u00bb.<\/p>\n\n\n\n<p>\u00ab&nbsp;Le Premier ministre a rappel\u00e9 aux membres du gouvernement l\u2019importance \u00e0 accorder \u00e0 une parfaite planification des grandes \u00e9ch\u00e9ances du programme de travail de leurs d\u00e9partements minist\u00e9riels respectifs&nbsp;\u00bb, est-il \u00e9crit dans le compte rendu de la r\u00e9union du gouvernement.<\/p>\n\n\n\n<p>ESF\/MTN<\/p>\n","protected":false},"excerpt":{"rendered":"<p>Dakar, (APS) \u2013 Le Premier ministre a demand\u00e9 au ministre, secr\u00e9taire g\u00e9n\u00e9ral du gouvernement, de s\u2019atteler \u00e0 la \u00ab\u00a0finalisation\u00a0\u00bb de<\/p>\n","protected":false},"author":1,"featured_media":47925,"comment_status":"open","ping_status":"open","sticky":false,"template":"","format":"standard","meta":{"footnotes":""},"categories":[6],"tags":[],"class_list":["post-47816","post","type-post","status-publish","format-standard","has-post-thumbnail","hentry","category-politics"],"_links":{"self":[{"href":"https:\/\/dekkbi.com\/index.php?rest_route=\/wp\/v2\/posts\/47816","targetHints":{"allow":["GET"]}}],"collection":[{"href":"https:\/\/dekkbi.com\/index.php?rest_route=\/wp\/v2\/posts"}],"about":[{"href":"https:\/\/dekkbi.com\/index.php?rest_route=\/wp\/v2\/types\/post"}],"author":[{"embeddable":true,"href":"https:\/\/dekkbi.com\/index.php?rest_route=\/wp\/v2\/users\/1"}],"replies":[{"embeddable":true,"href":"https:\/\/dekkbi.com\/index.php?rest_route=%2Fwp%2Fv2%2Fcomments&post=47816"}],"version-history":[{"count":1,"href":"https:\/\/dekkbi.com\/index.php?rest_route=\/wp\/v2\/posts\/47816\/revisions"}],"predecessor-version":[{"id":47817,"href":"https:\/\/dekkbi.com\/index.php?rest_route=\/wp\/v2\/posts\/47816\/revisions\/47817"}],"wp:featuredmedia":[{"embeddable":true,"href":"https:\/\/dekkbi.com\/index.php?rest_route=\/wp\/v2\/media\/47925"}],"wp:attachment":[{"href":"https:\/\/dekkbi.com\/index.php?rest_route=%2Fwp%2Fv2%2Fmedia&parent=47816"}],"wp:term":[{"taxonomy":"category","embeddable":true,"href":"https:\/\/dekkbi.com\/index.php?rest_route=%2Fwp%2Fv2%2Fcategories&post=47816"},{"taxonomy":"post_tag","embeddable":true,"href":"https:\/\/dekkbi.com\/index.php?rest_route=%2Fwp%2Fv2%2Ftags&post=47816"}],"curies":[{"name":"wp","href":"https:\/\/api.w.org\/{rel}","templated":true}]}}