{"id":4780,"date":"2022-12-14T10:46:01","date_gmt":"2022-12-14T10:46:01","guid":{"rendered":"https:\/\/dekkbi.com\/?p=4780"},"modified":"2022-12-14T10:46:02","modified_gmt":"2022-12-14T10:46:02","slug":"patrimoine-culturel-immateriel-lunesco-retire-la-ducasse-dath-de-la-liste","status":"publish","type":"post","link":"https:\/\/dekkbi.com\/?p=4780","title":{"rendered":"Patrimoine culturel immat\u00e9riel : L\u2019Unesco retire la Ducasse d\u2019Ath de la liste"},"content":{"rendered":"\n<p><\/p>\n\n\n\n<p>L\u2019Unesco a pris la d\u00e9cision de retirer la Ducasse d\u2019Ath de sa liste du patrimoine culturel immat\u00e9riel de l\u2019humanit\u00e9. La d\u00e9cision a \u00e9t\u00e9 prise au cours de la 17e session du Comit\u00e9 du patrimoine immat\u00e9riel de l\u2019Unesco. Cette d\u00e9cision est une surprise car initialement, l\u2019Unesco comptait donner un an pour prendre cette \u00e9ventuelle d\u00e9cision au cours de la prochaine session pr\u00e9vue en novembre\/d\u00e9cembre 2023. La Ducasse d\u2019Ath \u00e9tait reconnue comme patrimoine immat\u00e9riel de l\u2019Unesco depuis 2005. Les d\u00e9bats se sont acc\u00e9l\u00e9r\u00e9s ce matin (ce vendredi) au cours de cette session, sur une demande de nombreux pays africains tels que le Botswana. La Belgique s\u2019est aussi positionn\u00e9e en fa\u00adveur du retrait de la Ducasse d\u2019Ath de cette liste. La d\u00e9cision a \u00e9t\u00e9 prise \u00e0 l\u2019unanimit\u00e9. La Belgique a \u00e9t\u00e9 applaudie par les diff\u00e9rents pays membres. Cette d\u00e9cision provient de la pol\u00e9mique entourant la pr\u00e9sence du personnage du sauvage dans cette Ducasse. Plusieurs associations antiracistes s\u2019\u00e9taient vivement mobilis\u00e9es \u00e0 ce sujet. Depuis 2019, plusieurs plaintes ont \u00e9t\u00e9 d\u00e9pos\u00e9es aupr\u00e8s d\u2019Unia (le centre interf\u00e9d\u00e9ral pour l\u2019\u00e9galit\u00e9 des chances), la F\u00e9d\u00e9ration Wallonie-Bruxelles et l\u2019Unesco. Les autorit\u00e9s communales ont entrepris une s\u00e9rie de d\u00e9marches d\u2019\u00e9changes et de sensibilisation. En mars 2022, un site internet a \u00e9t\u00e9 mis en ligne pour informer le grand public de la probl\u00e9matique et de le tenir au courant des diff\u00e9rentes actions entreprises.<\/p>\n\n\n\n<p>La Ville d\u2019Ath elle-m\u00eame avait mis en place une commission citoyenne du folklore compos\u00e9e d\u2019une soixantaine de personnes. \u00abL\u2019id\u00e9e est de tourner la page. On ne veut pas chaque ann\u00e9e, au moment de la Ducasse, revenir avec cette probl\u00e9matique\u00bb, expliquait Bruno Lefebvre, le bourgmestre d\u2019Ath. Le r\u00f4le de la commission \u00e9tait donc de trancher si oui ou non le sauvage a sa place dans le cort\u00e8ge, et le cas \u00e9ch\u00e9ant, de quitter volontairement la liste du patrimoine culturel immat\u00e9riel de l\u2019humanit\u00e9. Avec cette d\u00e9cision, l\u2019Unesco coupe l\u2019herbe sous le pied \u00e0 la Ville d\u2019Ath, ne lui laissant plus la possibilit\u00e9 de d\u00e9cider elle-m\u00eame son retrait ou non de la Ducasse de cette liste. Le Comit\u00e9 du patrimoine immat\u00e9riel de l\u2019Unesco exprime, malgr\u00e9 le retrait de la Ducasse de la liste, le souhait que la Ville d\u2019Ath retire le personnage du sauvage de sa Ducasse, en vue ou non de reproposer \u00e0 l\u2019avenir la candidature de la Ducasse \u00e0 cette liste. Des citoyens et associations demandent depuis plusieurs ann\u00e9es, le retrait du personnage de la parade. L\u2019organisation Bruxelles Pan\u00adth\u00e8res avait d\u2019ailleurs envoy\u00e9 un premier courrier \u00e0 l\u2019Unesco en 2019 afin de d\u00e9noncer l\u2019existence du Sauvage en raison de l\u2019usage du blackface. Car le Sauvage est incarn\u00e9 par une personne grim\u00e9e en noir, avec des cha\u00eenes aux poignets et un anneau dans le nez. Et dans leur d\u00e9cision, les membres du Comit\u00e9 de l\u2019Unesco ont motiv\u00e9 le retrait par la pr\u00e9sence dans le cort\u00e8ge de la Ducasse d\u2019Ath \u00abd\u2019un personnage noir encha\u00een\u00e9 appel\u00e9 \u00able Sauvage\u00bb traduisant un caract\u00e8re raciste et discriminatoire en contradiction avec les principes fondateurs de l\u2019Unesco et avec l\u2019exigence d\u2019un respect mutuel pr\u00e9vue dans l\u2019article 2 de la Convention\u00bb.<br><strong>Avec Rtbf<\/strong><\/p>\n","protected":false},"excerpt":{"rendered":"<p>L\u2019Unesco a pris la d\u00e9cision de retirer la Ducasse d\u2019Ath de sa liste du patrimoine culturel immat\u00e9riel de l\u2019humanit\u00e9. La<\/p>\n","protected":false},"author":1,"featured_media":4781,"comment_status":"open","ping_status":"open","sticky":false,"template":"","format":"standard","meta":{"footnotes":""},"categories":[51],"tags":[],"class_list":["post-4780","post","type-post","status-publish","format-standard","has-post-thumbnail","hentry","category-general"],"_links":{"self":[{"href":"https:\/\/dekkbi.com\/index.php?rest_route=\/wp\/v2\/posts\/4780","targetHints":{"allow":["GET"]}}],"collection":[{"href":"https:\/\/dekkbi.com\/index.php?rest_route=\/wp\/v2\/posts"}],"about":[{"href":"https:\/\/dekkbi.com\/index.php?rest_route=\/wp\/v2\/types\/post"}],"author":[{"embeddable":true,"href":"https:\/\/dekkbi.com\/index.php?rest_route=\/wp\/v2\/users\/1"}],"replies":[{"embeddable":true,"href":"https:\/\/dekkbi.com\/index.php?rest_route=%2Fwp%2Fv2%2Fcomments&post=4780"}],"version-history":[{"count":1,"href":"https:\/\/dekkbi.com\/index.php?rest_route=\/wp\/v2\/posts\/4780\/revisions"}],"predecessor-version":[{"id":4782,"href":"https:\/\/dekkbi.com\/index.php?rest_route=\/wp\/v2\/posts\/4780\/revisions\/4782"}],"wp:featuredmedia":[{"embeddable":true,"href":"https:\/\/dekkbi.com\/index.php?rest_route=\/wp\/v2\/media\/4781"}],"wp:attachment":[{"href":"https:\/\/dekkbi.com\/index.php?rest_route=%2Fwp%2Fv2%2Fmedia&parent=4780"}],"wp:term":[{"taxonomy":"category","embeddable":true,"href":"https:\/\/dekkbi.com\/index.php?rest_route=%2Fwp%2Fv2%2Fcategories&post=4780"},{"taxonomy":"post_tag","embeddable":true,"href":"https:\/\/dekkbi.com\/index.php?rest_route=%2Fwp%2Fv2%2Ftags&post=4780"}],"curies":[{"name":"wp","href":"https:\/\/api.w.org\/{rel}","templated":true}]}}