{"id":47788,"date":"2024-12-03T11:47:45","date_gmt":"2024-12-03T11:47:45","guid":{"rendered":"https:\/\/dekkbi.com\/?p=47788"},"modified":"2024-12-03T11:48:48","modified_gmt":"2024-12-03T11:48:48","slug":"macron-poursuit-sa-visite-detat-en-arabie-avec-un-volet-economique","status":"publish","type":"post","link":"https:\/\/dekkbi.com\/?p=47788","title":{"rendered":"Emmanuel Macron poursuit sa visite d&rsquo;Etat en Arabie avec un volet \u00e9conomique"},"content":{"rendered":"\n<p>Par Val\u00e9rie LEROUX \u00a9 2024 AFP &#8211; Emmanuel Macron poursuit mardi sa visite d&rsquo;Etat en Arabie saoudite, loin de la crise politique qui secoue la France, avec un important volet \u00e9conomique, apr\u00e8s la signature la veille d&rsquo;un partenariat strat\u00e9gique entre les deux pays.<\/p>\n\n\n\n<p>Une visite dans le nouveau m\u00e9tro a\u00e9rien de Ryad, pr\u00e9vue en d\u00e9but de journ\u00e9e, a toutefois \u00e9t\u00e9 annul\u00e9e en raison de l&rsquo;absence du PDG d&rsquo;Alstom, un des principaux groupes fran\u00e7ais associ\u00e9s \u00e0 sa r\u00e9alisation, a indiqu\u00e9 l&rsquo;Elys\u00e9e. Le pr\u00e9sident fran\u00e7ais s&rsquo;est fait repr\u00e9senter \u00e0 cette s\u00e9quence par le chef de la diplomatie Jean-No\u00ebl Barrot.<\/p>\n\n\n\n<p>Emmanuel Macron s&rsquo;est directement rendu \u00e0 une session des One Planet Sovereign Wealth Funds (OPSWF), qui r\u00e9unit des fonds souverains sur le changement climatique, avant un programme culturel dans le fief historique de la dynastie des Saoud, pr\u00e8s de Ryad, hors presse.<\/p>\n\n\n\n<p>Arriv\u00e9 lundi soir \u00e0 Ryad alors qu&rsquo;une censure du gouvernement devenait quasi-in\u00e9luctable \u00e0 Paris, le pr\u00e9sident fran\u00e7ais a rejoint le Palais royal sans dire un mot de l&#8217;emballement politique \u00e0 6.000 kilom\u00e8tres de l\u00e0.<\/p>\n\n\n\n<p>La solennit\u00e9 de la c\u00e9r\u00e9monie d&rsquo;accueil et l&rsquo;entretien en t\u00eate-\u00e0-t\u00eate avec le prince h\u00e9ritier et dirigeant de facto du pays Mohammed ben Salmane (\u00ab\u00a0MBS\u00a0\u00bb) ont en miroir paru aux antipodes de l&rsquo;instabilit\u00e9 qui agite de nouveau la France.<\/p>\n\n\n\n<p>Les deux dirigeants ont sign\u00e9 un partenariat strat\u00e9gique avec l&rsquo;ambition de \u00ab\u00a0multiplier les coop\u00e9rations dans tous les domaines\u00a0\u00bb, de la d\u00e9fense \u00e0 la transition \u00e9cologique et la culture.<\/p>\n\n\n\n<p>Ils ont aussi \u00ab\u00a0convenus de fournir tous les efforts pour contribuer \u00e0 la d\u00e9sescalade\u00a0\u00bb au Moyen-Orient, selon l&rsquo;Elys\u00e9e. Ils ont notamment appel\u00e9 \u00e0 l&rsquo;\u00e9lection d&rsquo;un pr\u00e9sident au Liban &#8211; dont le pays est priv\u00e9 depuis plus de deux ans &#8211; apr\u00e8s l&rsquo;entr\u00e9e en vigueur d&rsquo;une tr\u00eave le 27 novembre entre Isra\u00ebl et le mouvement pro-iranien Hezbollah.<\/p>\n\n\n\n<h2 class=\"wp-block-heading\">\u00ab\u00a0Incontournable\u00a0\u00bb<\/h2>\n\n\n\n<p>Apr\u00e8s cette s\u00e9quence politique lundi, place au business: Emmanuel Macron cl\u00f4turera dans l&rsquo;apr\u00e8s-midi un forum d&rsquo;affaires franco-saoudien, l&rsquo;occasion de lancer des partenariats dans l&rsquo;\u00e9conomie du futur, des \u00e9nergies renouvelables \u00e0 l&rsquo;intelligence artificielle.<\/p>\n\n\n\n<p>\u00ab\u00a0Notre souhait, c&rsquo;est de pouvoir, \u00e0 travers cette visite, consolider la place de la France comme un partenaire incontournable et fiable pour l&rsquo;Arabie saoudite dans tous les domaines de son d\u00e9veloppement\u00a0\u00bb, souligne l&rsquo;Elys\u00e9e.<\/p>\n\n\n\n<figure class=\"wp-block-image\"><img decoding=\"async\" src=\"https:\/\/information.tv5monde.com\/sites\/tv5-info\/files\/styles\/entete\/public\/2024-12\/field_media_image-2883527-8ee625f3177f55557468ca3741142fd3ec4fbfa1.jpg?itok=J-fC8Uhz\" alt=\"Le pr\u00e9sident fran\u00e7ais Emmanuel Macron (g) rencontre le prince h\u00e9ritier d'Arabie saoudite Mohammed ben Salmane lors d'une visite officielle \u00e0 Riyad, le 2 d\u00e9cembre 2024\" title=\"Le pr\u00e9sident fran\u00e7ais Emmanuel Macron (g) rencontre le prince h\u00e9ritier d'Arabie saoudite Mohammed ben Salmane lors d'une visite officielle \u00e0 Riyad, le 2 d\u00e9cembre 2024\"\/><\/figure>\n\n\n\n<p>Le pr\u00e9sident fran\u00e7ais Emmanuel Macron (g) rencontre le prince h\u00e9ritier d&rsquo;Arabie saoudite Mohammed ben Salmane lors d&rsquo;une visite officielle \u00e0 Riyad, le 2 d\u00e9cembre 2024  &#8211; POOL\/AFP  Ludovic MARIN<\/p>\n\n\n\n<p>Le royaume s&rsquo;est engag\u00e9 sous la houlette de son jeune dirigeant dans une profonde modernisation \u00e9conomique et sociale, intitul\u00e9e \u00ab\u00a0Vision 2030\u00a0\u00bb, \u00e0 grand renfort d&rsquo;investissements.<\/p>\n\n\n\n<p>Le chef de l&rsquo;Etat fran\u00e7ais est accompagn\u00e9 d&rsquo;une cinquantaine de patrons de grands groupes fran\u00e7ais (Total, EDF, Veolia&#8230;) et de start-up (Pasqal, Alan, Mistral&#8230;) embl\u00e9matiques de l&rsquo;\u00e9conomie du futur.<\/p>\n\n\n\n<p>Plusieurs contrats et d\u00e9clarations d&rsquo;intention doivent \u00eatre sign\u00e9s, portant notamment sur le d\u00e9veloppement des \u00e9nergies renouvelables alors que l&rsquo;Arabie saoudite, premier exportateur de brut mondial, acc\u00e9l\u00e8re sa diversification.<\/p>\n\n\n\n<p>Les dirigeants des groupes de d\u00e9fense Dassault, Thales et Naval Group seront \u00e9galement pr\u00e9sents.<\/p>\n\n\n\n<p>Le royaume, qui accueillera l&rsquo;Expo universelle en 2030 et le Mondial-2034 de foot entend aussi acc\u00e9l\u00e9rer son ouverture au monde en modernisant au passage son image.<\/p>\n\n\n\n<p>La France, forte de la r\u00e9ussite des Jeux olympiques de Paris, esp\u00e8re pouvoir apporter son expertise dans l&rsquo;organisation de ces \u00e9v\u00e9nements.<\/p>\n\n\n\n<h2 class=\"wp-block-heading\">Droits humains<\/h2>\n\n\n\n<p>Elle est aussi un partenaire privil\u00e9gi\u00e9 dans la mise en valeur du patrimoine arch\u00e9ologique d&rsquo;Al-Ula, pr\u00e8s de M\u00e9dine (nord-ouest), dont le royaume entend faire un site touristique phare du Moyen-Orient et o\u00f9 le pr\u00e9sident terminera sa visite mercredi.<\/p>\n\n\n\n<p>MBS, un temps paria apr\u00e8s l&rsquo;assassinat du journaliste saoudien Jamal Khashoggi en Turquie en 2018, est revenu depuis au centre du jeu sur la sc\u00e8ne internationale, \u00e9changeant avec P\u00e9kin comme Moscou et sur le point de retrouver un alli\u00e9 de poids en la personne de Donald Trump \u00e0 Washington.<\/p>\n\n\n\n<p>Emmanuel Macron, l&rsquo;un des premiers \u00e0 lui avoir rendu visite quand il \u00e9tait encore ostracis\u00e9, esp\u00e8re aussi renforcer sa relation avec lui. Les deux dirigeants se retrouveront d&rsquo;ailleurs pour un d\u00eener en t\u00eate-\u00e0-t\u00eate mardi.<\/p>\n\n\n\n<p>Les droits humains restent n\u00e9anmoins un point noir du jeune dirigeant, entre r\u00e9pression des dissidents et fr\u00e9quentes ex\u00e9cutions.<\/p>\n\n\n\n<p>\u00ab\u00a0L&rsquo;excellence de notre relation nous permet d&rsquo;aborder tous les sujets, y compris ceux-ci\u00a0\u00bb, assure de son c\u00f4t\u00e9 l&rsquo;Elys\u00e9e, sans pr\u00e9ciser si la question a \u00e9t\u00e9 abord\u00e9e.<\/p>\n\n\n\n<p>Le pr\u00e9sident fran\u00e7ais, qui souhaite aussi associer l&rsquo;Arabie \u00e0 ses engagements sur les grands enjeux globaux, co-pr\u00e9sidera par ailleurs un sommet d\u00e9di\u00e9 \u00e0 la gestion durable de l&rsquo;eau, le One Water Summit, en marge de la COP16 d\u00e9sertification, mardi \u00e0 Ryad.<\/p>\n","protected":false},"excerpt":{"rendered":"<p>Par Val\u00e9rie LEROUX \u00a9 2024 AFP &#8211; Emmanuel Macron poursuit mardi sa visite d&rsquo;Etat en Arabie saoudite, loin de la<\/p>\n","protected":false},"author":1,"featured_media":47789,"comment_status":"open","ping_status":"open","sticky":false,"template":"","format":"standard","meta":{"footnotes":""},"categories":[51],"tags":[],"class_list":["post-47788","post","type-post","status-publish","format-standard","has-post-thumbnail","hentry","category-general"],"_links":{"self":[{"href":"https:\/\/dekkbi.com\/index.php?rest_route=\/wp\/v2\/posts\/47788","targetHints":{"allow":["GET"]}}],"collection":[{"href":"https:\/\/dekkbi.com\/index.php?rest_route=\/wp\/v2\/posts"}],"about":[{"href":"https:\/\/dekkbi.com\/index.php?rest_route=\/wp\/v2\/types\/post"}],"author":[{"embeddable":true,"href":"https:\/\/dekkbi.com\/index.php?rest_route=\/wp\/v2\/users\/1"}],"replies":[{"embeddable":true,"href":"https:\/\/dekkbi.com\/index.php?rest_route=%2Fwp%2Fv2%2Fcomments&post=47788"}],"version-history":[{"count":2,"href":"https:\/\/dekkbi.com\/index.php?rest_route=\/wp\/v2\/posts\/47788\/revisions"}],"predecessor-version":[{"id":47791,"href":"https:\/\/dekkbi.com\/index.php?rest_route=\/wp\/v2\/posts\/47788\/revisions\/47791"}],"wp:featuredmedia":[{"embeddable":true,"href":"https:\/\/dekkbi.com\/index.php?rest_route=\/wp\/v2\/media\/47789"}],"wp:attachment":[{"href":"https:\/\/dekkbi.com\/index.php?rest_route=%2Fwp%2Fv2%2Fmedia&parent=47788"}],"wp:term":[{"taxonomy":"category","embeddable":true,"href":"https:\/\/dekkbi.com\/index.php?rest_route=%2Fwp%2Fv2%2Fcategories&post=47788"},{"taxonomy":"post_tag","embeddable":true,"href":"https:\/\/dekkbi.com\/index.php?rest_route=%2Fwp%2Fv2%2Ftags&post=47788"}],"curies":[{"name":"wp","href":"https:\/\/api.w.org\/{rel}","templated":true}]}}