{"id":47777,"date":"2024-12-03T11:38:11","date_gmt":"2024-12-03T11:38:11","guid":{"rendered":"https:\/\/dekkbi.com\/?p=47777"},"modified":"2024-12-03T11:40:18","modified_gmt":"2024-12-03T11:40:18","slug":"le-11-africain-de-la-semaine-du-26-novembre-au-3-decembre","status":"publish","type":"post","link":"https:\/\/dekkbi.com\/?p=47777","title":{"rendered":"Le 11 africain de la semaine"},"content":{"rendered":"\n<p>D\u00e9couvrez chaque semaine une s\u00e9lection des 11 meilleurs joueurs africains \u00e9voluant dans les principaux championnats de football europ\u00e9ens. Ce mardi, c&rsquo;est Ngal&rsquo;ayel Mukau, le milieu de terrain congolais de Lille, qui occupe la t\u00eate d&rsquo;affiche.<\/p>\n\n\n\n<h2 class=\"wp-block-heading\">LE JOUEUR DE LA SEMAINE du 26 novembre au 3 d\u00e9cembre<\/h2>\n\n\n\n<p>Au LOSC, h\u00e9ros rimait cette semaine avec Mukau. Titularis\u00e9 pour la deuxi\u00e8me fois de la saison en Ligue des Champions, le milieu de terrain belgo-congolais a montr\u00e9 l&rsquo;\u00e9tendue de ses qualit\u00e9s et inscrit les deux buts de son \u00e9quipe, victorieuse \u00e0 Bologne (1-2), devenant ainsi le plus jeune joueur de l&rsquo;histoire des Dogues \u00e0 inscrire un doubl\u00e9 en Ligue des Champions.<br>\u00ab Je n&rsquo;avais jamais marqu\u00e9, m\u00eame en championnat dans mes anciens clubs&#8230; L\u00e0 c&rsquo;est la C1, j&rsquo;en r\u00eave depuis tout petit ! Je suis tr\u00e8s content \u00bb, a d\u00e9clar\u00e9 l\u2019ancien du FC Malines, qui saluait le coup tactique r\u00e9ussi par son entra\u00eeneur, Bruno Genesio. \u00ab C&rsquo;est la premi\u00e8re fois que je jouais un peu plus haut, \u00e0 la base je suis milieu d\u00e9fensif mais le coach voulait tester un autre truc \u00bb, a ajout\u00e9 celui qui a fait ce mois-ci ses d\u00e9buts avec les L\u00e9opards de RD Congo. Novembre est d\u00e9cid\u00e9ment le mois des premi\u00e8res fois pour le joueur de 20 ans.<\/p>\n\n\n\n<h2 class=\"wp-block-heading\">Le 11 type africain de la semaine (4\/3\/3)<\/h2>\n\n\n\n<h2 class=\"wp-block-heading\">Gardien de but : Andr\u00e9 Onana (Cameroun &#8211; Manchester United)<\/h2>\n\n\n\n<p>Entre les poteaux de Red Devils en pleine renaissance, Andr\u00e9 Onana a fait les quelques arr\u00eats qu&rsquo;il fallait pour garder sa cage inviol\u00e9e lors du large succ\u00e8s face \u00e0 Everton (4-0). Une cinqui\u00e8me \u00ab\u00a0clean-sheet\u00a0\u00bb de la saison pour le Lion Indomptable, plus rassurant que la saison derni\u00e8re \u00e0 la m\u00eame \u00e9poque.<\/p>\n\n\n\n<h2 class=\"wp-block-heading\">Lat\u00e9ral droit : Ola Aina (Nigeria &#8211; Nottingham Forest)<\/h2>\n\n\n\n<p>Auteur d&rsquo;un sauvetage sur la ligne en premi\u00e8re p\u00e9riode, Ola Aina a une nouvelle fois fait partie des maillons forts de Nottingham Forest, vainqueur d&rsquo;une accrocheuse \u00e9quipe d&rsquo;Ipswich Town (1-0). Le vice-champion d&rsquo;Afrique s&rsquo;affirme comme l&rsquo;un des meilleurs sp\u00e9cialistes de son poste en Premier League.<\/p>\n\n\n\n<h2 class=\"wp-block-heading\">D\u00e9fenseur central : Odilon Kossounou (C\u00f4te d&rsquo;Ivoire &#8211; Atalanta Bergame)<\/h2>\n\n\n\n<p>Titularis\u00e9 pour la deuxi\u00e8me fois de la saison en Ligue des Champions, Odilon Kossounou s&rsquo;est distingu\u00e9 \u00e0 l&rsquo;occasion de la large victoire sur le terrain des Young Boys Berne (1-6). Non content de se montrer solide derri\u00e8re, l&rsquo;international ivoirien s&rsquo;est aussi mis en \u00e9vidence offensivement avec deux passes d\u00e9cisives \u00e0 son cr\u00e9dit. Sa talonnade pour De Ketelaere sur le but du 2-1 valait le coup d&rsquo;\u0153il.<\/p>\n\n\n\n<h2 class=\"wp-block-heading\">D\u00e9fenseur central : Evan Ndicka (C\u00f4te d&rsquo;Ivoire &#8211; AS Rome)<\/h2>\n\n\n\n<p>Si tout ne fut pas parfait pour Evan Ndicka, jeudi \u00e0 Tottenham (2-2) en Ligue Europa, l&rsquo;histoire retiendra que l&rsquo;international ivoirien a \u00e9t\u00e9 le premier buteur du nouveau mandat de Claudio Ranieri sur le banc de l&rsquo;AS Roma. Intervenue \u00e0 un moment difficile de la rencontre pour les Giallorossi, cette r\u00e9alisation, la premi\u00e8re de la saison pour le champion d&rsquo;Afrique, leur aura fait beaucoup de bien.<\/p>\n\n\n\n<h2 class=\"wp-block-heading\">Lat\u00e9ral gauche : Ramy Bensebaini (Alg\u00e9rie &#8211; Borussia Dortmund)<\/h2>\n\n\n\n<p>La renaissance se confirme pour Ramy Bensebaini. Auteur d&rsquo;un excellent match en Ligue des Champions sur le terrain du Dinamo Zagreb, l&rsquo;ancien du Paradou AC a relev\u00e9 sa performance d&rsquo;un but, gr\u00e2ce \u00e0 un coup de t\u00eate parfaitement ajust\u00e9 sur corner. Cette r\u00e9alisation, la premi\u00e8re de la la saison en C1 pour le Fennec, a permis aux Marsupiaux de faire le break dans cette rencontre de la 5e journ\u00e9e.<\/p>\n\n\n\n<h2 class=\"wp-block-heading\">Milieu central : Malick Yalcouy\u00e9 (Mali &#8211; Sturm Graz)<\/h2>\n\n\n\n<p>Performant \u00e0 la r\u00e9cup\u00e9ration, pertinent \u00e0 la distribution, Malick Yalcouy\u00e9 a fait forte impression dans l&rsquo;entrejeu de Graz \u00e0 l&rsquo;occasion de la victoire sur G\u00e9rone (1-0), mercredi en Ligue des Champions. D\u00e9j\u00e0 d\u00e9sign\u00e9 homme du match malgr\u00e9 la d\u00e9faite face au Borussia Dortmund, le petit gabarit pr\u00eat\u00e9 par Brighton doit encore choisir entre le Mali, son pays de naissance, et la C\u00f4te d&rsquo;Ivoire, o\u00f9 il a grandi et suivi sa formation, \u00e0 l&rsquo;ASEC Mimosas.<\/p>\n\n\n\n<h2 class=\"wp-block-heading\">Milieu relayeur : Ismael Saibari (Maroc &#8211; PSV Eindhoven)<\/h2>\n\n\n\n<p>Ismael Saibari a jou\u00e9 les d\u00e9tonateurs offensifs \u00e0 l&rsquo;occasion de la large victoire du PSV Eindhoven \u00e0 Utrecht (2-5). Auteur du premier but des siens d&rsquo;une frappe du droit, l&rsquo;international marocain marque ensuite le troisi\u00e8me du gauche, avant de se muer en passeur sur le contre qui am\u00e8nera le quatri\u00e8me. Qui d&rsquo;autre que lui pouvait \u00eatre d\u00e9sign\u00e9 homme du match ?<\/p>\n\n\n\n<h2 class=\"wp-block-heading\">Milieu relayeur : Ngal&rsquo;ayel Mukau (RD Congo &#8211; Lille)<\/h2>\n\n\n\n<p>Au LOSC, h\u00e9ros rimait cette semaine avec Mukau. Titularis\u00e9 pour la deuxi\u00e8me fois de la saison en Ligue des Champions, le milieu de terrain belgo-congolais a montr\u00e9 l&rsquo;\u00e9tendue de ses qualit\u00e9s et inscrit les deux buts de son \u00e9quipe, victorieuse \u00e0 Bologne (1-2), devenant ainsi le plus jeune joueur de l&rsquo;histoire des Dogues \u00e0 inscrire un doubl\u00e9 en Ligue des Champions.<\/p>\n\n\n\n<h2 class=\"wp-block-heading\">Attaquant de soutien : Mohammed Amine Amoura (Alg\u00e9rie &#8211; VfL Wolfsburg)<\/h2>\n\n\n\n<p>Auteur d&rsquo;un doubl\u00e9 en l&rsquo;espace d&rsquo;un quart d&rsquo;heure, Mohammed Amine Amoura a pris une importante part dans le festival offensif r\u00e9ussi par le VfL Wolfsburg sur le terrain du RB Leipzig (1-5). Avec d\u00e9j\u00e0 4 buts et 5 passes d\u00e9cisives \u00e0 son actif en seulement 11 rencontres, l&rsquo;ancien joueur de l&rsquo;ES S\u00e9tif est en train de r\u00e9ussir ses d\u00e9buts en Bundesliga.<\/p>\n\n\n\n<h2 class=\"wp-block-heading\">Attaquant de soutien : Mohamed Salah (\u00c9gypte &#8211; Liverpool)<\/h2>\n\n\n\n<p>Aux grands joueurs les grands matchs : Liverpool a pu compter sur un Mohamed Salah de gala \u00e0 l&rsquo;occasion de la r\u00e9ception de Manchester City (2-0). D\u2019un geste magique, l&rsquo;\u00c9gyptien, en jambes comme rarement, a d\u2019abord jou\u00e9 les passeurs pour Cody Gakpo, avant de s\u2019offrir sur penalty son onzi\u00e8me but de la saison, scellant la victoire face \u00e0 des Skyblues en perdition.<\/p>\n\n\n\n<h2 class=\"wp-block-heading\">Attaquant de pointe : Hamza Igamane (Maroc &#8211; Glasgow Rangers)<\/h2>\n\n\n\n<p>Certes, Hamza Igamane a jou\u00e9 contre une d\u00e9fense ni\u00e7oise \u00e0 l&rsquo;envers, jeudi en Ligue Europa, mais encore fallait-il savoir profiter de ces boulettes. Efficace et inspir\u00e9, le jeune attaquant marocain l&rsquo;a bien fait en r\u00e9ussissant un doubl\u00e9, assorti d&rsquo;une passe d\u00e9cisive. Arriv\u00e9 des FAR Rabat l&rsquo;\u00e9t\u00e9 dernier, le Lion de l&rsquo;Atlas U23 apprend vite, avec d\u00e9j\u00e0 trois buts en autant de rencontres de C3.<\/p>\n\n\n\n<p>SOURCE TV5MONDE <\/p>\n","protected":false},"excerpt":{"rendered":"<p>D\u00e9couvrez chaque semaine une s\u00e9lection des 11 meilleurs joueurs africains \u00e9voluant dans les principaux championnats de football europ\u00e9ens. Ce mardi,<\/p>\n","protected":false},"author":1,"featured_media":47778,"comment_status":"open","ping_status":"open","sticky":false,"template":"","format":"standard","meta":{"footnotes":""},"categories":[9],"tags":[],"class_list":["post-47777","post","type-post","status-publish","format-standard","has-post-thumbnail","hentry","category-sports"],"_links":{"self":[{"href":"https:\/\/dekkbi.com\/index.php?rest_route=\/wp\/v2\/posts\/47777","targetHints":{"allow":["GET"]}}],"collection":[{"href":"https:\/\/dekkbi.com\/index.php?rest_route=\/wp\/v2\/posts"}],"about":[{"href":"https:\/\/dekkbi.com\/index.php?rest_route=\/wp\/v2\/types\/post"}],"author":[{"embeddable":true,"href":"https:\/\/dekkbi.com\/index.php?rest_route=\/wp\/v2\/users\/1"}],"replies":[{"embeddable":true,"href":"https:\/\/dekkbi.com\/index.php?rest_route=%2Fwp%2Fv2%2Fcomments&post=47777"}],"version-history":[{"count":3,"href":"https:\/\/dekkbi.com\/index.php?rest_route=\/wp\/v2\/posts\/47777\/revisions"}],"predecessor-version":[{"id":47783,"href":"https:\/\/dekkbi.com\/index.php?rest_route=\/wp\/v2\/posts\/47777\/revisions\/47783"}],"wp:featuredmedia":[{"embeddable":true,"href":"https:\/\/dekkbi.com\/index.php?rest_route=\/wp\/v2\/media\/47778"}],"wp:attachment":[{"href":"https:\/\/dekkbi.com\/index.php?rest_route=%2Fwp%2Fv2%2Fmedia&parent=47777"}],"wp:term":[{"taxonomy":"category","embeddable":true,"href":"https:\/\/dekkbi.com\/index.php?rest_route=%2Fwp%2Fv2%2Fcategories&post=47777"},{"taxonomy":"post_tag","embeddable":true,"href":"https:\/\/dekkbi.com\/index.php?rest_route=%2Fwp%2Fv2%2Ftags&post=47777"}],"curies":[{"name":"wp","href":"https:\/\/api.w.org\/{rel}","templated":true}]}}