{"id":47748,"date":"2024-12-03T10:36:27","date_gmt":"2024-12-03T10:36:27","guid":{"rendered":"https:\/\/dekkbi.com\/?p=47748"},"modified":"2024-12-03T10:36:28","modified_gmt":"2024-12-03T10:36:28","slug":"reseau-mondial-des-villes-pape-konare-diaite-dakar-est-plus-que-jamais-engagee-a-jouer-un-role-actif","status":"publish","type":"post","link":"https:\/\/dekkbi.com\/?p=47748","title":{"rendered":"R\u00e9seau mondial des villes \u2013 Pape Konar\u00e9 Diait\u00e9 : \u00ab\u00a0Dakar est plus que jamais engag\u00e9e \u00e0 jouer un r\u00f4le actif\u2026\u00a0\u00bb"},"content":{"rendered":"\n<p><strong>Apr\u00e8s avoir men\u00e9 avec succ\u00e8s l\u2019adh\u00e9sion de DAKAR au r\u00e9seau mondial des villes apprenantes de l\u2019UNESCO, Pape Konar\u00e9 Diait\u00e9 a fait part de sa fiert\u00e9 de participer \u00e0 la 6\u00e8me Conf\u00e9rence Internationale des Villes Apprenantes \u00e0 Jubail, \u00ab&nbsp;<em>sous la pr\u00e9sidence effective de Son Altesse Royale le Prince Saud Bin Nayef Bin Abdulaziz Al Saud, Gouverneur de la Province Orientale du Royaume d\u2019Arabie Saoudite<\/em>\u00ab&nbsp;.<\/strong><\/p>\n\n\n\n<p>Le directeur de l\u2019\u00e9ducation et de l\u2019insertion de Dakar et conseiller en communication du Maire rappelle que le r\u00e9seau mondial des villes apprenantes de l\u2019UNESCO \u00ab&nbsp;<em>est un espace d\u00e9di\u00e9 \u00e0 la promotion de l\u2019apprentissage tout au long de la vie et au d\u00e9veloppement durable \u00e0 l\u2019\u00e9chelle locale. Ce sommet rassemble des hauts responsables locaux, des experts en \u00e9ducation, des partenaires internationaux et des repr\u00e9sentants de villes du monde entier pour \u00e9changer sur les meilleures pratiques, relever les d\u00e9fis communs et co-cr\u00e9er des strat\u00e9gies innovantes pour faire des villes des espaces inclusifs et durables d\u2019apprentissage<\/em>\u00ab&nbsp;.<\/p>\n\n\n\n<p>\u00ab&nbsp;<em>Dakar est plus que jamais engag\u00e9e \u00e0 jouer un r\u00f4le actif dans cette dynamique globale, pour le b\u00e9n\u00e9fice de ses citoyens et des g\u00e9n\u00e9rations futures<\/em>\u00ab&nbsp;, conclut le communiqu\u00e9.<\/p>\n\n\n\n<p>SOURCE SENEGO<\/p>\n","protected":false},"excerpt":{"rendered":"<p>Apr\u00e8s avoir men\u00e9 avec succ\u00e8s l\u2019adh\u00e9sion de DAKAR au r\u00e9seau mondial des villes apprenantes de l\u2019UNESCO, Pape Konar\u00e9 Diait\u00e9 a<\/p>\n","protected":false},"author":1,"featured_media":47749,"comment_status":"open","ping_status":"open","sticky":false,"template":"","format":"standard","meta":{"footnotes":""},"categories":[3],"tags":[],"class_list":["post-47748","post","type-post","status-publish","format-standard","has-post-thumbnail","hentry","category-event-more-news"],"_links":{"self":[{"href":"https:\/\/dekkbi.com\/index.php?rest_route=\/wp\/v2\/posts\/47748","targetHints":{"allow":["GET"]}}],"collection":[{"href":"https:\/\/dekkbi.com\/index.php?rest_route=\/wp\/v2\/posts"}],"about":[{"href":"https:\/\/dekkbi.com\/index.php?rest_route=\/wp\/v2\/types\/post"}],"author":[{"embeddable":true,"href":"https:\/\/dekkbi.com\/index.php?rest_route=\/wp\/v2\/users\/1"}],"replies":[{"embeddable":true,"href":"https:\/\/dekkbi.com\/index.php?rest_route=%2Fwp%2Fv2%2Fcomments&post=47748"}],"version-history":[{"count":1,"href":"https:\/\/dekkbi.com\/index.php?rest_route=\/wp\/v2\/posts\/47748\/revisions"}],"predecessor-version":[{"id":47750,"href":"https:\/\/dekkbi.com\/index.php?rest_route=\/wp\/v2\/posts\/47748\/revisions\/47750"}],"wp:featuredmedia":[{"embeddable":true,"href":"https:\/\/dekkbi.com\/index.php?rest_route=\/wp\/v2\/media\/47749"}],"wp:attachment":[{"href":"https:\/\/dekkbi.com\/index.php?rest_route=%2Fwp%2Fv2%2Fmedia&parent=47748"}],"wp:term":[{"taxonomy":"category","embeddable":true,"href":"https:\/\/dekkbi.com\/index.php?rest_route=%2Fwp%2Fv2%2Fcategories&post=47748"},{"taxonomy":"post_tag","embeddable":true,"href":"https:\/\/dekkbi.com\/index.php?rest_route=%2Fwp%2Fv2%2Ftags&post=47748"}],"curies":[{"name":"wp","href":"https:\/\/api.w.org\/{rel}","templated":true}]}}