{"id":47735,"date":"2024-12-03T10:15:53","date_gmt":"2024-12-03T10:15:53","guid":{"rendered":"https:\/\/dekkbi.com\/?p=47735"},"modified":"2024-12-03T10:15:54","modified_gmt":"2024-12-03T10:15:54","slug":"faible-representation-des-femmes-dans-les-instances-de-decision-ci-la-nu-bokk-interpelle-le-gouvernement-pour-reparation","status":"publish","type":"post","link":"https:\/\/dekkbi.com\/?p=47735","title":{"rendered":"Faible repr\u00e9sentation des femmes dans les instances de d\u00e9cision : \u00abCi la \u00f1u bokk\u00bb interpelle le gouvernement pour r\u00e9paration"},"content":{"rendered":"\n<p><strong>La faible repr\u00e9sentation des femmes dans les instances de d\u00e9cision est ce que ne veut plus voir prosp\u00e9rer le Cadre de concertation pour le respect et la pr\u00e9servation des droits des femmes, connu sous le nom de \u00abCi la \u00f1u bokk\u00bb. C\u2019est ainsi que le cadre interpelle le Pr\u00e9sident Bassirou Diomaye Diakhar Faye pour rectifier ce d\u00e9s\u00e9quilibre.&nbsp;<\/strong><strong>Par Amadou MBODJI \u2013<\/strong><\/p>\n\n\n\n<p>La faible repr\u00e9sentation des femmes au sein des instances de d\u00e9cision pr\u00e9occupe&nbsp;le Cadre de concertation pour le respect et la pr\u00e9servation des droits des femmes, connu sous le nom de \u00abCi la \u00f1u bokk\u00bb.&nbsp;C\u2019est ainsi qu\u2019un&nbsp;&nbsp;appel est lanc\u00e9 dans ce sens aux autorit\u00e9s s\u00e9n\u00e9galaises par cette structure. Et c\u2019est pour interc\u00e9der en faveur de la gent f\u00e9minine pour une meilleure prise en compte de ses&nbsp;besoins dans les politiques publiques, ainsi qu\u2019un renforcement de leur participation dans les instances de gouvernance.<br>F\u00e9licitant le gouvernement s\u00e9n\u00e9galais pour la r\u00e9ussite des r\u00e9centes \u00e9lections l\u00e9gislatives et l\u2019engagement envers la consolidation d\u00e9mocratique, cette structure a ensuite salu\u00e9 la pr\u00e9sence des femmes au sein de l\u2019Assembl\u00e9e nationale.<\/p>\n\n\n\n<p>Non sans&nbsp;exprimer son inqui\u00e9tude face \u00e0 la sous-repr\u00e9sentation des femmes dans les hautes sph\u00e8res de l\u2019Etat. \u00abNous d\u00e9plorons la persistance d\u2019une sous-repr\u00e9sentation des femmes au sein des hautes instances de l\u2019Etat s\u00e9n\u00e9galais. Malgr\u00e9 un appel pr\u00e9c\u00e9dent adress\u00e9 \u00e0 Son Excellence Monsieur le pr\u00e9sident de la R\u00e9publique, au lendemain de la formation du premier gouvernement, celui-ci ne compte que quatre ministres femmes. Les femmes, qui repr\u00e9sentent plus de 49, 4% de la population s\u00e9n\u00e9galaise (source : Ansd, 2023), continuent d\u2019\u00eatre marginalis\u00e9es dans les sph\u00e8res d\u00e9cisionnelles. Ces in\u00e9galit\u00e9s constituent une entrave majeure \u00e0 une gouvernance inclusive et \u00e9quitable\u00bb, a fait savoir le collectif.<\/p>\n\n\n\n<p>D\u00e9plorant \u00e9galement le \u00abmanque de mesures concr\u00e8tes dans la lutte contre les violences faites aux femmes, malgr\u00e9 les discours officiels\u00bb.<\/p>\n\n\n\n<p>En guise de rappel, dans un manifeste&nbsp;en mars 2024, des recommandations claires avaient \u00e9t\u00e9 \u00e9mises par le cadre, \u00e0 savoir \u00abint\u00e9grer les besoins sp\u00e9cifiques des femmes et des filles dans les politiques publiques\u00bb,&nbsp;\u00abrenforcer leur repr\u00e9sentation dans les instances de d\u00e9cision\u00bb, \u00aballouer des budgets sp\u00e9cifiques \u00e0 l\u2019\u00e9ducation, la sant\u00e9, la formation et acc\u00e9der aux ressources comme la terre et les financements\u00bb, \u00abpromouvoir l\u2019\u00e9quit\u00e9 territoriale pour garantir une \u00e9galit\u00e9 d\u2019acc\u00e8s aux ressources dans toutes les r\u00e9gions\u00bb, entre autres.<\/p>\n\n\n\n<p>Exhortant, par la m\u00eame occasion, le pr\u00e9sident de la R\u00e9pu\u00adblique, le gouvernement et les partenaires \u00e0 agir rapidement pour instaurer une v\u00e9ritable parit\u00e9, le cadre\u00a0 souligne que l\u2019inclusion des femmes \u00abest cruciale pour b\u00e2tir un S\u00e9n\u00e9gal \u00e9quitable et prosp\u00e8re, o\u00f9 chaque citoyen, homme ou femme, peut pleinement contribuer au d\u00e9veloppement du pays\u00bb.<\/p>\n\n\n\n<p><strong>ambodji@lequotidien.sn<\/strong><\/p>\n\n\n\n<p>SOURCE SUDQUOTIDIEN<\/p>\n","protected":false},"excerpt":{"rendered":"<p>La faible repr\u00e9sentation des femmes dans les instances de d\u00e9cision est ce que ne veut plus voir prosp\u00e9rer le Cadre<\/p>\n","protected":false},"author":1,"featured_media":47736,"comment_status":"open","ping_status":"open","sticky":false,"template":"","format":"standard","meta":{"footnotes":""},"categories":[21],"tags":[],"class_list":["post-47735","post","type-post","status-publish","format-standard","has-post-thumbnail","hentry","category-societe"],"_links":{"self":[{"href":"https:\/\/dekkbi.com\/index.php?rest_route=\/wp\/v2\/posts\/47735","targetHints":{"allow":["GET"]}}],"collection":[{"href":"https:\/\/dekkbi.com\/index.php?rest_route=\/wp\/v2\/posts"}],"about":[{"href":"https:\/\/dekkbi.com\/index.php?rest_route=\/wp\/v2\/types\/post"}],"author":[{"embeddable":true,"href":"https:\/\/dekkbi.com\/index.php?rest_route=\/wp\/v2\/users\/1"}],"replies":[{"embeddable":true,"href":"https:\/\/dekkbi.com\/index.php?rest_route=%2Fwp%2Fv2%2Fcomments&post=47735"}],"version-history":[{"count":1,"href":"https:\/\/dekkbi.com\/index.php?rest_route=\/wp\/v2\/posts\/47735\/revisions"}],"predecessor-version":[{"id":47737,"href":"https:\/\/dekkbi.com\/index.php?rest_route=\/wp\/v2\/posts\/47735\/revisions\/47737"}],"wp:featuredmedia":[{"embeddable":true,"href":"https:\/\/dekkbi.com\/index.php?rest_route=\/wp\/v2\/media\/47736"}],"wp:attachment":[{"href":"https:\/\/dekkbi.com\/index.php?rest_route=%2Fwp%2Fv2%2Fmedia&parent=47735"}],"wp:term":[{"taxonomy":"category","embeddable":true,"href":"https:\/\/dekkbi.com\/index.php?rest_route=%2Fwp%2Fv2%2Fcategories&post=47735"},{"taxonomy":"post_tag","embeddable":true,"href":"https:\/\/dekkbi.com\/index.php?rest_route=%2Fwp%2Fv2%2Ftags&post=47735"}],"curies":[{"name":"wp","href":"https:\/\/api.w.org\/{rel}","templated":true}]}}