{"id":47609,"date":"2024-12-02T11:44:47","date_gmt":"2024-12-02T11:44:47","guid":{"rendered":"https:\/\/dekkbi.com\/?p=47609"},"modified":"2024-12-02T11:44:47","modified_gmt":"2024-12-02T11:44:47","slug":"deces-de-lecrivain-alioune-badara-beye","status":"publish","type":"post","link":"https:\/\/dekkbi.com\/?p=47609","title":{"rendered":"D\u00e9c\u00e8s de l\u2019\u00e9crivain Alioune Badara B\u00e8ye"},"content":{"rendered":"\n<p>L&rsquo;\u00e9crivain et dramaturge s\u00e9n\u00e9galais Alioune Badara B\u00e8ye est d\u00e9c\u00e9d\u00e9 hier dimanche. Il \u00e9tait le pr\u00e9sident de l&rsquo;Association des \u00e9crivains s\u00e9n\u00e9galais et celui de la F\u00e9d\u00e9ration internationale des \u00e9crivains de langue fran\u00e7aise.<\/p>\n\n\n\n<p>N\u00e9 le 28 septembre 1945 \u00e0 Saint-Louis, il est un \u00e9crivain s\u00e9n\u00e9galais, \u00e0 la fois dramaturge, auteur notamment de pi\u00e8ces historiques, po\u00e8te et romancier, \u00e9galement fonctionnaire et \u00e9diteur. Il \u00e9tait le charg\u00e9 de la coordination du 3e Festival mondial des arts n\u00e8gres (Fesman III) qui s\u2019est tenu du 10 au 31 d\u00e9cembre 2010 \u00e0 Dakar. De son vivant, il a eu \u00e0 \u00e9crire plusieurs \u0153uvres et pi\u00e8ces th\u00e9\u00e2trales.<\/p>\n\n\n\n<p>On peut en citer, entre autres, les pi\u00e8ces th\u00e9\u00e2trales \u2018\u2019Dialawali, terre de feu\u2019\u2019, (1980) et \u2018\u2019Le sacre du cedo\u2019\u2019, \u2018\u2019Maba, laisse le Sine\u2019\u2019, (1987), \u2018\u2019Nder en flammes\u2019\u2019, (1988), \u2018\u2019Demain, la fin du monde : un avertissement \u00e0 tous les dictateurs du monde\u2019\u2019 (1993), \u2018\u2019Les larmes de la patrie, 2003\u2019\u2019. Concernant ses \u0153uvres, il a eu \u00e0 publier le roman \u2018\u2019Raki : fille lumi\u00e8re\u2019\u2019, paru en 2004, la po\u00e9sie \u2018\u2019Les bourgeons de l&rsquo;espoir\u2019\u2019 (2005) et \u2018\u2019De l&rsquo;uniforme \u00e0 la plume\u2019\u2019 (2008). La r\u00e9daction d\u2019\u2019\u2019EnQu\u00eate\u2019\u2019 pr\u00e9sente ses condol\u00e9ances au monde de la culture et \u00e0 sa famille.&nbsp;<\/p>\n\n\n\n<p>SOURCE ENQUETEPLUS<\/p>\n","protected":false},"excerpt":{"rendered":"<p>L&rsquo;\u00e9crivain et dramaturge s\u00e9n\u00e9galais Alioune Badara B\u00e8ye est d\u00e9c\u00e9d\u00e9 hier dimanche. Il \u00e9tait le pr\u00e9sident de l&rsquo;Association des \u00e9crivains s\u00e9n\u00e9galais<\/p>\n","protected":false},"author":1,"featured_media":47610,"comment_status":"open","ping_status":"open","sticky":false,"template":"","format":"standard","meta":{"footnotes":""},"categories":[26],"tags":[],"class_list":["post-47609","post","type-post","status-publish","format-standard","has-post-thumbnail","hentry","category-fait-divers"],"_links":{"self":[{"href":"https:\/\/dekkbi.com\/index.php?rest_route=\/wp\/v2\/posts\/47609","targetHints":{"allow":["GET"]}}],"collection":[{"href":"https:\/\/dekkbi.com\/index.php?rest_route=\/wp\/v2\/posts"}],"about":[{"href":"https:\/\/dekkbi.com\/index.php?rest_route=\/wp\/v2\/types\/post"}],"author":[{"embeddable":true,"href":"https:\/\/dekkbi.com\/index.php?rest_route=\/wp\/v2\/users\/1"}],"replies":[{"embeddable":true,"href":"https:\/\/dekkbi.com\/index.php?rest_route=%2Fwp%2Fv2%2Fcomments&post=47609"}],"version-history":[{"count":1,"href":"https:\/\/dekkbi.com\/index.php?rest_route=\/wp\/v2\/posts\/47609\/revisions"}],"predecessor-version":[{"id":47611,"href":"https:\/\/dekkbi.com\/index.php?rest_route=\/wp\/v2\/posts\/47609\/revisions\/47611"}],"wp:featuredmedia":[{"embeddable":true,"href":"https:\/\/dekkbi.com\/index.php?rest_route=\/wp\/v2\/media\/47610"}],"wp:attachment":[{"href":"https:\/\/dekkbi.com\/index.php?rest_route=%2Fwp%2Fv2%2Fmedia&parent=47609"}],"wp:term":[{"taxonomy":"category","embeddable":true,"href":"https:\/\/dekkbi.com\/index.php?rest_route=%2Fwp%2Fv2%2Fcategories&post=47609"},{"taxonomy":"post_tag","embeddable":true,"href":"https:\/\/dekkbi.com\/index.php?rest_route=%2Fwp%2Fv2%2Ftags&post=47609"}],"curies":[{"name":"wp","href":"https:\/\/api.w.org\/{rel}","templated":true}]}}