{"id":47603,"date":"2024-12-02T11:36:03","date_gmt":"2024-12-02T11:36:03","guid":{"rendered":"https:\/\/dekkbi.com\/?p=47603"},"modified":"2024-12-02T11:36:03","modified_gmt":"2024-12-02T11:36:03","slug":"reaction-abrogation-de-la-loi-damnistie-amadou-ba-prend-le-contre-pied-de-aissata-tall-sall","status":"publish","type":"post","link":"https:\/\/dekkbi.com\/?p=47603","title":{"rendered":"R\u00e9action \u2013 Abrogation de la loi d\u2019amnistie: Amadou B\u00e2 prend le contre-pied de A\u00efssata Tall Sall\u00a0"},"content":{"rendered":"\n<p><strong>La r\u00e9surgence de l\u2019abrogation de la loi d\u2019amnistie oppose deux camps. Si\u00a0\u00a0la nouvelle opposition, \u00e0 travers Mme A\u00efssata Tall Sall, croit dur comme fer que l\u2019abrogation de cette loi ne sera pas simple, ce n\u2019est pas le cas du pouvoir. Celui-ci, par le biais de Amadou B\u00e2, d\u00e9put\u00e9 nouvellement \u00e9lu, pense le contraire.<\/strong><\/p>\n\n\n\n<p>\u2013 L\u2019installation officielle, aujourd\u2019hui, des d\u00e9put\u00e9s de la 15\u00e8me L\u00e9gislature intervient au moment o\u00f9 resurgit le d\u00e9bat sur l\u2019abrogation de la loi d\u2019amnistie.&nbsp;Ancienne ministre des Affaires \u00e9trang\u00e8res et d\u00e9put\u00e9e de la Coalition Takku Wallu, A\u00efssata Tall Sall avait abord\u00e9&nbsp;avec fermet\u00e9 le projet d\u2019abrogation de la loi d\u2019amnistie. Elle estime cette possibilit\u00e9 comme une t\u00e2che qui sera loin d\u2019\u00eatre simple. \u00abOn dit qu\u2019ils vont abroger la loi d\u2019amnistie. On attend de voir. C\u2019est facile \u00e0 dire, mais beaucoup plus difficile \u00e0 faire. Et je parle en connaissance de cause\u00bb, a-t-elle d\u00e9clar\u00e9.<\/p>\n\n\n\n<p>Une position contre laquelle se dresse le d\u00e9put\u00e9 de Pastef Amadou B\u00e2. \u00abLes crimes du r\u00e9gime de Macky Sall ne peuvent \u00eatre couverts ni par l\u2019immunit\u00e9, ni par l\u2019imprescriptibilit\u00e9, ni par l\u2019impunit\u00e9\u00bb, soutient Amadou B\u00e2. Avant de poursuive son argumentaire en parlant de \u00abd\u00e9lits intangibles\u00bb.<\/p>\n\n\n\n<p>\u00abCe sont, pour le coup, des crimes et d\u00e9lits intangibles, car pouvant&nbsp; relever de ceux d\u00e9finis et punis dans le Statut de Rome sur la Cour p\u00e9nale internationale et qui ne peuvent \u00eatre couverts par aucune loi d\u2019amnistie, d\u2019amn\u00e9sie ou d\u2019immunit\u00e9\u00bb, fait savoir B\u00e2 en r\u00e9ponse \u00e0 la sortie de l\u2019ex-Garde des sceaux A\u00efssata Tall Sall sur la loi d\u2019amnistie. \u00abAucune loi d\u2019amnistie ne pourra emp\u00eacher que les auteurs de ces crimes de masse \u00e9chappent aux fourches caudines de la Justice\u00bb, indique le d\u00e9put\u00e9 nouvellement \u00e9lu de Pastef.<\/p>\n\n\n\n<p>Il suffira, selon lui, de \u00absortir les rapports d\u2019autopsie et de non-autopsie des 80 manifestants non arm\u00e9s, d\u00e9montrant qu\u2019ils ont \u00e9t\u00e9 ex\u00e9cut\u00e9s de fa\u00e7on coordonn\u00e9e et gr\u00e2ce \u00e0 des moyens de r\u00e9pression d\u2019Etat, sp\u00e9cialement achet\u00e9s \u00e0 cette fin\u00bb.&nbsp;Mais aussi, \u00e0 l\u2019en croire, de d\u00e9montrer que&nbsp;\u00able procureur, le ministre de la Justice et le pr\u00e9sident de la R\u00e9publique ont refus\u00e9 ou emp\u00each\u00e9 l\u2019ouverture d\u2019enqu\u00eates, et ont pr\u00e9cipit\u00e9 les enterrements pour cacher la v\u00e9rit\u00e9 aux familles et d\u2019\u00e9tablir que toutes les victimes (morts, bless\u00e9s, emprisonn\u00e9s, exil\u00e9s) appartiennent \u00e0 un m\u00eame parti politique, et qu\u2019elles \u00e9taient traqu\u00e9es sur l\u2019ensemble du territoire de fa\u00e7on syst\u00e9matique\u00bb.<\/p>\n\n\n\n<p>Cette loi d\u2019amnistie avait \u00e9t\u00e9 vot\u00e9e au plus fort de la crise politique, avant l\u2019\u00e9lection pr\u00e9sidentielle de mars dernier qui a abouti \u00e0 l\u2019av\u00e8nement d\u2019un nouveau r\u00e9gime incarn\u00e9 par le duo Bassirou Diomaye Diakhar-Ousmane Sonko.<\/p>\n\n\n\n<p><strong>Par Amadou MBODJI<\/strong> &#8211; <strong>ambodji@lequotidien.sn<\/strong><\/p>\n","protected":false},"excerpt":{"rendered":"<p>La r\u00e9surgence de l\u2019abrogation de la loi d\u2019amnistie oppose deux camps. Si\u00a0\u00a0la nouvelle opposition, \u00e0 travers Mme A\u00efssata Tall Sall,<\/p>\n","protected":false},"author":1,"featured_media":47604,"comment_status":"open","ping_status":"open","sticky":false,"template":"","format":"standard","meta":{"footnotes":""},"categories":[21],"tags":[],"class_list":["post-47603","post","type-post","status-publish","format-standard","has-post-thumbnail","hentry","category-societe"],"_links":{"self":[{"href":"https:\/\/dekkbi.com\/index.php?rest_route=\/wp\/v2\/posts\/47603","targetHints":{"allow":["GET"]}}],"collection":[{"href":"https:\/\/dekkbi.com\/index.php?rest_route=\/wp\/v2\/posts"}],"about":[{"href":"https:\/\/dekkbi.com\/index.php?rest_route=\/wp\/v2\/types\/post"}],"author":[{"embeddable":true,"href":"https:\/\/dekkbi.com\/index.php?rest_route=\/wp\/v2\/users\/1"}],"replies":[{"embeddable":true,"href":"https:\/\/dekkbi.com\/index.php?rest_route=%2Fwp%2Fv2%2Fcomments&post=47603"}],"version-history":[{"count":1,"href":"https:\/\/dekkbi.com\/index.php?rest_route=\/wp\/v2\/posts\/47603\/revisions"}],"predecessor-version":[{"id":47605,"href":"https:\/\/dekkbi.com\/index.php?rest_route=\/wp\/v2\/posts\/47603\/revisions\/47605"}],"wp:featuredmedia":[{"embeddable":true,"href":"https:\/\/dekkbi.com\/index.php?rest_route=\/wp\/v2\/media\/47604"}],"wp:attachment":[{"href":"https:\/\/dekkbi.com\/index.php?rest_route=%2Fwp%2Fv2%2Fmedia&parent=47603"}],"wp:term":[{"taxonomy":"category","embeddable":true,"href":"https:\/\/dekkbi.com\/index.php?rest_route=%2Fwp%2Fv2%2Fcategories&post=47603"},{"taxonomy":"post_tag","embeddable":true,"href":"https:\/\/dekkbi.com\/index.php?rest_route=%2Fwp%2Fv2%2Ftags&post=47603"}],"curies":[{"name":"wp","href":"https:\/\/api.w.org\/{rel}","templated":true}]}}