{"id":47574,"date":"2024-12-02T09:43:09","date_gmt":"2024-12-02T09:43:09","guid":{"rendered":"https:\/\/dekkbi.com\/?p=47574"},"modified":"2024-12-02T09:43:51","modified_gmt":"2024-12-02T09:43:51","slug":"tchad-fin-des-accords-militaires-avec-paris-mais-pas-de-logique-de-remplacement","status":"publish","type":"post","link":"https:\/\/dekkbi.com\/?p=47574","title":{"rendered":"Tchad: fin des accords militaires avec Paris mais \u00ab\u00a0pas de logique de remplacement\u00a0\u00bb"},"content":{"rendered":"\n<p>Le pr\u00e9sident tchadien a assur\u00e9 dimanche que son pays, dernier \u00e0 abriter des forces fran\u00e7aises au Sahel o\u00f9 Moscou gagne du terrain, avait mis fin aux accords militaires avec la France sans \u00ab\u00a0logique de remplacement\u00a0\u00bb.<\/p>\n\n\n\n<p>\u00ab\u00a0Pour lever toute ambigu\u00eft\u00e9, cette d\u00e9cision de rupture ne constitue en aucun cas un rejet de la coop\u00e9ration internationale, ni une remise en question de nos relations diplomatiques avec la France\u00a0\u00bb, a dit le g\u00e9n\u00e9ral Mahamat Idriss Deby, quelques jours apr\u00e8s l&rsquo;annonce surprise de la rupture de ces accords avec son alli\u00e9 traditionnel, qui remontaient \u00e0 l&rsquo;ind\u00e9pendance du pays.<\/p>\n\n\n\n<p>\u00ab\u00a0Le Tchad n&rsquo;est nullement dans une logique de remplacement d&rsquo;une puissance par une autre, encore moins dans une approche de changement de ma\u00eetre\u00a0\u00bb, a assur\u00e9 le chef d&rsquo;Etat dans une d\u00e9claration \u00e0 la presse, en soulignant que \u00ab\u00a0cette d\u00e9cision n&rsquo;a pas \u00e9t\u00e9 prise de mani\u00e8re l\u00e9g\u00e8re\u00a0\u00bb et en invoquant la \u00ab\u00a0souverainet\u00e9\u00a0\u00bb de son pays.<\/p>\n\n\n\n<p>\u00ab\u00a0Nous avons d\u00e9cid\u00e9 de mettre un terme a cette coop\u00e9ration militaire pour r\u00e9orienter notre partenariat avec la France sur d\u2019autres domaines qui auront plus d\u2019impacts positif sur le quotidien de nos populations respectives\u00a0\u00bb, a-t-il dit.<\/p>\n\n\n\n<p>L&rsquo;annonce de la suspension des accords militaires, faite par un communiqu\u00e9 du ministre des Affaires \u00e9trang\u00e8res tchadien post\u00e9 sur Facebook, quelques heures apr\u00e8s une visite de son homologue fran\u00e7ais \u00e0 la fronti\u00e8re soudanaise, a surpris Paris qui a d\u00e9clar\u00e9 seulement le lendemain soir \u00ab\u00a0prendre acte\u00a0\u00bb.<\/p>\n\n\n\n<p>La France a d\u00e9j\u00e0 \u00e9t\u00e9 contrainte d&rsquo;\u00e9vacuer ses troupes du Mali, du Burkina Faso et du Niger entre 2022 et 2023 apr\u00e8s l&rsquo;arriv\u00e9e au pouvoir de juntes militaires qui se sont rapproch\u00e9es de Moscou. Le pr\u00e9sident s\u00e9n\u00e9galais Bassirou Diomaye Faye a \u00e9galement indiqu\u00e9 jeudi dans un entretien \u00e0 l&rsquo;AFP que la France allait devoir fermer ses bases militaires au S\u00e9n\u00e9gal.<\/p>\n\n\n\n<p>Selon le Quai d&rsquo;Orsay, Paris avait d\u00e9j\u00e0 entam\u00e9 \u00ab\u00a0une r\u00e9flexion et un dialogue avec ses partenaires sur la reconfiguration de ses dispositifs militaires en Afrique\u00a0\u00bb.<\/p>\n\n\n\n<p>Dernier point d&rsquo;ancrage de la France au Sahel, le Tchad accueille un millier de militaires fran\u00e7ais r\u00e9partis sur trois bases.<\/p>\n\n\n\n<p>\u00ab\u00a0Le Gouvernement est instruit \u00e0 prendre attache avec la partie fran\u00e7aise pour la mise en \u0153uvre de cette d\u00e9cision\u00a0\u00bb, a pr\u00e9cis\u00e9 le g\u00e9n\u00e9ral Deby dimanche. L&rsquo;accord pr\u00e9voit que \u00ab\u00a0chaque partie peut d\u00e9noncer le pr\u00e9sent trait\u00e9 par le biais d&rsquo;une notification \u00e9crite\u00a0\u00bb, cette d\u00e9nonciation \u00ab\u00a0prenant effet six mois apr\u00e8s r\u00e9ception\u00a0\u00bb par l&rsquo;autre partie, selon le texte dont l&rsquo;AFP eu copie.<\/p>\n\n\n\n<p>En mai dernier se sont achev\u00e9es \u00e0 N&rsquo;Djamena trois ann\u00e9es de transition avec l&rsquo;\u00e9lection de Mahamat Idriss D\u00e9by Itno, port\u00e9 au pouvoir par une junte militaire apr\u00e8s la mort de son p\u00e8re Idriss D\u00e9by tu\u00e9 par des rebelles au front.<\/p>\n\n\n\n<p>Menac\u00e9 par des offensives rebelles, D\u00e9by p\u00e8re avait pu compter sur l&rsquo;appui de l&rsquo;arm\u00e9e fran\u00e7aise pour repousser celles-ci en 2008 puis en 2019.<\/p>\n","protected":false},"excerpt":{"rendered":"<p>Le pr\u00e9sident tchadien a assur\u00e9 dimanche que son pays, dernier \u00e0 abriter des forces fran\u00e7aises au Sahel o\u00f9 Moscou gagne<\/p>\n","protected":false},"author":1,"featured_media":47575,"comment_status":"open","ping_status":"open","sticky":false,"template":"","format":"standard","meta":{"footnotes":""},"categories":[51],"tags":[],"class_list":["post-47574","post","type-post","status-publish","format-standard","has-post-thumbnail","hentry","category-general"],"_links":{"self":[{"href":"https:\/\/dekkbi.com\/index.php?rest_route=\/wp\/v2\/posts\/47574","targetHints":{"allow":["GET"]}}],"collection":[{"href":"https:\/\/dekkbi.com\/index.php?rest_route=\/wp\/v2\/posts"}],"about":[{"href":"https:\/\/dekkbi.com\/index.php?rest_route=\/wp\/v2\/types\/post"}],"author":[{"embeddable":true,"href":"https:\/\/dekkbi.com\/index.php?rest_route=\/wp\/v2\/users\/1"}],"replies":[{"embeddable":true,"href":"https:\/\/dekkbi.com\/index.php?rest_route=%2Fwp%2Fv2%2Fcomments&post=47574"}],"version-history":[{"count":1,"href":"https:\/\/dekkbi.com\/index.php?rest_route=\/wp\/v2\/posts\/47574\/revisions"}],"predecessor-version":[{"id":47576,"href":"https:\/\/dekkbi.com\/index.php?rest_route=\/wp\/v2\/posts\/47574\/revisions\/47576"}],"wp:featuredmedia":[{"embeddable":true,"href":"https:\/\/dekkbi.com\/index.php?rest_route=\/wp\/v2\/media\/47575"}],"wp:attachment":[{"href":"https:\/\/dekkbi.com\/index.php?rest_route=%2Fwp%2Fv2%2Fmedia&parent=47574"}],"wp:term":[{"taxonomy":"category","embeddable":true,"href":"https:\/\/dekkbi.com\/index.php?rest_route=%2Fwp%2Fv2%2Fcategories&post=47574"},{"taxonomy":"post_tag","embeddable":true,"href":"https:\/\/dekkbi.com\/index.php?rest_route=%2Fwp%2Fv2%2Ftags&post=47574"}],"curies":[{"name":"wp","href":"https:\/\/api.w.org\/{rel}","templated":true}]}}