{"id":47571,"date":"2024-12-02T09:38:53","date_gmt":"2024-12-02T09:38:53","guid":{"rendered":"https:\/\/dekkbi.com\/?p=47571"},"modified":"2024-12-02T16:20:53","modified_gmt":"2024-12-02T16:20:53","slug":"15e-legislature-politiquement-amadou-ba-doit-garder-son-mandat-de-depute-ousmane-diop-mouvement-awa-thies","status":"publish","type":"post","link":"https:\/\/dekkbi.com\/?p=47571","title":{"rendered":"\u00a0"},"content":{"rendered":"\n<h1 class=\"wp-block-heading\">Barth\u00e9l\u00e9my Dias absent de l\u2019installation de la 15e l\u00e9gislature \u00e0 l\u2019Assemble nationale, la raison d\u00e9voil\u00e9e<\/h1>\n\n\n\n<p>Le d\u00e9put\u00e9-maire de Dakar et leader de la coalition\u00a0<strong>Sam Sa Kadd\u00f9<\/strong>, Barth\u00e9l\u00e9my Dias, a choisi de se rendre \u00e0 Saint-Louis ce dimanche 1er d\u00e9cembre 2024, marquant ainsi son absence \u00e0 l\u2019installation de la XVe l\u00e9gislature \u00e0 l\u2019Assembl\u00e9e nationale. Sa pr\u00e9sence dans la ville nordique vise \u00e0 soutenir ses agents de s\u00e9curit\u00e9, jug\u00e9s au tribunal des flagrants d\u00e9lits suite \u00e0 des incidents survenus le 12 novembre dernier.<\/p>\n\n\n\n<p>Ces affrontements, impliquant des militants de&nbsp;<strong>Sam Sa Kadd\u00f9<\/strong>, ont d\u00e9g\u00e9n\u00e9r\u00e9, entra\u00eenant l\u2019arrestation de 81 personnes, principalement des membres de la s\u00e9curit\u00e9 de la coalition. Ces derniers font face \u00e0 des accusations graves, notamment pour vol avec violence, port d\u2019armes sans autorisation et violation d\u2019un arr\u00eat\u00e9 minist\u00e9riel.<\/p>\n\n\n\n<p>Le proc\u00e8s, pr\u00e9vu pour le 2 d\u00e9cembre 2024 au Tribunal de grande instance de Saint-Louis, cristallise l\u2019attention, particuli\u00e8rement celle du leader de la coalition, qui consid\u00e8re cette affaire comme prioritaire.<\/p>\n\n\n\n<p>Pendant ce temps, l\u2019h\u00e9micycle a accueilli plusieurs d\u00e9put\u00e9s pour la session inaugurale, parmi lesquels&nbsp;<strong>Anta Babacar Ngom<\/strong>&nbsp;et&nbsp;<strong>Cheikh Ahmed Tidiane Youm<\/strong>.<\/p>\n\n\n\n<p><\/p>\n","protected":false},"excerpt":{"rendered":"<p>Barth\u00e9l\u00e9my Dias absent de l\u2019installation de la 15e l\u00e9gislature \u00e0 l\u2019Assemble nationale, la raison d\u00e9voil\u00e9e Le d\u00e9put\u00e9-maire de Dakar et<\/p>\n","protected":false},"author":1,"featured_media":5482,"comment_status":"open","ping_status":"open","sticky":false,"template":"","format":"standard","meta":{"footnotes":""},"categories":[6],"tags":[],"class_list":["post-47571","post","type-post","status-publish","format-standard","has-post-thumbnail","hentry","category-politics"],"_links":{"self":[{"href":"https:\/\/dekkbi.com\/index.php?rest_route=\/wp\/v2\/posts\/47571","targetHints":{"allow":["GET"]}}],"collection":[{"href":"https:\/\/dekkbi.com\/index.php?rest_route=\/wp\/v2\/posts"}],"about":[{"href":"https:\/\/dekkbi.com\/index.php?rest_route=\/wp\/v2\/types\/post"}],"author":[{"embeddable":true,"href":"https:\/\/dekkbi.com\/index.php?rest_route=\/wp\/v2\/users\/1"}],"replies":[{"embeddable":true,"href":"https:\/\/dekkbi.com\/index.php?rest_route=%2Fwp%2Fv2%2Fcomments&post=47571"}],"version-history":[{"count":2,"href":"https:\/\/dekkbi.com\/index.php?rest_route=\/wp\/v2\/posts\/47571\/revisions"}],"predecessor-version":[{"id":47686,"href":"https:\/\/dekkbi.com\/index.php?rest_route=\/wp\/v2\/posts\/47571\/revisions\/47686"}],"wp:featuredmedia":[{"embeddable":true,"href":"https:\/\/dekkbi.com\/index.php?rest_route=\/wp\/v2\/media\/5482"}],"wp:attachment":[{"href":"https:\/\/dekkbi.com\/index.php?rest_route=%2Fwp%2Fv2%2Fmedia&parent=47571"}],"wp:term":[{"taxonomy":"category","embeddable":true,"href":"https:\/\/dekkbi.com\/index.php?rest_route=%2Fwp%2Fv2%2Fcategories&post=47571"},{"taxonomy":"post_tag","embeddable":true,"href":"https:\/\/dekkbi.com\/index.php?rest_route=%2Fwp%2Fv2%2Ftags&post=47571"}],"curies":[{"name":"wp","href":"https:\/\/api.w.org\/{rel}","templated":true}]}}