{"id":47563,"date":"2024-12-02T09:30:41","date_gmt":"2024-12-02T09:30:41","guid":{"rendered":"https:\/\/dekkbi.com\/?p=47563"},"modified":"2024-12-02T12:21:37","modified_gmt":"2024-12-02T12:21:37","slug":"lenorme-patrimoine-foncier-quoccupe-larmee-francaise-a-dakar","status":"publish","type":"post","link":"https:\/\/dekkbi.com\/?p=47563","title":{"rendered":"L\u2019\u00e9norme patrimoine foncier qu\u2019occupe l\u2019arm\u00e9e fran\u00e7aise \u00e0 Dakar"},"content":{"rendered":"\n<p>Le Pr\u00e9sident Diomaye Faye a annonc\u00e9 le d\u00e9part imminent des forces fran\u00e7aises du S\u00e9n\u00e9gal. Dakar va ainsi pouvoir r\u00e9cup\u00e9rer une grosse assiette fonci\u00e8re. En effet, notre pays avait mis \u00e0 la disposition de l\u2019arm\u00e9e fran\u00e7aise plusieurs sites et logements, d\u2019apr\u00e8s la revue \u00ab Confidential Dakar \u00bb lue par Dakaractu. Dans les accords de d\u00e9fense sign\u00e9s en avril 2012 entre Nicolas Sarkozy et Macky Sall, accords dont il est dit :<br><strong>\u00ab La Partie s\u00e9n\u00e9galaise met gracieusement \u00e0 la disposition des forces fran\u00e7aises stationn\u00e9es ou en transit les installations suivantes, \u00e0 titre exclusif :<\/strong><br>\u00a0<br>\u2013 le camp de Ouakam ;<br>\u00a0<br>\u2013 la station d&rsquo;\u00e9mission interarm\u00e9es de Rufisque ;<br>\u00a0<br>\u2013 Le parc de Hann.<br>\u00a0<br><strong>La Partie s\u00e9n\u00e9galaise met gracieusement \u00e0 la disposition des forces fran\u00e7aises stationn\u00e9es ou en transit les emprises suivantes, \u00e0 titre non exclusif :<\/strong><br>\u00a0<br>\u2013 a\u00e9roport L.-S. Senghor, partie militaire ;<br>\u00a0<br>\u2013 celles des emprises de la base navale des forces arm\u00e9es s\u00e9n\u00e9galaises occup\u00e9es par les forces fran\u00e7aises (unit\u00e9 marine, direction des travaux, direction interarm\u00e9es du service de sant\u00e9 des arm\u00e9es, centre m\u00e9dical interarm\u00e9es et poste Protection S\u00e9curit\u00e9 D\u00e9fense).<br>\u00a0<br><strong>La partie s\u00e9n\u00e9galaise met gracieusement \u00e0 la disposition de la partie fran\u00e7aise les logements suivants, \u00e0 titre exclusif :<\/strong><br>\u00a0<br>\u2013 les villas d&rsquo;autorit\u00e9s de la Pointe de la Rade ;<br>\u00a0<br>\u2013 les logements de la cit\u00e9 Saint Exup\u00e9ry ;<br>\u00a0<br>\u2013 les logements de l&rsquo;unit\u00e9 marine ;<br>\u00a0<br>\u2013 les logements du camp de Ouakam ;<br>\u00a0<br>\u2013 les logements du parc de Hann ;<br>\u00a0<br>\u2013 les logements de la station d&rsquo;\u00e9mission interarm\u00e9es de Rufisque<\/p>\n\n\n\n<p>SOURCE DAKARACTU<\/p>\n","protected":false},"excerpt":{"rendered":"<p>Le Pr\u00e9sident Diomaye Faye a annonc\u00e9 le d\u00e9part imminent des forces fran\u00e7aises du S\u00e9n\u00e9gal. Dakar va ainsi pouvoir r\u00e9cup\u00e9rer une<\/p>\n","protected":false},"author":1,"featured_media":47564,"comment_status":"open","ping_status":"open","sticky":false,"template":"","format":"standard","meta":{"footnotes":""},"categories":[26],"tags":[],"class_list":["post-47563","post","type-post","status-publish","format-standard","has-post-thumbnail","hentry","category-fait-divers"],"_links":{"self":[{"href":"https:\/\/dekkbi.com\/index.php?rest_route=\/wp\/v2\/posts\/47563","targetHints":{"allow":["GET"]}}],"collection":[{"href":"https:\/\/dekkbi.com\/index.php?rest_route=\/wp\/v2\/posts"}],"about":[{"href":"https:\/\/dekkbi.com\/index.php?rest_route=\/wp\/v2\/types\/post"}],"author":[{"embeddable":true,"href":"https:\/\/dekkbi.com\/index.php?rest_route=\/wp\/v2\/users\/1"}],"replies":[{"embeddable":true,"href":"https:\/\/dekkbi.com\/index.php?rest_route=%2Fwp%2Fv2%2Fcomments&post=47563"}],"version-history":[{"count":1,"href":"https:\/\/dekkbi.com\/index.php?rest_route=\/wp\/v2\/posts\/47563\/revisions"}],"predecessor-version":[{"id":47565,"href":"https:\/\/dekkbi.com\/index.php?rest_route=\/wp\/v2\/posts\/47563\/revisions\/47565"}],"wp:featuredmedia":[{"embeddable":true,"href":"https:\/\/dekkbi.com\/index.php?rest_route=\/wp\/v2\/media\/47564"}],"wp:attachment":[{"href":"https:\/\/dekkbi.com\/index.php?rest_route=%2Fwp%2Fv2%2Fmedia&parent=47563"}],"wp:term":[{"taxonomy":"category","embeddable":true,"href":"https:\/\/dekkbi.com\/index.php?rest_route=%2Fwp%2Fv2%2Fcategories&post=47563"},{"taxonomy":"post_tag","embeddable":true,"href":"https:\/\/dekkbi.com\/index.php?rest_route=%2Fwp%2Fv2%2Ftags&post=47563"}],"curies":[{"name":"wp","href":"https:\/\/api.w.org\/{rel}","templated":true}]}}