{"id":47540,"date":"2024-11-29T13:23:15","date_gmt":"2024-11-29T13:23:15","guid":{"rendered":"https:\/\/dekkbi.com\/?p=47540"},"modified":"2024-11-29T13:23:15","modified_gmt":"2024-11-29T13:23:15","slug":"accord-ue-mercosur-la-france-peut-elle-reunir-assez-de-pays-opposes-au-traite-de-libre-echange-pour-obtenir-une-minorite-de-blocage","status":"publish","type":"post","link":"https:\/\/dekkbi.com\/?p=47540","title":{"rendered":"Accord UE-Mercosur : la France peut-elle r\u00e9unir assez de pays oppos\u00e9s au trait\u00e9 de libre-\u00e9change pour obtenir une minorit\u00e9 de blocage ?"},"content":{"rendered":"\n<p>Pour r\u00e9ussir \u00e0 faire rejeter le texte, la France doit rallier au moins trois autres pays, repr\u00e9sentant avec elle plus de 35% de la population de l&rsquo;Union europ\u00e9enne. Seule la Pologne s&rsquo;est pour le moment d\u00e9clar\u00e9e oppos\u00e9e au trait\u00e9.<\/p>\n\n\n\n<p>La France assume son r\u00f4le de fer de lance de l&rsquo;opposition au trait\u00e9 UE-Mercosur.\u00a0Forte d&rsquo;un\u00a0<em>\u00ab\u00a0mandat d\u00e9mocratique\u00a0\u00bb<\/em>\u00a0apr\u00e8s le vote des d\u00e9put\u00e9s\u00a0et des s\u00e9nateurs, respectivement mardi 26 et mercredi 27\u00a0novembre, contre l&rsquo;accord de libre-\u00e9change en pr\u00e9paration, Paris dispose d&rsquo;une\u00a0<em>\u00ab\u00a0l\u00e9gitimit\u00e9 pour d\u00e9fendre la voix du &lsquo;non&rsquo; aupr\u00e8s de la Commission et du Conseil europ\u00e9en\u00a0\u00bb<\/em>, s&rsquo;est f\u00e9licit\u00e9e la ministre d\u00e9l\u00e9gu\u00e9e au Commerce ext\u00e9rieur, Sophie Primas. Mais concr\u00e8tement, la France peut-elle esp\u00e9rer voir son opposition en venir \u00e0 bout\u00a0?\u00a0<\/p>\n\n\n\n<p>Le Conseil de l\u2019Union europ\u00e9enne, compos\u00e9 des ministres des 27 Etats membres, doit approuver\u00a0l&rsquo;accord entre l&rsquo;UE et le Mercosur\u00a0\u00e0 la majorit\u00e9 qualifi\u00e9e. Il faut que 55% des Etats membres (soit 15 sur 27), repr\u00e9sentant au moins 65% de la population totale de l&rsquo;UE, expriment un vote favorable au trait\u00e9,\u00a0explique le site de l&rsquo;institution(Nouvelle fen\u00eatre). La France n&rsquo;a donc aucune chance d&rsquo;arr\u00eater \u00e0 elle seule la signature de l&rsquo;accord de libre-\u00e9change. En revanche, elle peut constituer, \u00e0 une double condition, une minorit\u00e9 de blocage. Pour ce faire, il lui faudrait rallier trois autres pays qui repr\u00e9senteraient avec elle plus de 35% de la population de l\u2019Union europ\u00e9enne, explique\u00a0le site du Conseil de l&rsquo;UE(Nouvelle fen\u00eatre). Dans ce cas, l&rsquo;accord serait rejet\u00e9 et le projet suspendu.<\/p>\n\n\n\n<p>Ce syst\u00e8me emp\u00eache les Etats faiblement peupl\u00e9s de disposer d&rsquo;une influence disproportionn\u00e9e en se rassemblant \u00e0 quatre, tout en \u00e9vitant que les pays les plus peupl\u00e9s, comme la France et l&rsquo;Allemagne, ne soient capables de bloquer une d\u00e9cision \u00e0 eux seuls du fait de leur population.<\/p>\n\n\n\n<h2 class=\"wp-block-heading\">Des pays qui \u00ab\u00a0doutent\u00a0\u00bb&nbsp;courtis\u00e9s par Paris&nbsp;<\/h2>\n\n\n\n<p>Ainsi, depuis plusieurs jours, la France tente de rallier d&rsquo;autres pays \u00e0 sa cause. Interrog\u00e9e samedi sur franceinfo, l&rsquo;eurod\u00e9put\u00e9e (Renew)&nbsp;Val\u00e9rie Hayer assurait que<em>&nbsp;<\/em><em>\u00ab\u00a0la France est active pour travailler \u00e0 une minorit\u00e9 de blocage\u00a0\u00bb<\/em>. Parmi ces&nbsp;<em>\u00ab\u00a0autres pays\u00a0\u00bb<\/em>&nbsp;pr\u00e9sentant<em>&nbsp;\u00ab\u00a0de s\u00e9rieux doutes\u00a0\u00bb&nbsp;<\/em>quant \u00e0 cet accord, l&rsquo;eurod\u00e9put\u00e9e citait&nbsp;<em>\u00ab\u00a0l&rsquo;Irlande, la Belgique, les Pays-Bas, l&rsquo;Italie, l&rsquo;Autriche, la Pologne ou encore la Roumanie\u00a0\u00bb.<\/em>&nbsp;<\/p>\n\n\n\n<p>Mardi, le Premier ministre polonais, Donald Tusk, a confirm\u00e9 cette position, d\u00e9clarant \u00e0 la presse que<em>&nbsp;\u00ab\u00a0la Pologne n\u2019acceptera pas l\u2019accord de libre-\u00e9change avec le bloc Mercosur, sous cette forme\u00a0\u00bb<\/em>.&nbsp;Le ministre de l\u2019Agriculture italien, Francesco Lollobrigida, avait quant \u00e0 lui, d\u00e8s le 18 novembre, estim\u00e9 que le trait\u00e9&nbsp;<em>\u00ab\u00a0sous sa forme actuelle n&rsquo;est pas acceptable\u00a0\u00bb<\/em>, avant d&rsquo;\u00eatre d\u00e9savou\u00e9&nbsp;par son coll\u00e8gue des Affaires \u00e9trang\u00e8res, Antonio Tajani.<em>&nbsp;<\/em>En Autriche, c&rsquo;est le ministre du Travail et de l&rsquo;Economie, Martin Kocher, qui a fait part d&rsquo;une possible r\u00e9ticence de Vienne, en d\u00e9clarant attendre&nbsp;<em>\u00ab\u00a0qu&rsquo;un texte soit pr\u00e9sent\u00e9\u00a0\u00bb<\/em>&nbsp;avant de pouvoir&nbsp;<em>\u00ab\u00a0en discuter\u00a0\u00bb.&nbsp;<\/em>Bref, des doutes et des signaux, mais<em>&nbsp;<\/em>rien qui ne permette de savoir comment voteront les 27 le jour&nbsp;J.&nbsp;<\/p>\n\n\n\n<p>Selon les donn\u00e9es de r\u00e9f\u00e9rence d&rsquo;Eurostat(Nouvelle fen\u00eatre), les 27 pays membres comptent\u00a0451\u00a0028\u00a0881 habitants. Pour faire \u00e9chouer l&rsquo;adoption de l&rsquo;accord UE-Mercosur, la France et ses alli\u00e9s devraient repr\u00e9senter au moins\u00a0157\u00a0860\u00a0108 Europ\u00e9ens.<\/p>\n\n\n\n<h2 class=\"wp-block-heading\">Le r\u00f4le cl\u00e9 de l&rsquo;Italie<\/h2>\n\n\n\n<p>A elles deux, la France et la Pologne totalisent&nbsp;105&nbsp;967&nbsp;712 habitants. Reste donc \u00e0 trouver deux autres alli\u00e9s, repr\u00e9sentant au moins 51&nbsp;892&nbsp;396 habitants. L&rsquo;Italie permettrait \u00e0 elle seule d&rsquo;atteindre ce palier de 35% de la population europ\u00e9enne, mais il resterait alors un autre pays, quel qu&rsquo;il soit, \u00e0 convaincre.&nbsp;<\/p>\n\n\n\n<p>En revanche, si l&rsquo;Italie donnait son feu vert au trait\u00e9, la minorit\u00e9 de blocage serait compromise&nbsp;: m\u00eame avec les voix de l&rsquo;Autriche, des Pays-Bas, de la Belgique et de l&rsquo;Irlande, les Etats anti-Mercosur ne rassemblent pas les fameux 35% (avec 150&nbsp;373&nbsp;129 habitants \u00e0 eux six). L&rsquo;appoint d&rsquo;autres pays, comme la Roumanie, serait alors indispensable pour passer ce cap.<\/p>\n","protected":false},"excerpt":{"rendered":"<p>Pour r\u00e9ussir \u00e0 faire rejeter le texte, la France doit rallier au moins trois autres pays, repr\u00e9sentant avec elle plus<\/p>\n","protected":false},"author":1,"featured_media":47541,"comment_status":"open","ping_status":"open","sticky":false,"template":"","format":"standard","meta":{"footnotes":""},"categories":[3],"tags":[],"class_list":["post-47540","post","type-post","status-publish","format-standard","has-post-thumbnail","hentry","category-event-more-news"],"_links":{"self":[{"href":"https:\/\/dekkbi.com\/index.php?rest_route=\/wp\/v2\/posts\/47540","targetHints":{"allow":["GET"]}}],"collection":[{"href":"https:\/\/dekkbi.com\/index.php?rest_route=\/wp\/v2\/posts"}],"about":[{"href":"https:\/\/dekkbi.com\/index.php?rest_route=\/wp\/v2\/types\/post"}],"author":[{"embeddable":true,"href":"https:\/\/dekkbi.com\/index.php?rest_route=\/wp\/v2\/users\/1"}],"replies":[{"embeddable":true,"href":"https:\/\/dekkbi.com\/index.php?rest_route=%2Fwp%2Fv2%2Fcomments&post=47540"}],"version-history":[{"count":1,"href":"https:\/\/dekkbi.com\/index.php?rest_route=\/wp\/v2\/posts\/47540\/revisions"}],"predecessor-version":[{"id":47542,"href":"https:\/\/dekkbi.com\/index.php?rest_route=\/wp\/v2\/posts\/47540\/revisions\/47542"}],"wp:featuredmedia":[{"embeddable":true,"href":"https:\/\/dekkbi.com\/index.php?rest_route=\/wp\/v2\/media\/47541"}],"wp:attachment":[{"href":"https:\/\/dekkbi.com\/index.php?rest_route=%2Fwp%2Fv2%2Fmedia&parent=47540"}],"wp:term":[{"taxonomy":"category","embeddable":true,"href":"https:\/\/dekkbi.com\/index.php?rest_route=%2Fwp%2Fv2%2Fcategories&post=47540"},{"taxonomy":"post_tag","embeddable":true,"href":"https:\/\/dekkbi.com\/index.php?rest_route=%2Fwp%2Fv2%2Ftags&post=47540"}],"curies":[{"name":"wp","href":"https:\/\/api.w.org\/{rel}","templated":true}]}}