{"id":47517,"date":"2024-11-29T12:55:45","date_gmt":"2024-11-29T12:55:45","guid":{"rendered":"https:\/\/dekkbi.com\/?p=47517"},"modified":"2024-11-29T12:55:45","modified_gmt":"2024-11-29T12:55:45","slug":"presidentielle-en-roumanie-la-cour-constitutionnelle-ordonne-un-recomptage-des-bulletins-du-premier-tour","status":"publish","type":"post","link":"https:\/\/dekkbi.com\/?p=47517","title":{"rendered":"Pr\u00e9sidentielle en Roumanie: la Cour constitutionnelle ordonne un recomptage des bulletins du premier tour"},"content":{"rendered":"\n<p>La Cour constitutionnelle roumaine a ordonn\u00e9 ce jeudi 28 novembre un recomptage des voix du premier tour de la pr\u00e9sidentielle, apr\u00e8s la qualification surprise dimanche d&rsquo;un candidat d&rsquo;extr\u00eame droite pro-russe et l&rsquo;\u00e9limination du Premier ministre.&nbsp;La Cour doit se r\u00e9unir de nouveau ce vendredi \u00e0 12h00 TU.<\/p>\n\n\n\n<p>Par : RFI avec agences<\/p>\n\n\n\n<p>En\u00a0<strong>Roumanie<\/strong>, la Cour constitutionnelle, saisie d&rsquo;une demande d&rsquo;annulation du scrutin par un autre candidat, \u00ab\u00a0<em>a ordonn\u00e9 \u00e0 l&rsquo;unanimit\u00e9 la v\u00e9rification et le recomptage de tous les bulletins de vote<\/em>\u00a0\u00bb, selon un communiqu\u00e9. Cristian Terhes, d\u00e9put\u00e9 europ\u00e9en d&rsquo;extr\u00eame droite, arriv\u00e9 en neuvi\u00e8me position\u00a0<strong>lors du scrutin dimanche<\/strong>, accuse un des partis d&rsquo;avoir continu\u00e9 \u00e0 faire campagne en ligne apr\u00e8s le d\u00e9lai autoris\u00e9. Il estime que cela a pu favoriser Elena Lasconi, maire centriste d&rsquo;une petite ville, arriv\u00e9e en deuxi\u00e8me position, juste devant le Premier ministre Marcel Ciolacu qui s&rsquo;est retrouv\u00e9 \u00e9cart\u00e9 de la course alors qu&rsquo;il faisait figure de favori.\u00a0La Cour constitutionnelle a par ailleurs rejet\u00e9 un autre recours, re\u00e7u \u00ab<em>\u00a0tardivement<\/em>\u00a0\u00bb, qui d\u00e9non\u00e7ait le financement opaque de la campagne de Calin Georgescu, arriv\u00e9 contre toute attente en t\u00eate du premier tour.<\/p>\n\n\n\n<p>Cet ancien haut fonctionnaire roumain, admirateur du pr\u00e9sident russe Vladimir Poutine et oppos\u00e9 \u00e0 l&rsquo;aide \u00e0 l&rsquo;Ukraine, a su convaincre avec une campagne sur TikTok devenue virale, qui suscite l&rsquo;interrogation des autorit\u00e9s roumaines. Mercredi, un haut responsable de l&rsquo;autorit\u00e9 roumaine de r\u00e9gulation des t\u00e9l\u00e9communications a par ailleurs demand\u00e9 la suspension de TikTok dans l&rsquo;attente d&rsquo;une enqu\u00eate sur le r\u00f4le potentiel de la plate-forme dans les \u00e9lections.<\/p>\n\n\n\n<p>Ce jeudi, le Conseil supr\u00eame de la d\u00e9fense nationale, apr\u00e8s une r\u00e9union, a de son c\u00f4t\u00e9 estim\u00e9 que la plate-forme TikTok a accord\u00e9 \u00ab&nbsp;<em>un traitement pr\u00e9f\u00e9rentiel&nbsp;<\/em>\u00bb \u00e0 Calin Georgescu. Ce dernier, qui n&rsquo;est pas nomm\u00e9ment d\u00e9sign\u00e9, \u00ab&nbsp;<em>a b\u00e9n\u00e9fici\u00e9 d&rsquo;une exposition massive<\/em>&nbsp;\u00bb sur le r\u00e9seau social \u00ab&nbsp;<em>qui ne l&rsquo;a pas \u00e9tiquet\u00e9 comme candidat politique&nbsp;<\/em>\u00bb, selon un communiqu\u00e9 de la pr\u00e9sidence. Ce qui a eu \u00ab<em>&nbsp;un impact sur le r\u00e9sultat final<\/em>&nbsp;\u00bb du scrutin et n\u00e9cessite l&rsquo;instauration de \u00ab&nbsp;<em>mesures d&rsquo;urgence<\/em>&nbsp;\u00bb.<\/p>\n\n\n\n<h2 class=\"wp-block-heading\">Des \u00ab&nbsp;<em>cyberattaques<\/em>&nbsp;\u00bb constat\u00e9es<\/h2>\n\n\n\n<p>La Roumanie a constat\u00e9 des \u00ab&nbsp;<em>cyberattaques<\/em>&nbsp;\u00bb visant \u00e0 \u00ab&nbsp;<em>influencer la r\u00e9gularit\u00e9 du processus \u00e9lectoral<\/em>&nbsp;\u00bb en cours, a annonc\u00e9 la pr\u00e9sidence dans un communiqu\u00e9.&nbsp;\u00c0 l&rsquo;issue d&rsquo;une r\u00e9union du Conseil supr\u00eame de la d\u00e9fense nationale, les autorit\u00e9s notent par ailleurs \u00ab&nbsp;<em>un int\u00e9r\u00eat croissant<\/em>&nbsp;\u00bb de la part de la Russie afin \u00ab&nbsp;<em>d&rsquo;influencer l&rsquo;agenda public roumain<\/em>&nbsp;[&#8230;]&nbsp;<em>dans le contexte actuel de s\u00e9curit\u00e9 r\u00e9gionale<\/em>&nbsp;\u00bb.<\/p>\n\n\n\n<p>Les r\u00e9sultats du premier tour de l&rsquo;\u00e9lection pr\u00e9sidentielle ont provoqu\u00e9 une onde de choc dans le pays d&rsquo;Europe orientale de 19 millions d&rsquo;habitants et pourraient menacer la position r\u00e9solument pro-ukrainienne de Bucarest. Voisin de l&rsquo;Ukraine, ce membre de l&rsquo;Union europ\u00e9enne et de\u00a0<strong>l&rsquo;Otan<\/strong>\u00a0avait jusqu&rsquo;ici r\u00e9sist\u00e9 aux positions nationalistes, se d\u00e9marquant de la Hongrie ou de la Slovaquie.<\/p>\n\n\n\n<p>Au total, 9,46 millions de suffrages ont \u00e9t\u00e9 d\u00e9compt\u00e9s au premier tour de la pr\u00e9sidentielle.&nbsp;Le second tour est pr\u00e9vu le 8 d\u00e9cembre, apr\u00e8s les \u00e9lections l\u00e9gislatives dimanche 1er d\u00e9cembre.<\/p>\n","protected":false},"excerpt":{"rendered":"<p>La Cour constitutionnelle roumaine a ordonn\u00e9 ce jeudi 28 novembre un recomptage des voix du premier tour de la pr\u00e9sidentielle,<\/p>\n","protected":false},"author":1,"featured_media":47518,"comment_status":"open","ping_status":"open","sticky":false,"template":"","format":"standard","meta":{"footnotes":""},"categories":[51],"tags":[],"class_list":["post-47517","post","type-post","status-publish","format-standard","has-post-thumbnail","hentry","category-general"],"_links":{"self":[{"href":"https:\/\/dekkbi.com\/index.php?rest_route=\/wp\/v2\/posts\/47517","targetHints":{"allow":["GET"]}}],"collection":[{"href":"https:\/\/dekkbi.com\/index.php?rest_route=\/wp\/v2\/posts"}],"about":[{"href":"https:\/\/dekkbi.com\/index.php?rest_route=\/wp\/v2\/types\/post"}],"author":[{"embeddable":true,"href":"https:\/\/dekkbi.com\/index.php?rest_route=\/wp\/v2\/users\/1"}],"replies":[{"embeddable":true,"href":"https:\/\/dekkbi.com\/index.php?rest_route=%2Fwp%2Fv2%2Fcomments&post=47517"}],"version-history":[{"count":1,"href":"https:\/\/dekkbi.com\/index.php?rest_route=\/wp\/v2\/posts\/47517\/revisions"}],"predecessor-version":[{"id":47519,"href":"https:\/\/dekkbi.com\/index.php?rest_route=\/wp\/v2\/posts\/47517\/revisions\/47519"}],"wp:featuredmedia":[{"embeddable":true,"href":"https:\/\/dekkbi.com\/index.php?rest_route=\/wp\/v2\/media\/47518"}],"wp:attachment":[{"href":"https:\/\/dekkbi.com\/index.php?rest_route=%2Fwp%2Fv2%2Fmedia&parent=47517"}],"wp:term":[{"taxonomy":"category","embeddable":true,"href":"https:\/\/dekkbi.com\/index.php?rest_route=%2Fwp%2Fv2%2Fcategories&post=47517"},{"taxonomy":"post_tag","embeddable":true,"href":"https:\/\/dekkbi.com\/index.php?rest_route=%2Fwp%2Fv2%2Ftags&post=47517"}],"curies":[{"name":"wp","href":"https:\/\/api.w.org\/{rel}","templated":true}]}}