{"id":47510,"date":"2024-11-29T12:42:56","date_gmt":"2024-11-29T12:42:56","guid":{"rendered":"https:\/\/dekkbi.com\/?p=47510"},"modified":"2024-11-29T12:42:57","modified_gmt":"2024-11-29T12:42:57","slug":"espagne-la-region-de-valence-un-mois-apres-la-crue-les-sequelles-et-la-colere","status":"publish","type":"post","link":"https:\/\/dekkbi.com\/?p=47510","title":{"rendered":"Espagne: la r\u00e9gion de Valence, un mois apr\u00e8s la crue, les s\u00e9quelles et la col\u00e8re"},"content":{"rendered":"\n<p>Le 29 octobre, le sud de l&rsquo;Espagne vivait des inondations d\u00e9vastatrices. Le bilan est d\u2019au moins 230 morts, la tr\u00e8s grande majorit\u00e9 dans la r\u00e9gion de Valence. Un nombre encore provisoire, car selon la presse locale, quatre personnes restent disparues. Le torrent d&rsquo;eau a aussi provoqu\u00e9 de lourds d\u00e9g\u00e2ts mat\u00e9riels. Tout en essayant de se relever du chaos, la population oscille entre d\u00e9sarroi et rancoeur. Rassemblements et manifestations sont pr\u00e9vus dans de nombreuses communes \u00e0 partir de ce soir.<\/p>\n\n\n\n<p><em>Avec notre envoy\u00e9e sp\u00e9ciale \u00e0 Valence,\u00a0<\/em><strong>Pauline Gleize<\/strong> &#8211; SOURCE RFI<\/p>\n\n\n\n<p>Les stigmates de la crue sont encore criants, \u00e0 certains endroits plus qu\u2019ailleurs. Dans les rues et art\u00e8res, le gros de la boue a \u00e9t\u00e9 d\u00e9blay\u00e9. Mais \u00e0 Massanassa, une commune de l\u2019agglom\u00e9ration valencienne, les murs sont recouverts d\u2019une croute de terre s\u00e9ch\u00e9e, quelques b\u00e2timents sont \u00e9ventr\u00e9s. Cette terre sature l\u2019air dans les rues les plus passantes lorsqu\u2019au passage des v\u00e9hicules, sur des routes encrass\u00e9es et ab\u00eem\u00e9es, ils soul\u00e8vent des nuages de poussi\u00e8re. Les carcasses de carrosseries qui jonchaient les rues ont, elles, \u00e9t\u00e9 d\u00e9plac\u00e9es pour lib\u00e9rer le passage. Beaucoup sont encore entass\u00e9es dans des cimeti\u00e8res de voitures improvis\u00e9s en lisi\u00e8re de la ville.<\/p>\n\n\n\n<p>Les op\u00e9rations de nettoyage se poursuivent, mais leur nature a chang\u00e9. Dans les jours qui ont suivi la crue, l\u2019objet phare visible dans toutes les mains, c\u2019\u00e9tait le balai. D\u00e9sormais, c\u2019est plut\u00f4t le nettoyeur \u00e0 haute pression.<\/p>\n\n\n\n<p>\u00c9galement tr\u00e8s pr\u00e9sents, les camions-bennes, et autres v\u00e9hicules pour curer les \u00e9gouts, parfois venus d\u2019autres r\u00e9gions, et m\u00eame d\u2019autres pays, comme le Maroc qui a fourni de l\u2019aide. \u00ab&nbsp;Il reste encore \u00e9norm\u00e9ment de travail \u00e0 faire, il y a des centaines de garages et de sous-sols inond\u00e9s, des b\u00e2timents endommag\u00e9s, des entreprises ferm\u00e9es, des voies coup\u00e9es, des villages entiers qui n&rsquo;ont pas encore retrouv\u00e9 une vie normale&nbsp;\u00bb, a reconnu mercredi 27 novembre le Premier ministre socialiste Pedro S\u00e1nchez devant les d\u00e9put\u00e9s.<\/p>\n\n\n\n<h2 class=\"wp-block-heading\">L\u2019alimentation, une mission du quotidien<\/h2>\n\n\n\n<p>La situation diverge en fonction des quartiers et des communes. Pour autant, nulle part la vie n\u2019est revenue \u00e0 la normale. M\u00eame \u00e0 La Torre, plus avanc\u00e9 dans le nettoyage. Les commerces ne rouvrent leurs portes qu\u2019au compte-gouttes. Sur le parvis, plus de distribution de m\u00e9dicaments.Une pharmacie est op\u00e9rationnelle, mais depuis peu.<\/p>\n\n\n\n<p>Faire ses courses est aussi un vrai d\u00e9fi. L\u2019un des rideaux de fer, pli\u00e9 par la crue, reste baiss\u00e9, mais l&rsquo;\u00e9picerie de Sundas, un commer\u00e7ant, est l\u2019un des rares magasins \u00e0 retrouver son activit\u00e9. \u00ab<em>&nbsp;Il me faudrait plus d\u2019\u00e9tag\u00e8res et de r\u00e9frig\u00e9rateurs, mais comme il y avait seulement besoin de fruits, le matin j\u2019en ram\u00e8ne, je les laisse l\u00e0 et c\u2019est tout. Et puis on n\u2019a pas d\u2019argent pour tout acheter, donc on n&rsquo;ach\u00e8te que des fruits pour tenir le coup. Pour le reste, en face, ils donnent des choses aux habitants.&nbsp;<\/em>\u00bb<\/p>\n\n\n\n<p>\u00ab&nbsp;En face&nbsp;\u00bb, sur la place de l&rsquo;\u00e9glise, une aide aux sinistr\u00e9s est centralis\u00e9e depuis l\u2019inondation. Marc\u00e8, une volontaire, d\u00e9charge des caisses de plats chauds<em>.&nbsp;<\/em>\u00ab&nbsp;<em>Beaucoup de gens ne travaillent toujours pas, les commerces sont d\u00e9truits. Dans beaucoup d\u2019immeubles, les ascenseurs ne fonctionnent pas et les personnes \u00e2g\u00e9es ne peuvent pas descendre, donc on livre \u00e0 domicile.&nbsp;<\/em>\u00bb<\/p>\n\n\n\n<p>Dans la file qui se forme devant le barnum, Santiago vient chercher \u00e0 manger pour sa famille et prendre un sandwich avant d\u2019aller en cours<em>.&nbsp;<\/em>\u00ab&nbsp;<em>On a de la nourriture \u00e0 la maison, mais il nous manque des ingr\u00e9dients. Le supermarch\u00e9 est ferm\u00e9. Je suis all\u00e9 plusieurs fois \u00e0 celui de San Marcelino, et il n\u2019y a rien, pas de lait, pas d\u2019\u0153ufs\u2026 m\u00eame si l\u2019eau n\u2019est pas arriv\u00e9e l\u00e0-bas, ils sont d\u00e9pass\u00e9s.<\/em>&nbsp;\u00bb<\/p>\n\n\n\n<p>Jose Vicente,sac de courses au bout des bras, a pr\u00e9f\u00e9r\u00e9 malgr\u00e9 tout aller au supermarch\u00e9 de l\u2019autre c\u00f4t\u00e9 du pont, quitte \u00e0 s\u2019armer de patience. Faute de voitures, les transports en commun qui circulent sont satur\u00e9s&nbsp;: \u00ab<em>&nbsp;Huit bus \u00e9taient complets, il a fallu attendre le neuvi\u00e8me.<\/em>\u00bb<\/p>\n\n\n\n<p>Le Fonds mon\u00e9taire international s\u2019attend \u00e0 un impact limit\u00e9 sur le PIB de l\u2019Espagne. Les d\u00e9g\u00e2ts pourraient co\u00fbter jusqu&rsquo;\u00e0 0,2 point de croissance au pays au quatri\u00e8me trimestre, selon le gouverneur de la banque d&rsquo;Espagne, Jos\u00e9 Luis Escriv\u00e1.<\/p>\n\n\n\n<p>Jeudi, le ministre de l&rsquo;\u00c9conomie, Carlos Cuerpo, a \u00e9num\u00e9r\u00e9 les dommages caus\u00e9s par ces inondations \u00e0 partir de donn\u00e9es des assurances : 69 000 habitations, 125 000 v\u00e9hicules et 12 500 commerces ont \u00e9t\u00e9 touch\u00e9s. En tout, le gouvernement a promis 16,6 milliards d&rsquo;euros d&rsquo;aide et de pr\u00eats, et des milliers de soldats, pompiers et policiers sont d\u00e9ploy\u00e9s pour les op\u00e9rations de nettoyage et de reconstruction, sans parvenir \u00e0 faire taire totalement les critiques visant les politiques depuis la trag\u00e9die.<\/p>\n\n\n\n<p>Mais localement, c\u2019est tout un tissu \u00e9conomique qui n\u2019est pas encore pr\u00eat \u00e0 repartir. Toutes les \u00e9coles n\u2019ont pas pu rouvrir. Des locaux alternatifs ont pu \u00eatre trouv\u00e9s pour certains \u00e9l\u00e8ves, et d\u2019autres ont des cours \u00e0 distance. Pas toujours facile avec un r\u00e9seau internet encore capricieux.<\/p>\n\n\n\n<h2 class=\"wp-block-heading\">Les habitants, entre cauchemars nocturnes et col\u00e8re<\/h2>\n\n\n\n<p>M\u00eame si la situation s&rsquo;am\u00e9liore, les sinistr\u00e9s sont \u00e9prouv\u00e9s par le mois qui vient de s\u2019\u00e9couler. Plusieurs confient faire des cauchemars. Pascual Marin, qui s&rsquo;affaire dans la maison de son p\u00e8re, est las : \u00ab&nbsp;<em>On se sent comme dans le film \u00ab\u00a0un jour sans fin\u00a0\u00bb : chaque jour on se l\u00e8ve, et c\u2019est toujours la m\u00eame chose et on nettoie la fa\u00e7ade au tuyau et regardez comment c\u2019est\u2026 On dirait que \u00e7a n\u2019en finira jamais.<\/em>&nbsp;\u00bb<\/p>\n\n\n\n<p>L\u2019appartement de Sandra Giner, situ\u00e9 en hauteur, a \u00e9t\u00e9 \u00e9pargn\u00e9, mais elle s&rsquo;affaire depuis un mois \u00e0 nettoyer la maison de son p\u00e8re dans le quartier de La Torre. C\u2019est la maison de son enfance. \u00ab<em>&nbsp;On est mal psychologiquement, physiquement. Nos maisons, nos voitures ont souffert aussi. On est affect\u00e9s \u00e9conomiquement. On est affect\u00e9s de tous les c\u00f4t\u00e9s.<\/em>&nbsp;\u00bb L\u2019incompr\u00e9hension se m\u00eale \u00e0 la col\u00e8re&nbsp;: \u00ab&nbsp;<em>\u00e0 travers certaines informations, on voit qu&rsquo;ils s&rsquo;en fichent de ce qu&rsquo;il se passe ici. C&rsquo;est \u00ab\u00a0j&rsquo;accuse un tel, j&rsquo;accuse l&rsquo;autre, j&rsquo;augmente un salaire\u00a0\u00bb. On a du mal \u00e0 comprendre, qu&rsquo;ils viennent ou pas, on se sent un peu abandonn\u00e9s&#8230; Et c&rsquo;est une douleur suppl\u00e9mentaire. Ils auraient d\u00fb r\u00e9agir sur le moment, mais bon, on comprend que c\u2019\u00e9tait le moment le plus dur. Mais maintenant : toujours pas ? Ce n&rsquo;est pas une question de temps mais d&rsquo;envie&nbsp;<\/em>\u00bb, ass\u00e8ne-t-elle.<\/p>\n\n\n\n<p>Quasiment quatre semaines apr\u00e8s la visite chaotique du couple royal, du Premier ministre Pedro Sanchez et du pr\u00e9sident de r\u00e9gion Carlos Mazon, la col\u00e8re est bien r\u00e9elle, nourrie par un sentiment d\u2019abandon d\u00e9crit, \u00e0 nouveau, par cette habitante&nbsp;: \u00ab<em>Ma maison a \u00e9t\u00e9 ravag\u00e9e, ma m\u00e8re a \u00e9t\u00e9 expuls\u00e9e \u00e0 cause d\u2019un risque d\u2019effondrement. Elle va dormir chez des amis, aucune administration ne lui a pas propos\u00e9 de relogement, ni rien.&nbsp;<\/em>\u00bb<\/p>\n\n\n\n<p>Un mois jour pour jour apr\u00e8s la&nbsp;<em>dana<\/em>, le nom local pour le ph\u00e9nom\u00e8ne climatique de goutte froide, dont celui-ci a \u00e9t\u00e9 historiquement violent, des rassemblements sont pr\u00e9vus ce soir dans toutes les communes. Des alarmes devraient retentir sur les t\u00e9l\u00e9phones, \u00e0 20h11, l\u2019heure \u00e0 laquelle l\u2019alerte a \u00e9t\u00e9 donn\u00e9e alors que certaines communes \u00e9taient d\u00e9j\u00e0 inond\u00e9es<em>.&nbsp;<\/em>Une minute de silence devrait suivre.<\/p>\n\n\n\n<h2 class=\"wp-block-heading\">Un parfum de corruption en toile de fond<\/h2>\n\n\n\n<p>Ce samedi, un appel \u00e0 manifester contre les autorit\u00e9s r\u00e9gionales a \u00e9t\u00e9 lanc\u00e9 par une centaine d\u2019associations et syndicats r\u00e9gionaux. Au d\u00e9but du mois, quelque 130&nbsp;000 personnes avaient d\u00e9j\u00e0 d\u00e9fil\u00e9 au d\u00e9but du mois. Demain, elles demanderont \u00e0 nouveau la d\u00e9mission de Carlos Mazon, le pr\u00e9sident de la r\u00e9gion et d\u00e9nonceront la gestion de la crise par les autorit\u00e9s. Dans la liste des griefs : l&rsquo;alerte donn\u00e9e trop tard, l&rsquo;arriv\u00e9e tardive des renforts de l&rsquo;arm\u00e9e, les disputes politiques sur les responsabilit\u00e9s de chacun&#8230;<\/p>\n\n\n\n<p>\u00ab<em>\u00a0Non seulement, \u00e7a ne s&rsquo;est pas am\u00e9lior\u00e9, mais c&rsquo;est que c&rsquo;est pire,\u00a0<\/em>enrage Beatriu Cardona, co-porte-parole des entit\u00e9s qui organisent ces \u00e9v\u00e9nements.\u00a0<em>Le 9\u00a0novembre, on avait appel\u00e9 \u00e0 manifester contre la n\u00e9gligence du pr\u00e9sident de la r\u00e9gion Carlos Maz\u00f3n. D\u2019abord parce qu&rsquo;il ne nous a pas pr\u00e9venus de l&rsquo;arriv\u00e9e des inondations, ensuite parce qu\u2019il n\u2019a pas su coordonner les volontaires, il n\u2019a pas su coordonner la distribution de nourriture et de produits d\u2019hygi\u00e8ne. Et il \u00e9tait clair qu&rsquo;il ne pourrait pas organiser la reconstruction. Maintenant, s&rsquo;ajoute le fait qu&rsquo;il a commenc\u00e9 \u00e0 distribuer plus de 60\u00a0millions d&rsquo;euros d\u2019argent d\u00e9volus \u00e0 la reconstruction \u00e0 des entreprises qui ont \u00e9t\u00e9 accus\u00e9es de corruption par le pass\u00e9.<\/em>\u00a0\u00bb Des affaires\u00a0<strong>qui refont surface dans la presse espagnole<\/strong>. Ce qui ajoute \u00e0 l\u2019\u00e9nervement ambiant.<\/p>\n\n\n\n<p>\u00c0 ses c\u00f4t\u00e9s, Ana Mar Bueno Cardona, elle aussi dans le pilotage des protestations, rench\u00e9rit\u00a0: \u00ab<em>\u00a0il n&rsquo;y a pas que cette question, il y a aussi celle de la militarisation du gouvernement [r\u00e9gional] puisqu&rsquo;il a nomm\u00e9 un g\u00e9n\u00e9ral comme vice-pr\u00e9sident. \u00c0 la retraite, certes, mais \u00e7a reste une militarisation au pr\u00e9texte de faire un gouvernement technique, dans lequel ne s&rsquo;immisce pas la politique. La premi\u00e8re mesure qui a \u00e9t\u00e9 prise, cela a \u00e9t\u00e9 de supprimer le plafond salarial pour qu&rsquo;il puisse percevoir ce qu\u2019il percevait avant, mais cette fois aux frais des Valenciens.<\/em>\u00a0\u00bb Le g\u00e9n\u00e9ral Francisco Jos\u00e9 Gan Pampols, qui reprend du service comme vice-pr\u00e9sident de la province en charge de la reconstruction apr\u00e8s la\u00a0<em>dana<\/em>,\u00a0<strong>a en effet admis<\/strong>\u00a0qu\u2019il allait demander de retrouver son salaire de haut grad\u00e9 d\u2019active, soit 91\u00a0657 euros, gr\u00e2ce \u00e0 une disposition de la R\u00e9gion parue dans le journal officiel. Une mesure qui l\u00e0 encore ne devrait pas apaiser le ressentiment.<\/p>\n","protected":false},"excerpt":{"rendered":"<p>Le 29 octobre, le sud de l&rsquo;Espagne vivait des inondations d\u00e9vastatrices. Le bilan est d\u2019au moins 230 morts, la tr\u00e8s<\/p>\n","protected":false},"author":1,"featured_media":47511,"comment_status":"open","ping_status":"open","sticky":false,"template":"","format":"standard","meta":{"footnotes":""},"categories":[51],"tags":[],"class_list":["post-47510","post","type-post","status-publish","format-standard","has-post-thumbnail","hentry","category-general"],"_links":{"self":[{"href":"https:\/\/dekkbi.com\/index.php?rest_route=\/wp\/v2\/posts\/47510","targetHints":{"allow":["GET"]}}],"collection":[{"href":"https:\/\/dekkbi.com\/index.php?rest_route=\/wp\/v2\/posts"}],"about":[{"href":"https:\/\/dekkbi.com\/index.php?rest_route=\/wp\/v2\/types\/post"}],"author":[{"embeddable":true,"href":"https:\/\/dekkbi.com\/index.php?rest_route=\/wp\/v2\/users\/1"}],"replies":[{"embeddable":true,"href":"https:\/\/dekkbi.com\/index.php?rest_route=%2Fwp%2Fv2%2Fcomments&post=47510"}],"version-history":[{"count":1,"href":"https:\/\/dekkbi.com\/index.php?rest_route=\/wp\/v2\/posts\/47510\/revisions"}],"predecessor-version":[{"id":47512,"href":"https:\/\/dekkbi.com\/index.php?rest_route=\/wp\/v2\/posts\/47510\/revisions\/47512"}],"wp:featuredmedia":[{"embeddable":true,"href":"https:\/\/dekkbi.com\/index.php?rest_route=\/wp\/v2\/media\/47511"}],"wp:attachment":[{"href":"https:\/\/dekkbi.com\/index.php?rest_route=%2Fwp%2Fv2%2Fmedia&parent=47510"}],"wp:term":[{"taxonomy":"category","embeddable":true,"href":"https:\/\/dekkbi.com\/index.php?rest_route=%2Fwp%2Fv2%2Fcategories&post=47510"},{"taxonomy":"post_tag","embeddable":true,"href":"https:\/\/dekkbi.com\/index.php?rest_route=%2Fwp%2Fv2%2Ftags&post=47510"}],"curies":[{"name":"wp","href":"https:\/\/api.w.org\/{rel}","templated":true}]}}