{"id":47468,"date":"2024-11-29T09:58:06","date_gmt":"2024-11-29T09:58:06","guid":{"rendered":"https:\/\/dekkbi.com\/?p=47468"},"modified":"2024-11-29T13:17:27","modified_gmt":"2024-11-29T13:17:27","slug":"tambacounda-plus-de-16-000-hectares-de-tapis-herbace-ravages-par-les-feux-de-brousse-en-2024-gouverneur","status":"publish","type":"post","link":"https:\/\/dekkbi.com\/?p=47468","title":{"rendered":"Tambacounda : plus de 16 000 hectares de tapis herbac\u00e9 ravag\u00e9s par les feux de brousse en 2024"},"content":{"rendered":"\n<p>Tambacounda,  (APS) \u2013 Les cas de feux de brousse signal\u00e9s dans la r\u00e9gion de Tambacounda en 2024 ont ravag\u00e9 quelque 16 435 hectares de tapis herbac\u00e9, a appris l\u2019APS du gouverneur de la r\u00e9gion, Guedj Diouf.<\/p>\n\n\n\n<p>\u2018\u2019Nous avons enregistr\u00e9 au cours de l\u2019ann\u00e9e 2024 16.435 hectares de tapis herbac\u00e9 br\u00fbl\u00e9s par les feux de brousse. Compte tenu de la vaste \u00e9tendue de la r\u00e9gion de Tambacounda, qui a une biomasse assez importante, nous devons nous mobiliser pour faire de la lutte contre les feux de brousse une affaire personnelle\u2019\u2019, a-t-il d\u00e9clar\u00e9.<\/p>\n\n\n\n<p>Le gouverneur de la r\u00e9gion Tambacounda s\u2019exprimait au cours d\u2019un Conseil r\u00e9gional de d\u00e9veloppement (CRD) consacr\u00e9 \u00e0 la lutte contre les feux de brousse dans cette principale r\u00e9gion du S\u00e9n\u00e9gal oriental, en pr\u00e9sence de plusieurs services de l\u2019\u00c9tat concern\u00e9s.<\/p>\n\n\n\n<p>Le chef de l\u2019ex\u00e9cutif r\u00e9gional a expliqu\u00e9 que les feux de brousse sont favoris\u00e9s par un certain nombre de contraintes comme le manque de d\u00e9nonciation de leurs auteurs, la faible implication des collectivit\u00e9s territoriales et l\u2019enclavement int\u00e9rieur de la r\u00e9gion de Tambacounda.<\/p>\n\n\n\n<p>Il a surtout d\u00e9plor\u00e9 l\u2019inaction des populations, soulignant la n\u00e9cessit\u00e9 de les sensibiliser pour lutter efficacement contre ce ph\u00e9nom\u00e8ne qui ravage chaque ann\u00e9e des milliers d\u2019hectares des \u00e9cosyst\u00e8mes forestiers.<\/p>\n\n\n\n<p>\u2018\u2019Il faut renforcer les moyens des comit\u00e9s villageois de lutte contre les feux de brousse. Il faudra \u00e9galement travailler \u00e0 une synergie d\u2019actions des diff\u00e9rents acteurs qui interviennent dans la lutte contre les feux brousse pour \u00e9viter d\u2019agir dans le d\u00e9sordre\u2019\u2019, a plaid\u00e9 Guedj Diouf.<\/p>\n\n\n\n<p>\u2018\u2019Nous devons travailler dans la sensibilisation des populations pour mieux les impliquer et les responsabiliser dans cette lutte, on ne peut pas r\u00e9ussir sans elles. Elles sont victimes des feux de brousse mais parfois en sont les auteures&nbsp;\u00bb, a-t-il fait remarquer.<\/p>\n\n\n\n<p>Dans cette lutte contre les feux de brousse, le gouverneur a engag\u00e9 les forces de d\u00e9fense et de s\u00e9curit\u00e9 de la r\u00e9gion, notamment le service des Eaux et for\u00eats, la Gendarmerie et la Police nationale \u00e0 traquer et arr\u00eater les auteurs.<\/p>\n\n\n\n<p>\u2018\u2019Il faut sanctionner les auteurs de ces feux de brousse conform\u00e9ment aux r\u00e8gles pr\u00e9vues par la loi. Tant qu\u2019on n\u2019aura pas l\u2019habitude de d\u00e9noncer et de sanctionner les auteurs de ce ph\u00e9nom\u00e8ne, le probl\u00e8me va persister\u2019\u2019, a-t-il averti.<\/p>\n\n\n\n<p>ABD\/ABB\/ASB<\/p>\n","protected":false},"excerpt":{"rendered":"<p>Tambacounda, (APS) \u2013 Les cas de feux de brousse signal\u00e9s dans la r\u00e9gion de Tambacounda en 2024 ont ravag\u00e9 quelque<\/p>\n","protected":false},"author":1,"featured_media":47469,"comment_status":"open","ping_status":"open","sticky":false,"template":"","format":"standard","meta":{"footnotes":""},"categories":[26],"tags":[],"class_list":["post-47468","post","type-post","status-publish","format-standard","has-post-thumbnail","hentry","category-fait-divers"],"_links":{"self":[{"href":"https:\/\/dekkbi.com\/index.php?rest_route=\/wp\/v2\/posts\/47468","targetHints":{"allow":["GET"]}}],"collection":[{"href":"https:\/\/dekkbi.com\/index.php?rest_route=\/wp\/v2\/posts"}],"about":[{"href":"https:\/\/dekkbi.com\/index.php?rest_route=\/wp\/v2\/types\/post"}],"author":[{"embeddable":true,"href":"https:\/\/dekkbi.com\/index.php?rest_route=\/wp\/v2\/users\/1"}],"replies":[{"embeddable":true,"href":"https:\/\/dekkbi.com\/index.php?rest_route=%2Fwp%2Fv2%2Fcomments&post=47468"}],"version-history":[{"count":2,"href":"https:\/\/dekkbi.com\/index.php?rest_route=\/wp\/v2\/posts\/47468\/revisions"}],"predecessor-version":[{"id":47538,"href":"https:\/\/dekkbi.com\/index.php?rest_route=\/wp\/v2\/posts\/47468\/revisions\/47538"}],"wp:featuredmedia":[{"embeddable":true,"href":"https:\/\/dekkbi.com\/index.php?rest_route=\/wp\/v2\/media\/47469"}],"wp:attachment":[{"href":"https:\/\/dekkbi.com\/index.php?rest_route=%2Fwp%2Fv2%2Fmedia&parent=47468"}],"wp:term":[{"taxonomy":"category","embeddable":true,"href":"https:\/\/dekkbi.com\/index.php?rest_route=%2Fwp%2Fv2%2Fcategories&post=47468"},{"taxonomy":"post_tag","embeddable":true,"href":"https:\/\/dekkbi.com\/index.php?rest_route=%2Fwp%2Fv2%2Ftags&post=47468"}],"curies":[{"name":"wp","href":"https:\/\/api.w.org\/{rel}","templated":true}]}}