{"id":47465,"date":"2024-11-29T09:54:11","date_gmt":"2024-11-29T09:54:11","guid":{"rendered":"https:\/\/dekkbi.com\/?p=47465"},"modified":"2024-11-29T13:15:05","modified_gmt":"2024-11-29T13:15:05","slug":"presentation-de-louvrage-du-sud-au-sud-maria-luz-espino-raconte-lexperience-des-migrants-senegalais-en-argentine","status":"publish","type":"post","link":"https:\/\/dekkbi.com\/?p=47465","title":{"rendered":"Pr\u00e9sentation de l\u2019ouvrage\u00a0\u00abDu Sud au Sud\u00bb"},"content":{"rendered":"\n<p><strong>L\u2019anthropologue argentine a pr\u00e9sent\u00e9 son ouvrage \u00abDu Sud au Sud\u00bb \u00e0 l\u2019Institut Cervant\u00e8s de Dakar. Fruit d\u2019une recherche, \u00abDu Sud au Sud\u00bb l\u00e8ve le voile sur&nbsp;&nbsp;les luttes quotidiennes des migrants africains dans les pays d\u2019Am\u00e9rique du Sud.<\/strong><\/p>\n\n\n\n<p>L\u2019ouvrage&nbsp;Du Sud au Sud de l\u2019anthropologue argentine Maria Luz Espino explore la mi\u00adgration africaine vers l\u2019Am\u00e9rique du Sud au 21\u00e8me si\u00e8cle, en s\u2019attardant en particulier sur l\u2019exp\u00e9rience des mi\u00adgrants s\u00e9n\u00e9galais en Argentine et au Br\u00e9sil, a-t-on appris de son autrice. Ce livre de 340 pages, publi\u00e9 en 2023 aux \u00e9ditions Machdohnil (Argentine), permet, \u00e0 travers une analyse transnationale, de d\u00e9construire les st\u00e9r\u00e9otypes, tout en offrant une \u00abnouvelle perspective sur les parcours migratoires\u00bb, en levant le voile sur&nbsp;les luttes quotidiennes des migrants africains dans les pays d\u2019Am\u00e9rique du Sud, renseigne l\u2019autrice. En examinant les in\u00e9galit\u00e9s dans le march\u00e9 du travail et les politiques migratoires restrictives, le livre invite \u00e0 une r\u00e9flexion sur les droits \u00e0 la mobilit\u00e9 et au travail, tout en soulignant les connexions transnationales qui unissent l\u2019Afrique et l\u2019Am\u00e9\u00adrique du Sud. \u00abJe parle de l\u2019imaginaire social. Pour\u00adquoi chaque fois les noirs savent d\u2019o\u00f9 ils viennent et pourquoi tous vendent la m\u00eame chose ?\u00bb, s\u2019interroge Maria Luz Espino. L\u2019anthro\u00adpologue intervenait \u00e0 l\u2019occasion de la pr\u00e9sentation de son ouvrage par l\u2019ambassade d\u2019Ar\u00adgen\u00adtine et l\u2019Institut Cervant\u00e8s de Dakar.<\/p>\n\n\n\n<p>L\u2019ouvrage rappelle par exemple que la migration s\u00e9n\u00e9galaise en Argentine date de plus de trois d\u00e9cennies et que l\u2019arriv\u00e9e des quatre premiers S\u00e9n\u00e9galais dans ce pays remonte \u00e0 1989. Pour elle, il s\u2019agit de comprendre la complexit\u00e9 li\u00e9e au ph\u00e9nom\u00e8ne des immigr\u00e9s exer\u00e7ant le travail de vendeurs ambulants dans son pays, \u00e0 travers une investigation. \u00abIl s\u2019agissait un peu de voir cette diversit\u00e9 au sein de la migration s\u00e9n\u00e9galaise pour aller plus loin des st\u00e9r\u00e9otypes qu\u2019on a tous dans notre imaginaire collectif\u00bb, explique-t-elle. Rappelant ce qu\u2019elle appelle la multi-dimensionnalit\u00e9 de chaque ph\u00e9nom\u00e8ne, Mme Espino d\u00e9clare avoir voulu comprendre par exemple pourquoi les immigr\u00e9s s\u00e9n\u00e9galais en Argentine vendaient tous les m\u00eames produits. \u00abC\u2019est la m\u00e9thode de l\u2019ethnographie qui m\u2019a permis de comprendre des choses, gr\u00e2ce \u00e0 l\u2019accompagnement des personnes durant leurs activit\u00e9s quotidiennes, dans leur travail, leur maison et leurs p\u00e9riples migratoires\u00bb, a-t-elle expliqu\u00e9. Elle ajoute que l\u2019ouvrage s\u2019articule autour de quatre piliers, \u00e0 savoir la mobilit\u00e9 humaine, le travail, les trajectoires et les imaginaires collectifs, pour \u00abd\u00e9mystifier les st\u00e9r\u00e9otypes li\u00e9s au ph\u00e9nom\u00e8ne migratoire\u00bb. Maria Luz Espino est une anthropologue et une sp\u00e9cialiste des dynamiques migratoires en argentine. Elle compte \u00e0 son actif plusieurs publications dont\u00a0R\u00e9gu\u00adlarisa\u00adtion migratoire des S\u00e9n\u00e9galais en Argentine : implications pour travail et mobilit\u00e9.<\/p>\n\n\n\n<p><strong>Avec Aps<\/strong><\/p>\n","protected":false},"excerpt":{"rendered":"<p>L\u2019anthropologue argentine a pr\u00e9sent\u00e9 son ouvrage \u00abDu Sud au Sud\u00bb \u00e0 l\u2019Institut Cervant\u00e8s de Dakar. Fruit d\u2019une recherche, \u00abDu Sud<\/p>\n","protected":false},"author":1,"featured_media":47466,"comment_status":"open","ping_status":"open","sticky":false,"template":"","format":"standard","meta":{"footnotes":""},"categories":[21],"tags":[],"class_list":["post-47465","post","type-post","status-publish","format-standard","has-post-thumbnail","hentry","category-societe"],"_links":{"self":[{"href":"https:\/\/dekkbi.com\/index.php?rest_route=\/wp\/v2\/posts\/47465","targetHints":{"allow":["GET"]}}],"collection":[{"href":"https:\/\/dekkbi.com\/index.php?rest_route=\/wp\/v2\/posts"}],"about":[{"href":"https:\/\/dekkbi.com\/index.php?rest_route=\/wp\/v2\/types\/post"}],"author":[{"embeddable":true,"href":"https:\/\/dekkbi.com\/index.php?rest_route=\/wp\/v2\/users\/1"}],"replies":[{"embeddable":true,"href":"https:\/\/dekkbi.com\/index.php?rest_route=%2Fwp%2Fv2%2Fcomments&post=47465"}],"version-history":[{"count":2,"href":"https:\/\/dekkbi.com\/index.php?rest_route=\/wp\/v2\/posts\/47465\/revisions"}],"predecessor-version":[{"id":47535,"href":"https:\/\/dekkbi.com\/index.php?rest_route=\/wp\/v2\/posts\/47465\/revisions\/47535"}],"wp:featuredmedia":[{"embeddable":true,"href":"https:\/\/dekkbi.com\/index.php?rest_route=\/wp\/v2\/media\/47466"}],"wp:attachment":[{"href":"https:\/\/dekkbi.com\/index.php?rest_route=%2Fwp%2Fv2%2Fmedia&parent=47465"}],"wp:term":[{"taxonomy":"category","embeddable":true,"href":"https:\/\/dekkbi.com\/index.php?rest_route=%2Fwp%2Fv2%2Fcategories&post=47465"},{"taxonomy":"post_tag","embeddable":true,"href":"https:\/\/dekkbi.com\/index.php?rest_route=%2Fwp%2Fv2%2Ftags&post=47465"}],"curies":[{"name":"wp","href":"https:\/\/api.w.org\/{rel}","templated":true}]}}