{"id":47456,"date":"2024-11-29T09:45:20","date_gmt":"2024-11-29T09:45:20","guid":{"rendered":"https:\/\/dekkbi.com\/?p=47456"},"modified":"2024-11-29T09:45:55","modified_gmt":"2024-11-29T09:45:55","slug":"decisions-judiciaires-journee-cent-peines-moustapha-diakhate-prend-2-mois-ferme","status":"publish","type":"post","link":"https:\/\/dekkbi.com\/?p=47456","title":{"rendered":"D\u00e9cisions judiciaires \u2013 Journ\u00e9e cent peines: Moustapha Diakhat\u00e9 prend 2 mois ferme"},"content":{"rendered":"\n<p><strong>Deux mois ferme est le verdict retenu contre Moustapha Diakhat\u00e9 par le Tribunal des flagrants d\u00e9lits de Dakar. L\u2019ancien pr\u00e9sident du Groupe parlementaire Benno bokk yaakaar (Bby) r\u00e9fute les accusations \u00e0 lui reproch\u00e9es.<\/strong><\/p>\n\n\n\n<p>Moustapha Diakhat\u00e9&nbsp; est condamn\u00e9 \u00e0 deux mois de prison ferme. Jug\u00e9 hier, l\u2019ancien d\u00e9put\u00e9 est d\u00e9clar\u00e9, par le&nbsp;Tri\u00adbunal des flagrants d\u00e9lits de Dakar,&nbsp;\u00abcoupable des d\u00e9lits d\u2019insultes par le biais d\u2019un syst\u00e8me informatique et de discours contraire aux bonnes m\u0153urs\u00bb.<\/p>\n\n\n\n<p>Devant la barre, l\u2019ancien pr\u00e9sident du Groupe parlementaire de la Coalition Benno bokk yaakaar a r\u00e9fut\u00e9 les accusations contre sa personne. Plac\u00e9 sous mandat de d\u00e9p\u00f4t apr\u00e8s avoir qualifi\u00e9 les S\u00e9n\u00e9galais de \u00abpeuple maudit\u00bb, il a tenu \u00e0 clarifier le sens de ses propos.<\/p>\n\n\n\n<p>\u00abJ\u2019\u00e9tais invit\u00e9 \u00e0 une \u00e9mission et j\u2019ai parl\u00e9 de \u00abGallou doff dou t\u00e9reu\u00bb et \u00abAlkou\u00bb. On m\u2019accuse d\u2019insultes, ce que je n\u2019ai jamais fait. Pour moi, \u00abAlkou\u00bb signifie un grand malheur ou une mal\u00e9diction. Les mots n\u2019ont pas de sens fixe, ils ont des usages, et je leur attribue un sens particulier. On m\u2019a dit que ces mots ont \u00e9t\u00e9 prononc\u00e9s 27 000 fois, ce n\u2019est pas de ma responsabilit\u00e9. Je ne suis pas un insulteur. Ce que je voulais dire dans l\u2019\u00e9mission, c\u2019est que ceux qui ont donn\u00e9 la majorit\u00e9 \u00e0 ce parti (Pastef) font du mal au pays, et se font du mal \u00e0 eux-m\u00eames, de m\u00eame que ceux qui votent pour eux\u00bb, a-t-il dit.<\/p>\n\n\n\n<p>Le procureur de la R\u00e9pu\u00adblique a, auparavant, requis contre Moustapha Diakhat\u00e9 une peine d\u2019un an de prison dont six mois ferme, assortie d\u2019une amende de 300 000 francs Cfa.<\/p>\n\n\n\n<p><strong>Un mois ferme pour Cheikh Thiam\u00a0<\/strong><\/p>\n\n\n\n<p>Parlant de Cheikh Thiam alias Ambassadeur, il a \u00e9t\u00e9 envoy\u00e9 en prison pour un mois ferme. Condamn\u00e9 pour diffusion de fausse nouvelles suite \u00e0 ses propos dans une cha\u00eene youtube de la place, Cheikh Thiam\u00a0 avait annonc\u00e9 \u00abun pr\u00e9tendu complot visant \u00e0 assassiner des personnalit\u00e9s par empoisonnement au gaz ou par tirs de sniper\u00bb. D\u00e9tenu depuis lundi, Cheikh Thiam a reconnu les faits et exprim\u00e9 des regrets devant le juge.<\/p>\n\n\n\n<p><strong>Par Amadou MBODJI \u2013<\/strong> <strong>ambodji@lequotidien.sn<\/strong><\/p>\n","protected":false},"excerpt":{"rendered":"<p>Deux mois ferme est le verdict retenu contre Moustapha Diakhat\u00e9 par le Tribunal des flagrants d\u00e9lits de Dakar. L\u2019ancien pr\u00e9sident<\/p>\n","protected":false},"author":1,"featured_media":47457,"comment_status":"open","ping_status":"open","sticky":false,"template":"","format":"standard","meta":{"footnotes":""},"categories":[26],"tags":[],"class_list":["post-47456","post","type-post","status-publish","format-standard","has-post-thumbnail","hentry","category-fait-divers"],"_links":{"self":[{"href":"https:\/\/dekkbi.com\/index.php?rest_route=\/wp\/v2\/posts\/47456","targetHints":{"allow":["GET"]}}],"collection":[{"href":"https:\/\/dekkbi.com\/index.php?rest_route=\/wp\/v2\/posts"}],"about":[{"href":"https:\/\/dekkbi.com\/index.php?rest_route=\/wp\/v2\/types\/post"}],"author":[{"embeddable":true,"href":"https:\/\/dekkbi.com\/index.php?rest_route=\/wp\/v2\/users\/1"}],"replies":[{"embeddable":true,"href":"https:\/\/dekkbi.com\/index.php?rest_route=%2Fwp%2Fv2%2Fcomments&post=47456"}],"version-history":[{"count":2,"href":"https:\/\/dekkbi.com\/index.php?rest_route=\/wp\/v2\/posts\/47456\/revisions"}],"predecessor-version":[{"id":47459,"href":"https:\/\/dekkbi.com\/index.php?rest_route=\/wp\/v2\/posts\/47456\/revisions\/47459"}],"wp:featuredmedia":[{"embeddable":true,"href":"https:\/\/dekkbi.com\/index.php?rest_route=\/wp\/v2\/media\/47457"}],"wp:attachment":[{"href":"https:\/\/dekkbi.com\/index.php?rest_route=%2Fwp%2Fv2%2Fmedia&parent=47456"}],"wp:term":[{"taxonomy":"category","embeddable":true,"href":"https:\/\/dekkbi.com\/index.php?rest_route=%2Fwp%2Fv2%2Fcategories&post=47456"},{"taxonomy":"post_tag","embeddable":true,"href":"https:\/\/dekkbi.com\/index.php?rest_route=%2Fwp%2Fv2%2Ftags&post=47456"}],"curies":[{"name":"wp","href":"https:\/\/api.w.org\/{rel}","templated":true}]}}