{"id":47440,"date":"2024-11-28T11:55:35","date_gmt":"2024-11-28T11:55:35","guid":{"rendered":"https:\/\/dekkbi.com\/?p=47440"},"modified":"2024-11-28T11:55:35","modified_gmt":"2024-11-28T11:55:35","slug":"contestations-et-revendications-sociales-diomaye-et-sonko-en-sapeurs-pompiers","status":"publish","type":"post","link":"https:\/\/dekkbi.com\/?p=47440","title":{"rendered":"Contestations et revendications sociales : DIOMAYE ET SONKO EN SAPEURS POMPIERS"},"content":{"rendered":"\n<p><strong>Apr\u00e8s la\u00a0fermeture de l\u2019Uasz\u00a0et les menaces de gr\u00e8ve du Saes et d\u2019autres syndicats du syst\u00e8me \u00e9ducatif et sanitaire, l\u2019Etat essaie de trouver la meilleure formule pour calmer le front social qui commence \u00e0 entrer en \u00e9bullition.<\/strong><\/p>\n\n\n\n<p>Face aux crises naissantes dans le front social, le Pr\u00e9sident Faye tente d\u2019amener les premiers seaux d\u2019eau pour \u00e9teindre l\u2019incendie, notamment \u00e0 l\u2019universit\u00e9 Assane Seck de Ziguinchor ferm\u00e9e hier par le Conseil acad\u00e9mique. En Conseil des ministres, Bassirou Diomaye Faye a demand\u00e9 au Premier ministre, \u00abde prendre toutes les mesures idoines afin d\u2019assurer la continuit\u00e9 des activit\u00e9s p\u00e9dagogiques et la stabilit\u00e9 sociale dans les universit\u00e9s et les \u00e9tablissements d\u2019enseignement sup\u00e9rieur publics\u00bb. Il en fait de m\u00eame aux ministres de l\u2019Enseignement sup\u00e9rieur, de la recherche et de l\u2019Inno\u00advation, et des Finances et du budget, \u00abde mettre en \u0153uvre, en relation avec les recteurs et les directeurs des centres des \u0153uvres sociales universitaires, un plan d\u2019urgence, sous la supervision du Premier ministre, pour la livraison, selon un calendrier ma\u00eetris\u00e9, de tous les chantiers relatifs aux amphith\u00e9\u00e2tres, salles de cours, restaurants et pavillons engag\u00e9s par l\u2019Etat dans les universit\u00e9s publiques\u00bb. Selon lui, il faut \u00abaccorder une attention particuli\u00e8re \u00e0 la ma\u00eetrise des budgets des universit\u00e9s, des centres des \u0153uvres sociales, ainsi que des structures du minist\u00e8re de l\u2019Enseignement sup\u00e9rieur, de la recherche et de l\u2019innovation\u00bb. Par cons\u00e9quent, il a invit\u00e9 le \u00abPremier ministre \u00e0 finaliser un audit des d\u00e9penses universitaires et sociales, et de faire engager sans d\u00e9lai un processus d\u2019optimisation du fonctionnement des universit\u00e9s et centres des \u0153uvres sociales en relation avec toutes les parties prenantes\u00bb.<\/p>\n\n\n\n<p>Il est convaincu que l\u2019apaisement de cet espace passera par une \u00abr\u00e9novation de la gouvernance universitaire\u00bb. Il s\u2019agira, \u00e0 ses yeux, de promouvoir, \u00aben synergie avec la communaut\u00e9 universitaire, un mod\u00e8le \u00e9conomique consensuel pour assurer le fonctionnement ad\u00e9quat et les performances consolid\u00e9es du syst\u00e8me universitaire et de recherche\u00bb. \u00abEu \u00e9gard \u00e0 l\u2019accroissement significatif annuel des effectifs d\u2019\u00e9tudiants, le gouvernement devra, en accord avec les universit\u00e9s, arr\u00eater une nouvelle politique de gestion du capital humain en vue d\u2019asseoir une meilleure planification du processus d\u2019orientation des nouveaux bacheliers et de fixer les postes budg\u00e9taires d\u2019enseignants pour leur prise en charge ad\u00e9quate. Il a demand\u00e9 au ministre de l\u2019Enseignement sup\u00e9rieur, de la recherche et de l\u2019innovation de r\u00e9fl\u00e9chir, dans un esprit de compl\u00e9mentarit\u00e9, \u00e0 la mutualisation de certaines fonctions en tenant compte de la carte universitaire dont les objectifs doivent \u00eatre conformes \u00e0 la strat\u00e9gie de mont\u00e9e en puissance des p\u00f4les territoires\u00bb, dit le chef de l\u2019Etat, qui a demand\u00e9 au Mesri, au Mfb et au Mpc (Ministre de l\u2019\u00e9conomie, du plan et de la coop\u00e9ration) de finaliser \u00abla Lettre de politique sectorielle de l\u2019enseignement sup\u00e9rieur, de la recherche et de l\u2019innovation. Cette nouvelle feuille de route devra favoriser le repositionnement strat\u00e9gique du secteur de l\u2019enseignement sup\u00e9rieur dans les politiques publiques et son r\u00f4le majeur dans la pr\u00e9paration et la valorisation du capital humain national, axe prioritaire de la \u00abVision S\u00e9n\u00e9gal 2050\u00bb.<\/p>\n\n\n\n<p>Dans le m\u00eame sillage, le Premier ministre, apr\u00e8s avoir rappel\u00e9 les directives du chef de l\u2019Etat au gouvernement relatives \u00e0 l\u2019instauration d\u2019un cadre de dialogue social constructif et permanent avec les partenaires sociaux et les syndicats, a demand\u00e9 au ministre charg\u00e9 du Travail et aux ministres concern\u00e9s de lui communiquer, dans les plus brefs d\u00e9lais, l\u2019\u00e9tat de prise en charge des points de revendications, accompagn\u00e9 du calendrier des rencontres envisag\u00e9es ou d\u00e9j\u00e0 tenues avec ces structures entre avril et novembre 2024\u00bb. Sur cette base, il soumettra au Pr\u00e9sident \u00able calendrier des r\u00e9unions qu\u2019il compte tenir avec les principales organisations syndicales, en vue de d\u00e9finir les contours d\u2019un nouveau pacte de stabilit\u00e9 sociale\u00bb.<\/p>\n","protected":false},"excerpt":{"rendered":"<p>Apr\u00e8s la\u00a0fermeture de l\u2019Uasz\u00a0et les menaces de gr\u00e8ve du Saes et d\u2019autres syndicats du syst\u00e8me \u00e9ducatif et sanitaire, l\u2019Etat essaie<\/p>\n","protected":false},"author":1,"featured_media":40952,"comment_status":"open","ping_status":"open","sticky":false,"template":"","format":"standard","meta":{"footnotes":""},"categories":[6],"tags":[],"class_list":["post-47440","post","type-post","status-publish","format-standard","has-post-thumbnail","hentry","category-politics"],"_links":{"self":[{"href":"https:\/\/dekkbi.com\/index.php?rest_route=\/wp\/v2\/posts\/47440","targetHints":{"allow":["GET"]}}],"collection":[{"href":"https:\/\/dekkbi.com\/index.php?rest_route=\/wp\/v2\/posts"}],"about":[{"href":"https:\/\/dekkbi.com\/index.php?rest_route=\/wp\/v2\/types\/post"}],"author":[{"embeddable":true,"href":"https:\/\/dekkbi.com\/index.php?rest_route=\/wp\/v2\/users\/1"}],"replies":[{"embeddable":true,"href":"https:\/\/dekkbi.com\/index.php?rest_route=%2Fwp%2Fv2%2Fcomments&post=47440"}],"version-history":[{"count":1,"href":"https:\/\/dekkbi.com\/index.php?rest_route=\/wp\/v2\/posts\/47440\/revisions"}],"predecessor-version":[{"id":47441,"href":"https:\/\/dekkbi.com\/index.php?rest_route=\/wp\/v2\/posts\/47440\/revisions\/47441"}],"wp:featuredmedia":[{"embeddable":true,"href":"https:\/\/dekkbi.com\/index.php?rest_route=\/wp\/v2\/media\/40952"}],"wp:attachment":[{"href":"https:\/\/dekkbi.com\/index.php?rest_route=%2Fwp%2Fv2%2Fmedia&parent=47440"}],"wp:term":[{"taxonomy":"category","embeddable":true,"href":"https:\/\/dekkbi.com\/index.php?rest_route=%2Fwp%2Fv2%2Fcategories&post=47440"},{"taxonomy":"post_tag","embeddable":true,"href":"https:\/\/dekkbi.com\/index.php?rest_route=%2Fwp%2Fv2%2Ftags&post=47440"}],"curies":[{"name":"wp","href":"https:\/\/api.w.org\/{rel}","templated":true}]}}