{"id":47416,"date":"2024-11-28T11:27:55","date_gmt":"2024-11-28T11:27:55","guid":{"rendered":"https:\/\/dekkbi.com\/?p=47416"},"modified":"2024-11-28T11:27:56","modified_gmt":"2024-11-28T11:27:56","slug":"guerre-au-proche-orient-le-cessez-le-feu-entre-israel-et-le-hezbollah-au-liban-peut-il-ouvrir-la-voie-a-un-accord-avec-le-hamas-a-gaza","status":"publish","type":"post","link":"https:\/\/dekkbi.com\/?p=47416","title":{"rendered":"Guerre au Proche-Orient : le cessez-le-feu entre Isra\u00ebl et le Hezbollah au Liban peut-il ouvrir la voie \u00e0 un accord avec le Hamas \u00e0 Gaza ?"},"content":{"rendered":"\n<p>Si le mouvement islamiste palestinien se dit pr\u00eat \u00e0 un accord, les conditions qu&rsquo;il impose ne satisfont pas le gouvernement isra\u00e9lien. Le Premier ministre isra\u00e9lien, Benyamin N\u00e9tanyahou, semble vouloir poursuivre son offensive militaire dans la bande de Gaza.<\/p>\n\n\n\n<p><strong>Article r\u00e9dig\u00e9 par Zo\u00e9 Aucaigne  &#8211; France T\u00e9l\u00e9visions<\/strong><\/p>\n\n\n\n<p>Une\u00a0tr\u00eave pr\u00e9caire\u00a0dans des combats meurtriers et d\u00e9vastateurs. Le\u00a0cessez-le-feu entre Isra\u00ebl et le Hezbollah\u00a0est entr\u00e9 en vigueur, mercredi 27\u00a0novembre, au Liban. L&rsquo;accord a \u00e9t\u00e9 conclu apr\u00e8s une ann\u00e9e d&rsquo;hostilit\u00e9s qui ont vir\u00e9 \u00e0 la guerre ouverte en septembre entre l&rsquo;arm\u00e9e isra\u00e9lienne et la puissante organisation islamiste libanaise, soutenue par l&rsquo;Iran. Le Hezbollah avait commenc\u00e9 \u00e0 attaquer Isra\u00ebl en repr\u00e9sailles \u00e0 la vaste op\u00e9ration militaire lanc\u00e9e par l&rsquo;Etat h\u00e9breu dans la bande de Gaza contre le Hamas, le mouvement islamiste responsable des attaques terroristes du 7\u00a0octobre 2023 sur le sol isra\u00e9lien.<\/p>\n\n\n\n<p>Si les affrontements ont cess\u00e9 sur le front nord de ce confit qui embrase le Proche-Orient, ils sont toujours en cours dans la bande de Gaza,\u00a0pilonn\u00e9e sans rel\u00e2che par Tsahal.\u00a0Au moins 33\u00a0personnes ont \u00e9t\u00e9 tu\u00e9es au cours des derni\u00e8res 24\u00a0heures, selon le minist\u00e8re de la Sant\u00e9 gazaoui, portant le bilan des morts dans ce territoire \u00e0 plus de 44\u00a0000 depuis octobre 2023. Une tr\u00eave, similaire \u00e0 celle conclue avec le Hezbollah, est-elle possible entre Isra\u00ebl et le Hamas\u00a0?<\/p>\n\n\n\n<p>Par la voix de l&rsquo;un de ses hauts responsables, mercredi, le mouvement palestinien a r\u00e9p\u00e9t\u00e9 qu&rsquo;il \u00e9tait pr\u00eat&nbsp;<em>\u00ab\u00a0\u00e0 un accord de cessez-le-feu\u00a0\u00bb<\/em>&nbsp;avec Isra\u00ebl et en a&nbsp;<em>\u00ab\u00a0inform\u00e9 les m\u00e9diateurs en Egypte, au Qatar et en Turquie\u00a0\u00bb<\/em>.&nbsp;<em>\u00ab\u00a0On pourrait esp\u00e9rer un cessez-le-feu \u00e0 Gaza car le rapport de force sur le terrain a chang\u00e9\u00a0\u00bb<\/em>, avance David Rigoulet-Roze, chercheur associ\u00e9 \u00e0 l&rsquo;Institut de relations internationales et strat\u00e9giques (Iris), ajoutant :&nbsp;<em>\u00ab\u00a0Le Hamas a compris qu&rsquo;il se retrouvait d\u00e9sormais seul sans le Hezbollah.\u00a0\u00bb<\/em><\/p>\n\n\n\n<h2 class=\"wp-block-heading\">La lib\u00e9ration de prisonniers palestiniens \u00ab\u00a0pas entendable\u00a0\u00bb c\u00f4t\u00e9 isra\u00e9lien<\/h2>\n\n\n\n<p>Car les\u00a0pourparlers chapeaut\u00e9s cet \u00e9t\u00e9\u00a0par Washington, Le Caire et Doha n&rsquo;avaient abouti \u00e0 rien. Les deux bellig\u00e9rants s&rsquo;opposaient entre autres sur le retrait des troupes isra\u00e9liennes de la bande de Gaza \u2013\u00a0indispensable pour le Hamas, inconcevable pour Isra\u00ebl. Le Qatar avait fini par jeter l&rsquo;\u00e9ponge, le 11\u00a0novembre, et suspendu les n\u00e9gociations jusqu&rsquo;\u00e0 ce que les deux opposants fassent preuve de\u00a0<em>\u00ab\u00a0s\u00e9rieux\u00a0\u00bb<\/em>\u00a0dans les discussions. Cette fois-ci,\u00a0<em>\u00ab\u00a0le Hamas n&rsquo;est plus dans une position o\u00f9 il peut maintenir ses exigences maximalistes r\u00e9p\u00e9t\u00e9es, jusqu&rsquo;\u00e0 d\u00e9courager les n\u00e9gociateurs attitr\u00e9s comme le Qatar\u00a0\u00bb,<\/em>\u00a0estime David Rigoulet-Roze.<\/p>\n\n\n\n<p>Le mouvement islamiste a tout de m\u00eame demand\u00e9\u00a0<em>\u00ab\u00a0un accord s\u00e9rieux pour \u00e9changer des prisonniers\u00a0\u00bb\u00a0<\/em>palestiniens contre des otages.\u00a0Or, selon Sylvaine Bulle, sociologue \u00e0 l&rsquo;Ecole des hautes \u00e9tudes en sciences sociales (EHESS), c\u00f4t\u00e9 isra\u00e9lien,\u00a0<em>\u00ab\u00a0ce n&rsquo;est pour l&rsquo;instant pas entendable, ni dans la coalition gouvernementale, ni dans l&rsquo;opinion publique. Pour que \u00e7a le soit, il faudrait des garanties extr\u00eames\u00a0\u00bb<\/em>, m\u00eame si\u00a0<em>\u00ab\u00a0la soci\u00e9t\u00e9 civile isra\u00e9lienne va de plus en plus faire pression pour que\u00a0les otages<\/em>\u00a0[encore d\u00e9tenus dans l&rsquo;enclave]<em>\u00a0reviennent\u00a0\u00bb.<\/em><\/p>\n\n\n\n<p>Les Isra\u00e9liens ont encore en t\u00eate le cas de Yahya Sinouar, l&rsquo;un des cerveaux du 7-Octobre. Cet ancien chef du Hamas,\u00a0tu\u00e9 par l&rsquo;arm\u00e9e isra\u00e9lienne en octobre, avait \u00e9t\u00e9 lib\u00e9r\u00e9 en 2011 dans le cadre d&rsquo;un \u00e9change de prisonniers apr\u00e8s 23\u00a0ans pass\u00e9s dans les ge\u00f4les isra\u00e9liennes. En ao\u00fbt, le Premier ministre isra\u00e9lien, Benyamin N\u00e9tanyahou, avait d&rsquo;ailleurs plaid\u00e9 pour qu&rsquo;Isra\u00ebl dispose d&rsquo;<em>\u00ab\u00a0un veto sur certains prisonniers lib\u00e9r\u00e9s\u00a0\u00bb\u00a0<\/em>et puisse\u00a0<em>\u00ab\u00a0d\u00e9signer ceux qui pourront \u00eatre lib\u00e9r\u00e9s \u00e0 l&rsquo;\u00e9tranger\u00a0\u00bb<\/em>.<\/p>\n\n\n\n<h2 class=\"wp-block-heading\">\u00ab\u00a0Pas d&rsquo;acteurs de substitution\u00a0\u00bb au Hamas \u00e0 Gaza<\/h2>\n\n\n\n<p>Apr\u00e8s l&rsquo;accord n\u00e9goci\u00e9 entre le Hezbollah et l&rsquo;Etat h\u00e9breu, le pr\u00e9sident am\u00e9ricain Joe Biden a en tout cas annonc\u00e9 la reprise des m\u00e9diations<em>&nbsp;\u00ab\u00a0avec la Turquie, l&rsquo;Egypte, le Qatar, Isra\u00ebl et d&rsquo;autres pays pour parvenir \u00e0 un cessez-le-feu \u00e0 Gaza, \u00e0 la lib\u00e9ration des otages et \u00e0 la fin de la guerre, sans le Hamas au pouvoir\u00a0\u00bb<\/em>. Cette derni\u00e8re condition rend les discussions bien plus complexes que celles sur la tr\u00eave avec le mouvement libanais, juge Sylvaine Bulle.&nbsp;<em>\u00ab\u00a0Des acteurs de la soci\u00e9t\u00e9 libanaise ont salu\u00e9 l&rsquo;\u00e9mancipation de leur pays par rapport au Hezbollah. Dans le cas de la bande de Gaza, \u00e0 l&rsquo;inverse, on ne conna\u00eet pas les projets des Gazaouis et on ne voit pas d&rsquo;acteurs de substitution\u00a0\u00bb<\/em>, souligne l&rsquo;experte.<\/p>\n\n\n\n<p>Les objectifs vis\u00e9s par Isra\u00ebl ne sont \u00e9galement pas les m\u00eames entre les fronts sud et nord. C\u00f4t\u00e9 libanais, il s&rsquo;agissait<em>&nbsp;\u00ab\u00a0non pas de d\u00e9truire le Hezbollah\u00a0\u00bb&nbsp;<\/em>mais de permettre aux 60&nbsp;000 Isra\u00e9liens d\u00e9plac\u00e9s par les tirs de roquettes de rentrer chez eux, soutient Mairav Zonszein, sp\u00e9cialiste d&rsquo;Isra\u00ebl \u00e0 l&rsquo;International Crisis Group (ICG), cit\u00e9 par l&rsquo;AFP. Le cessez-le-feu avec Gaza ne serait, au contraire, possible qu&rsquo;avec&nbsp;<em>\u00ab\u00a0la conqu\u00eate du territoire et la destruction du Hamas\u00a0\u00bb<\/em>, juge Amir Avivi, fondateur du cercle de r\u00e9flexion Forum pour la d\u00e9fense et la s\u00e9curit\u00e9 d&rsquo;Isra\u00ebl (IDSF), interrog\u00e9 par l&rsquo;AFP.&nbsp;<\/p>\n\n\n\n<h2 class=\"wp-block-heading\">N\u00e9tanyahou \u00ab\u00a0veut la poursuite de la guerre\u00a0\u00bb<\/h2>\n\n\n\n<p>Le Premier ministre isra\u00e9lien s&rsquo;est d&rsquo;ailleurs montr\u00e9 clair&nbsp;: la tr\u00eave avec le Liban permettra \u00e0 Tsahal d&rsquo;<em>\u00ab\u00a0intensifier\u00a0\u00bb<\/em>&nbsp;sa pression sur le Hamas.&nbsp;<em>\u00ab\u00a0L&rsquo;arm\u00e9e isra\u00e9lienne sera en mesure de renvoyer davantage d&rsquo;unit\u00e9s \u00e0 Gaza\u00a0\u00bb<\/em>, estime Amir Avivi.<em>&nbsp;\u00ab\u00a0Benyamin N\u00e9tanyahou veut la poursuite de la guerre, car cela lui permet de ne pas avoir \u00e0 r\u00e9pondre vis-\u00e0-vis des \u00e9l\u00e9ments les plus extr\u00eames dans sa coalition\u00a0\u00bb<\/em>, analyse Fr\u00e9d\u00e9rique Schillo, sp\u00e9cialiste d&rsquo;Isra\u00ebl et coautrice de&nbsp;<em>La guerre du Kippour n&rsquo;aura pas lieu<\/em>.<\/p>\n\n\n\n<p>Des ministres comme\u00a0Itamar Ben-Gvir, charg\u00e9 de la S\u00e9curit\u00e9 nationale de l&rsquo;Etat h\u00e9breu, plaident pour le retour des colons isra\u00e9liens \u00e0 Gaza. Le leader d&rsquo;extr\u00eame droite a d&rsquo;ailleurs d\u00e9nonc\u00e9 l&rsquo;accord conclu avec le Hezbollah,<em>\u00a0\u00ab\u00a0qualifi\u00e9 d&rsquo;erreur historique qui va nous emp\u00eacher d&rsquo;\u00e9radiquer\u00a0\u00bb\u00a0<\/em>le mouvement libanais.<em>\u00a0\u00ab\u00a0Pour Benyamin N\u00e9tanyahou, accepter des n\u00e9gociations avec le Hamas, cela signifie dire \u00e0 ses alli\u00e9s qu&rsquo;ils peuvent remballer leur projet,\u00a0<\/em>assure Fr\u00e9d\u00e9rique Schillo<em>. Cela pourrait entra\u00eener la chute de sa coalition.\u00a0\u00bb<\/em><\/p>\n\n\n\n<p>A court terme, donc, les observateurs interrog\u00e9s par franceinfo ont du mal \u00e0 croire \u00e0 un cessez-le-feu entre le Hamas et Isra\u00ebl. Pour Sylvaine Bulle,&nbsp;<em>\u00ab\u00a0ce qui est peut-\u00eatre possible, c&rsquo;est une pause humanitaire. Joe Biden la demande et Benyamin N\u00e9tanyahou l&rsquo;a entendu.\u00a0\u00bb<\/em><\/p>\n","protected":false},"excerpt":{"rendered":"<p>Si le mouvement islamiste palestinien se dit pr\u00eat \u00e0 un accord, les conditions qu&rsquo;il impose ne satisfont pas le gouvernement<\/p>\n","protected":false},"author":1,"featured_media":47417,"comment_status":"open","ping_status":"open","sticky":false,"template":"","format":"standard","meta":{"footnotes":""},"categories":[51],"tags":[],"class_list":["post-47416","post","type-post","status-publish","format-standard","has-post-thumbnail","hentry","category-general"],"_links":{"self":[{"href":"https:\/\/dekkbi.com\/index.php?rest_route=\/wp\/v2\/posts\/47416","targetHints":{"allow":["GET"]}}],"collection":[{"href":"https:\/\/dekkbi.com\/index.php?rest_route=\/wp\/v2\/posts"}],"about":[{"href":"https:\/\/dekkbi.com\/index.php?rest_route=\/wp\/v2\/types\/post"}],"author":[{"embeddable":true,"href":"https:\/\/dekkbi.com\/index.php?rest_route=\/wp\/v2\/users\/1"}],"replies":[{"embeddable":true,"href":"https:\/\/dekkbi.com\/index.php?rest_route=%2Fwp%2Fv2%2Fcomments&post=47416"}],"version-history":[{"count":1,"href":"https:\/\/dekkbi.com\/index.php?rest_route=\/wp\/v2\/posts\/47416\/revisions"}],"predecessor-version":[{"id":47418,"href":"https:\/\/dekkbi.com\/index.php?rest_route=\/wp\/v2\/posts\/47416\/revisions\/47418"}],"wp:featuredmedia":[{"embeddable":true,"href":"https:\/\/dekkbi.com\/index.php?rest_route=\/wp\/v2\/media\/47417"}],"wp:attachment":[{"href":"https:\/\/dekkbi.com\/index.php?rest_route=%2Fwp%2Fv2%2Fmedia&parent=47416"}],"wp:term":[{"taxonomy":"category","embeddable":true,"href":"https:\/\/dekkbi.com\/index.php?rest_route=%2Fwp%2Fv2%2Fcategories&post=47416"},{"taxonomy":"post_tag","embeddable":true,"href":"https:\/\/dekkbi.com\/index.php?rest_route=%2Fwp%2Fv2%2Ftags&post=47416"}],"curies":[{"name":"wp","href":"https:\/\/api.w.org\/{rel}","templated":true}]}}