{"id":47403,"date":"2024-11-28T10:47:39","date_gmt":"2024-11-28T10:47:39","guid":{"rendered":"https:\/\/dekkbi.com\/?p=47403"},"modified":"2024-11-28T10:47:40","modified_gmt":"2024-11-28T10:47:40","slug":"crimes-de-sang-et-prisonniers-politiques-le-plaidoyer-del-malick-ndiaye-sur-la-loi-damnistie","status":"publish","type":"post","link":"https:\/\/dekkbi.com\/?p=47403","title":{"rendered":"Crimes de sang et prisonniers politiques: Le plaidoyer d\u2019El Malick Ndiaye sur la loi d\u2019amnistie"},"content":{"rendered":"\n<p><strong>Le ministre des Transports, El Malick Ndiaye, responsable politique du Pastef \u00e0 Lingu\u00e8re, a \u00e9voqu\u00e9 sur la 2STV, lors de l\u2019\u00e9mission&nbsp;<em>D\u00e9bat de fond<\/em>, la possibilit\u00e9 d\u2019une abrogation partielle de la loi d\u2019amnistie. Il a notamment distingu\u00e9 entre les prisonniers politiques et les auteurs de crimes de sang.<\/strong><\/p>\n\n\n\n<p>\u00ab Pour la loi d\u2019amnistie, je crois qu\u2019elle peut \u00eatre abrog\u00e9e partiellement. Je ne suis pas juriste, mais tout ce qui devra \u00eatre fait pour garantir la justice sera r\u00e9alis\u00e9 \u00bb, a d\u00e9clar\u00e9 El Malick Ndiaye.<\/p>\n\n\n\n<p>Interrog\u00e9 par la journaliste sur son choix du terme \u00ab partiellement \u00bb, il a pr\u00e9cis\u00e9 : \u00ab Pourquoi devrions-nous amnistier des crimes de sang ? \u00bb Selon lui, il existe des individus injustement emprisonn\u00e9s qui m\u00e9ritent d\u2019\u00eatre distingu\u00e9s des criminels.<\/p>\n\n\n\n<p>\u00ab Il y a une cat\u00e9gorie de personnes qu\u2019on ne devrait pas incarc\u00e9rer et pour lesquelles une amnistie est l\u00e9gitime. Ces individus ne peuvent \u00eatre mis dans le m\u00eame panier que des assassins. Moi-m\u00eame, je fais partie des amnisti\u00e9s, mais je n\u2019ai rien fait. Le pr\u00e9sident Bassirou Diomaye Faye n\u2019a rien fait non plus. De nombreux jeunes sont concern\u00e9s, bien qu\u2019il soit impossible de tous les \u00e9num\u00e9rer \u00bb, a-t-il affirm\u00e9.<\/p>\n\n\n\n<p>Concernant une \u00e9ventuelle amnistie totale, le ministre reste sceptique. \u00ab Une telle mesure pourrait permettre \u00e0 certaines personnes de s\u2019y glisser pour \u00e9chapper \u00e0 leurs responsabilit\u00e9s. L\u2019enqu\u00eate suit son cours avec les arrestations en cours, et nous verrons ce qui en ressortira\u00bb.<\/p>\n\n\n\n<p>SOURCE SENEGO<\/p>\n\n\n\n<p><\/p>\n","protected":false},"excerpt":{"rendered":"<p>Le ministre des Transports, El Malick Ndiaye, responsable politique du Pastef \u00e0 Lingu\u00e8re, a \u00e9voqu\u00e9 sur la 2STV, lors de<\/p>\n","protected":false},"author":1,"featured_media":47404,"comment_status":"open","ping_status":"open","sticky":false,"template":"","format":"standard","meta":{"footnotes":""},"categories":[6],"tags":[],"class_list":["post-47403","post","type-post","status-publish","format-standard","has-post-thumbnail","hentry","category-politics"],"_links":{"self":[{"href":"https:\/\/dekkbi.com\/index.php?rest_route=\/wp\/v2\/posts\/47403","targetHints":{"allow":["GET"]}}],"collection":[{"href":"https:\/\/dekkbi.com\/index.php?rest_route=\/wp\/v2\/posts"}],"about":[{"href":"https:\/\/dekkbi.com\/index.php?rest_route=\/wp\/v2\/types\/post"}],"author":[{"embeddable":true,"href":"https:\/\/dekkbi.com\/index.php?rest_route=\/wp\/v2\/users\/1"}],"replies":[{"embeddable":true,"href":"https:\/\/dekkbi.com\/index.php?rest_route=%2Fwp%2Fv2%2Fcomments&post=47403"}],"version-history":[{"count":1,"href":"https:\/\/dekkbi.com\/index.php?rest_route=\/wp\/v2\/posts\/47403\/revisions"}],"predecessor-version":[{"id":47405,"href":"https:\/\/dekkbi.com\/index.php?rest_route=\/wp\/v2\/posts\/47403\/revisions\/47405"}],"wp:featuredmedia":[{"embeddable":true,"href":"https:\/\/dekkbi.com\/index.php?rest_route=\/wp\/v2\/media\/47404"}],"wp:attachment":[{"href":"https:\/\/dekkbi.com\/index.php?rest_route=%2Fwp%2Fv2%2Fmedia&parent=47403"}],"wp:term":[{"taxonomy":"category","embeddable":true,"href":"https:\/\/dekkbi.com\/index.php?rest_route=%2Fwp%2Fv2%2Fcategories&post=47403"},{"taxonomy":"post_tag","embeddable":true,"href":"https:\/\/dekkbi.com\/index.php?rest_route=%2Fwp%2Fv2%2Ftags&post=47403"}],"curies":[{"name":"wp","href":"https:\/\/api.w.org\/{rel}","templated":true}]}}