{"id":47381,"date":"2024-11-28T09:42:15","date_gmt":"2024-11-28T09:42:15","guid":{"rendered":"https:\/\/dekkbi.com\/?p=47381"},"modified":"2024-11-28T09:42:16","modified_gmt":"2024-11-28T09:42:16","slug":"crise-a-la-poste-les-promesses-de-letat","status":"publish","type":"post","link":"https:\/\/dekkbi.com\/?p=47381","title":{"rendered":"CRISE \u00c0 LA POSTE &#8211; Les promesses de l\u2019\u00c9tat"},"content":{"rendered":"\n<p>Hier, le ministre de la Communication, des T\u00e9l\u00e9communications et du Num\u00e9rique, Alioune Sall, a re\u00e7u les repr\u00e9sentants syndicaux de La Poste. Une rencontre qui fait suite \u00e0 une demande d\u2019audience formul\u00e9e par le Syndicat national des postiers du S\u00e9n\u00e9gal (SNDPT) et qui s\u2019inscrit dans le cadre d\u2019un dialogue constructif visant \u00e0 relever les d\u00e9fis structurels de l\u2019entreprise et \u00e0 d\u00e9finir des perspectives durables pour le secteur postal s\u00e9n\u00e9galais, selon une note des postiers.<\/p>\n\n\n\n<p>\u00c0 l&rsquo;issue de cette rencontre, quatre points essentiels ont \u00e9t\u00e9 abord\u00e9s, dont \u2018\u2019le paiement des salaires\u2019\u2019. Sur cette question, l\u2019\u00c9tat s\u2019est engag\u00e9 \u00e0 assurer la r\u00e9gularit\u00e9 des paiements \u00e0 partir de 2025. Un effort qui vise \u00e0 garantir la s\u00e9r\u00e9nit\u00e9 des agents et \u00e0 maintenir la continuit\u00e9 du service public, tout en consolidant la confiance entre les parties prenantes.<\/p>\n\n\n\n<p>Il a \u00e9galement \u00e9t\u00e9 question de \u2018\u2019la r\u00e9mun\u00e9ration des services publics\u2019\u2019, qui tend vers un cadre durable pour assurer la r\u00e9mun\u00e9ration des prestations tout en maintenant leur accessibilit\u00e9.&nbsp; Autrement dit, l\u2019objectif est de concilier la viabilit\u00e9 \u00e9conomique et l&rsquo;accessibilit\u00e9 des services postaux, essentiels pour les citoyens.<\/p>\n\n\n\n<p>Les discussions ont port\u00e9 sur&nbsp;\u2019\u2019le plande d\u00e9parts n\u00e9goci\u00e9s\u00a8 de certains agents. En effet, sur proposition des autorit\u00e9s, \u2018\u2019un plan de d\u00e9parts n\u00e9goci\u00e9s sera mis en \u0153uvre au d\u00e9but de l\u2019ann\u00e9e 2025, avec l\u2019appui du minist\u00e8re des Finances\u2019\u2019.&nbsp;<a><\/a>Ce dispositif va accompagner les agents concern\u00e9s tout en contribuant \u00e0 la modernisation et \u00e0 la restructuration de La Poste.&nbsp;<\/p>\n\n\n\n<p>Soulignons qu\u2019un programme ambitieux a \u00e9t\u00e9 pr\u00e9sent\u00e9 pour stabiliser la situation financi\u00e8re de La Poste, digitaliser les services, renforcer l\u2019organisation interne et d\u00e9velopper les comp\u00e9tences des agents.<a><\/a>&nbsp;Il s\u2019agit du \u2018\u2019Plan d\u2019actions prioritaires pour 2025&nbsp;avec une stabilisation financi\u00e8re, une digitalisation des services, un renforcement organisationnel et un d\u00e9veloppement des comp\u00e9tences\u2019\u2019.<\/p>\n\n\n\n<p><a><\/a>Alioune Sall a r\u00e9affirm\u00e9 l\u2019importance strat\u00e9gique de La Poste dans le d\u00e9veloppement \u00e9conomique et social du S\u00e9n\u00e9gal, tout en saluant l\u2019engagement des syndicats et encourag\u00e9 un dialogue constant pour r\u00e9ussir la transformation de cette institution.<\/p>\n\n\n\n<p>SOURCE ENQUETEPLUS<\/p>\n","protected":false},"excerpt":{"rendered":"<p>Hier, le ministre de la Communication, des T\u00e9l\u00e9communications et du Num\u00e9rique, Alioune Sall, a re\u00e7u les repr\u00e9sentants syndicaux de La<\/p>\n","protected":false},"author":1,"featured_media":47292,"comment_status":"open","ping_status":"open","sticky":false,"template":"","format":"standard","meta":{"footnotes":""},"categories":[3],"tags":[],"class_list":["post-47381","post","type-post","status-publish","format-standard","has-post-thumbnail","hentry","category-event-more-news"],"_links":{"self":[{"href":"https:\/\/dekkbi.com\/index.php?rest_route=\/wp\/v2\/posts\/47381","targetHints":{"allow":["GET"]}}],"collection":[{"href":"https:\/\/dekkbi.com\/index.php?rest_route=\/wp\/v2\/posts"}],"about":[{"href":"https:\/\/dekkbi.com\/index.php?rest_route=\/wp\/v2\/types\/post"}],"author":[{"embeddable":true,"href":"https:\/\/dekkbi.com\/index.php?rest_route=\/wp\/v2\/users\/1"}],"replies":[{"embeddable":true,"href":"https:\/\/dekkbi.com\/index.php?rest_route=%2Fwp%2Fv2%2Fcomments&post=47381"}],"version-history":[{"count":1,"href":"https:\/\/dekkbi.com\/index.php?rest_route=\/wp\/v2\/posts\/47381\/revisions"}],"predecessor-version":[{"id":47382,"href":"https:\/\/dekkbi.com\/index.php?rest_route=\/wp\/v2\/posts\/47381\/revisions\/47382"}],"wp:featuredmedia":[{"embeddable":true,"href":"https:\/\/dekkbi.com\/index.php?rest_route=\/wp\/v2\/media\/47292"}],"wp:attachment":[{"href":"https:\/\/dekkbi.com\/index.php?rest_route=%2Fwp%2Fv2%2Fmedia&parent=47381"}],"wp:term":[{"taxonomy":"category","embeddable":true,"href":"https:\/\/dekkbi.com\/index.php?rest_route=%2Fwp%2Fv2%2Fcategories&post=47381"},{"taxonomy":"post_tag","embeddable":true,"href":"https:\/\/dekkbi.com\/index.php?rest_route=%2Fwp%2Fv2%2Ftags&post=47381"}],"curies":[{"name":"wp","href":"https:\/\/api.w.org\/{rel}","templated":true}]}}