{"id":47374,"date":"2024-11-28T09:32:55","date_gmt":"2024-11-28T09:32:55","guid":{"rendered":"https:\/\/dekkbi.com\/?p=47374"},"modified":"2024-11-28T09:32:56","modified_gmt":"2024-11-28T09:32:56","slug":"mali-la-junte-evoque-les-preparatifs-delections","status":"publish","type":"post","link":"https:\/\/dekkbi.com\/?p=47374","title":{"rendered":"Mali: la junte \u00e9voque les pr\u00e9paratifs d&rsquo;\u00e9lections"},"content":{"rendered":"\n<p>La junte au pouvoir au Mali a \u00e9voqu\u00e9 mercredi des pr\u00e9parations en vue d&rsquo;\u00e9lections qui mettraient fin au r\u00e9gime actuel, sans pr\u00e9ciser d&rsquo;\u00e9ch\u00e9ance.<\/p>\n\n\n\n<p>Le chef de l&rsquo;Etat, le g\u00e9n\u00e9ral Assimi Go\u00efta, \u00ab\u00a0a invit\u00e9 les membres du gouvernement \u00e0 cr\u00e9er les conditions n\u00e9cessaires \u00e0 l&rsquo;organisation d&rsquo;\u00e9lections transparentes et apais\u00e9es qui devront mettre un terme \u00e0 la transition\u00a0\u00bb, dit un compte rendu du conseil des ministres qui s&rsquo;est tenu sous la pr\u00e9sidence du g\u00e9n\u00e9ral.<\/p>\n\n\n\n<p>Une telle \u00e9vocation, m\u00eame vague, est notable tant l&rsquo;horizon politique malien est flou.<\/p>\n\n\n\n<p>La \u00ab\u00a0transition\u00a0\u00bb est la d\u00e9nomination de la p\u00e9riode durant laquelle les militaires qui ont pris le pouvoir par la force en 2020 disent vouloir stabiliser leur pays, confront\u00e9 au jihadisme et une crise multidimensionnelle profonde, avant de le rendre \u00e0 des civils \u00e9lus.<\/p>\n\n\n\n<p>Les militaires s&rsquo;\u00e9taient initialement engag\u00e9s sous la pression internationale \u00e0 c\u00e9der la place aux civils en mars 2024 apr\u00e8s une \u00e9lection pr\u00e9sidentielle. Ils sont revenus sur cette promesse sans fixer de nouvelle \u00e9ch\u00e9ance.<\/p>\n\n\n\n<p>Le g\u00e9n\u00e9ral Go\u00efta est pressenti comme probable candidat \u00e0 une future pr\u00e9sidentielle.<\/p>\n\n\n\n<p>Depuis 2020, les militaires ont multipli\u00e9 les actes de rupture, avec la France ou la Communaut\u00e9 des Etats ouest-africains, et op\u00e9r\u00e9 un pivot strat\u00e9gique en direction de la Russie.<\/p>\n","protected":false},"excerpt":{"rendered":"<p>La junte au pouvoir au Mali a \u00e9voqu\u00e9 mercredi des pr\u00e9parations en vue d&rsquo;\u00e9lections qui mettraient fin au r\u00e9gime actuel,<\/p>\n","protected":false},"author":1,"featured_media":24401,"comment_status":"open","ping_status":"open","sticky":false,"template":"","format":"standard","meta":{"footnotes":""},"categories":[51],"tags":[],"class_list":["post-47374","post","type-post","status-publish","format-standard","has-post-thumbnail","hentry","category-general"],"_links":{"self":[{"href":"https:\/\/dekkbi.com\/index.php?rest_route=\/wp\/v2\/posts\/47374","targetHints":{"allow":["GET"]}}],"collection":[{"href":"https:\/\/dekkbi.com\/index.php?rest_route=\/wp\/v2\/posts"}],"about":[{"href":"https:\/\/dekkbi.com\/index.php?rest_route=\/wp\/v2\/types\/post"}],"author":[{"embeddable":true,"href":"https:\/\/dekkbi.com\/index.php?rest_route=\/wp\/v2\/users\/1"}],"replies":[{"embeddable":true,"href":"https:\/\/dekkbi.com\/index.php?rest_route=%2Fwp%2Fv2%2Fcomments&post=47374"}],"version-history":[{"count":1,"href":"https:\/\/dekkbi.com\/index.php?rest_route=\/wp\/v2\/posts\/47374\/revisions"}],"predecessor-version":[{"id":47375,"href":"https:\/\/dekkbi.com\/index.php?rest_route=\/wp\/v2\/posts\/47374\/revisions\/47375"}],"wp:featuredmedia":[{"embeddable":true,"href":"https:\/\/dekkbi.com\/index.php?rest_route=\/wp\/v2\/media\/24401"}],"wp:attachment":[{"href":"https:\/\/dekkbi.com\/index.php?rest_route=%2Fwp%2Fv2%2Fmedia&parent=47374"}],"wp:term":[{"taxonomy":"category","embeddable":true,"href":"https:\/\/dekkbi.com\/index.php?rest_route=%2Fwp%2Fv2%2Fcategories&post=47374"},{"taxonomy":"post_tag","embeddable":true,"href":"https:\/\/dekkbi.com\/index.php?rest_route=%2Fwp%2Fv2%2Ftags&post=47374"}],"curies":[{"name":"wp","href":"https:\/\/api.w.org\/{rel}","templated":true}]}}