{"id":47364,"date":"2024-11-28T09:24:39","date_gmt":"2024-11-28T09:24:39","guid":{"rendered":"https:\/\/dekkbi.com\/?p=47364"},"modified":"2024-11-28T10:24:42","modified_gmt":"2024-11-28T10:24:42","slug":"80e-anniversaire-du-massacre-de-thiaroye-le-president-macron-sera-represente-par-jean-noel-barrot-ministre-de-leurope-et-des-affaires-etrangeres","status":"publish","type":"post","link":"https:\/\/dekkbi.com\/?p=47364","title":{"rendered":"80e anniversaire du Massacre de Thiaroye: Macron sera repr\u00e9sent\u00e9 par Jean No\u00ebl Barrot, ministre de l&rsquo;Europe et des Affaires \u00e9trang\u00e8res."},"content":{"rendered":"\n<p>Le Ministre des Affaires \u00e9trang\u00e8res de la France, Jean No\u00ebl Barrot a annonc\u00e9 son d\u00e9placement au S\u00e9n\u00e9gal, ce dimanche 1er d\u00e9cembre, afin de repr\u00e9senter le Pr\u00e9sident fran\u00e7ais, Emmanuel Macron lors de la comm\u00e9moration du 80e anniversaire du massacre des tirailleurs s\u00e9n\u00e9galais, au camp Thiaroye.&nbsp;<\/p>\n\n\n\n<p>\u00ab J&rsquo;irai ensuite au S\u00e9n\u00e9gal, qui demeure l&rsquo;un de nos plus proches partenaires sur le continent africain. Je repr\u00e9senterai la France le 1er d\u00e9cembre lors des comm\u00e9morations du 80e Anniversaire des \u00e9v\u00e9nements de Thiaroye. <\/p>\n\n\n\n<p>Ce sera un moment de m\u00e9moire et, pour notre pays, un moment d&rsquo;introspection\u00a0\u00bb, a indiqu\u00e9 le ministre fran\u00e7ais dans un message vid\u00e9o sur X (ex-Twitter).<\/p>\n","protected":false},"excerpt":{"rendered":"<p>Le Ministre des Affaires \u00e9trang\u00e8res de la France, Jean No\u00ebl Barrot a annonc\u00e9 son d\u00e9placement au S\u00e9n\u00e9gal, ce dimanche 1er<\/p>\n","protected":false},"author":1,"featured_media":47365,"comment_status":"open","ping_status":"open","sticky":false,"template":"","format":"standard","meta":{"footnotes":""},"categories":[26],"tags":[],"class_list":["post-47364","post","type-post","status-publish","format-standard","has-post-thumbnail","hentry","category-fait-divers"],"_links":{"self":[{"href":"https:\/\/dekkbi.com\/index.php?rest_route=\/wp\/v2\/posts\/47364","targetHints":{"allow":["GET"]}}],"collection":[{"href":"https:\/\/dekkbi.com\/index.php?rest_route=\/wp\/v2\/posts"}],"about":[{"href":"https:\/\/dekkbi.com\/index.php?rest_route=\/wp\/v2\/types\/post"}],"author":[{"embeddable":true,"href":"https:\/\/dekkbi.com\/index.php?rest_route=\/wp\/v2\/users\/1"}],"replies":[{"embeddable":true,"href":"https:\/\/dekkbi.com\/index.php?rest_route=%2Fwp%2Fv2%2Fcomments&post=47364"}],"version-history":[{"count":2,"href":"https:\/\/dekkbi.com\/index.php?rest_route=\/wp\/v2\/posts\/47364\/revisions"}],"predecessor-version":[{"id":47401,"href":"https:\/\/dekkbi.com\/index.php?rest_route=\/wp\/v2\/posts\/47364\/revisions\/47401"}],"wp:featuredmedia":[{"embeddable":true,"href":"https:\/\/dekkbi.com\/index.php?rest_route=\/wp\/v2\/media\/47365"}],"wp:attachment":[{"href":"https:\/\/dekkbi.com\/index.php?rest_route=%2Fwp%2Fv2%2Fmedia&parent=47364"}],"wp:term":[{"taxonomy":"category","embeddable":true,"href":"https:\/\/dekkbi.com\/index.php?rest_route=%2Fwp%2Fv2%2Fcategories&post=47364"},{"taxonomy":"post_tag","embeddable":true,"href":"https:\/\/dekkbi.com\/index.php?rest_route=%2Fwp%2Fv2%2Ftags&post=47364"}],"curies":[{"name":"wp","href":"https:\/\/api.w.org\/{rel}","templated":true}]}}