{"id":4730,"date":"2022-12-13T15:29:20","date_gmt":"2022-12-13T15:29:20","guid":{"rendered":"https:\/\/dekkbi.com\/?p=4730"},"modified":"2022-12-13T15:41:22","modified_gmt":"2022-12-13T15:41:22","slug":"declaration-de-politique-generale-amadou-ba-et-les-trois-tacles","status":"publish","type":"post","link":"https:\/\/dekkbi.com\/?p=4730","title":{"rendered":"D\u00e9claration de Politique g\u00e9n\u00e9rale: Amadou B\u00e2 et les trois tacles !"},"content":{"rendered":"\n<p>Au cours de sa D\u00e9claration de Politique g\u00e9n\u00e9rale d\u2019hier, l\u2019avant-centre de pointe Amadou B\u00e2 a sans doute r\u00e9ussi une ou deux fois \u00e0 transpercer la d\u00e9fense adverse et m\u00eame \u00e0 secouer ses filets. Autrement dit, \u00e0 marquer de pr\u00e9cieux buts qui ont fait qu\u2019\u00e0 la fin, il a remport\u00e9 une victoire \u00e9triqu\u00e9e mais une victoire quand m\u00eame, en ce sens que, de l\u2019avis de la majorit\u00e9 des observateurs, il a plut\u00f4t r\u00e9ussi son grand oral. Une performance qui n\u2019\u00e9tait pas donn\u00e9e dans une Assembl\u00e9e o\u00f9 l\u2019opposition et la majorit\u00e9 font jeu presque \u00e9gal. Cela dit, le Premier ministre n\u2019en a pas moins chancel\u00e9, s\u2019il ne s\u2019est pas \u00e9croul\u00e9, sous les tacles assassins de deux membres du camp du pouvoir et d\u2019une \u00e9lue en rupture de banc.<\/p>\n\n\n\n<p>Il est vrai que le premier tacle involontaire lui a \u00e9t\u00e9 administr\u00e9 au cours des \u00e9chauffements, avant le d\u00e9but du match et il venait de\u2026son lointain successeur au minist\u00e8re de l\u2019Economie et des Finances, son homonyme Moustapha B\u00e2. Lequel, lors de l\u2019adoption du budget de son minist\u00e8re et la cl\u00f4ture de la session budg\u00e9taire, a prononc\u00e9 un discours aux allures de\u2026 D\u00e9claration de politique g\u00e9n\u00e9rale. Un discours \u00e0 ce point exhaustif, fouill\u00e9 et brillant, que son auteur a eu droit \u00e0 une standing ovation des d\u00e9put\u00e9s de la majorit\u00e9 et de l\u2019opposition r\u00e9unis. Ce que n\u2019a pas eu le Premier ministre hier.<\/p>\n\n\n\n<p><\/p>\n\n\n\n<p>Le second tacle gliss\u00e9 cette fois et tr\u00e8s m\u00e9chant, est venu de sa lointaine pr\u00e9d\u00e9cesseure Mimi Tour\u00e9, qui l\u2019a interpel\u00e9 bille en t\u00eate, sur la question du 3e mandat du Pr\u00e9sident Macky Sall. Apr\u00e8s ceux venus du successeur et de la pr\u00e9d\u00e9cesseure d\u2019Amadou B\u00e2, le troisi\u00e8me tacle, par derri\u00e8re et survenu durant les arr\u00eats de jeu, a \u00e9t\u00e9 le fait du d\u00e9put\u00e9 Farba Ngom, qui contribua nagu\u00e8re \u00e0 le faire nommer Premier ministre. En ass\u00e8nant qu\u2019une r\u00e9ponse doit \u00eatre claire, c\u2019est-\u00e0-dire n\u2019\u00eatre pas de Normand et en demandant \u00e0 ses coll\u00e8gues de la majorit\u00e9 de manifester leur approbation d\u2019une candidature du Pr\u00e9sident Macky Sall en 2024, en se levant. Le \u00ab griot du Pr\u00e9sident \u00bb a jet\u00e9 une ombre, \u00e0 travers sa d\u00e9claration de candidature de son champion, \u00e0 la D\u00e9claration de politique g\u00e9n\u00e9rale de son ancien ministre pr\u00e9f\u00e9r\u00e9, Amadou B\u00e2 !<\/p>\n\n\n\n<p>Ndlr : Un autre tacle, qualifi\u00e9 d\u2019antijeu par le pouvoir, a \u00e9t\u00e9 donn\u00e9 sur la touche cette fois par les journalistes, qui ont r\u00e9ussi, \u00e0 la faveur de l\u2019effet de surprise, \u00e0 inviter le cas de notre confr\u00e8re Pape Al\u00e9 Niang dans les tribunes de l\u2019Assembl\u00e9e nationale !<\/p>\n\n\n\n<p><\/p>\n\n\n\n<p><br>Kaccoor Bi Le T\u00e9moin<\/p>\n","protected":false},"excerpt":{"rendered":"<p>Au cours de sa D\u00e9claration de Politique g\u00e9n\u00e9rale d\u2019hier, l\u2019avant-centre de pointe Amadou B\u00e2 a sans doute r\u00e9ussi une ou<\/p>\n","protected":false},"author":1,"featured_media":4425,"comment_status":"open","ping_status":"open","sticky":false,"template":"","format":"standard","meta":{"footnotes":""},"categories":[6],"tags":[],"class_list":["post-4730","post","type-post","status-publish","format-standard","has-post-thumbnail","hentry","category-politics"],"_links":{"self":[{"href":"https:\/\/dekkbi.com\/index.php?rest_route=\/wp\/v2\/posts\/4730","targetHints":{"allow":["GET"]}}],"collection":[{"href":"https:\/\/dekkbi.com\/index.php?rest_route=\/wp\/v2\/posts"}],"about":[{"href":"https:\/\/dekkbi.com\/index.php?rest_route=\/wp\/v2\/types\/post"}],"author":[{"embeddable":true,"href":"https:\/\/dekkbi.com\/index.php?rest_route=\/wp\/v2\/users\/1"}],"replies":[{"embeddable":true,"href":"https:\/\/dekkbi.com\/index.php?rest_route=%2Fwp%2Fv2%2Fcomments&post=4730"}],"version-history":[{"count":1,"href":"https:\/\/dekkbi.com\/index.php?rest_route=\/wp\/v2\/posts\/4730\/revisions"}],"predecessor-version":[{"id":4732,"href":"https:\/\/dekkbi.com\/index.php?rest_route=\/wp\/v2\/posts\/4730\/revisions\/4732"}],"wp:featuredmedia":[{"embeddable":true,"href":"https:\/\/dekkbi.com\/index.php?rest_route=\/wp\/v2\/media\/4425"}],"wp:attachment":[{"href":"https:\/\/dekkbi.com\/index.php?rest_route=%2Fwp%2Fv2%2Fmedia&parent=4730"}],"wp:term":[{"taxonomy":"category","embeddable":true,"href":"https:\/\/dekkbi.com\/index.php?rest_route=%2Fwp%2Fv2%2Fcategories&post=4730"},{"taxonomy":"post_tag","embeddable":true,"href":"https:\/\/dekkbi.com\/index.php?rest_route=%2Fwp%2Fv2%2Ftags&post=4730"}],"curies":[{"name":"wp","href":"https:\/\/api.w.org\/{rel}","templated":true}]}}