{"id":47294,"date":"2024-11-27T10:22:46","date_gmt":"2024-11-27T10:22:46","guid":{"rendered":"https:\/\/dekkbi.com\/?p=47294"},"modified":"2024-11-27T12:59:58","modified_gmt":"2024-11-27T12:59:58","slug":"baisse-de-la-cel-va-de-la-ville-de-rufisque-le-conseil-municipal-donne-carte-blanche-au-maire-pour","status":"publish","type":"post","link":"https:\/\/dekkbi.com\/?p=47294","title":{"rendered":"Baisse de la CEL\/VA de la ville de Rufisque &#8211; Carte blanche au maire"},"content":{"rendered":"\n<p>iGFM &#8211; (Dakar) Le Bureau municipal de la ville de Rufisque s\u2019est r\u00e9uni, sur convocation du maire, mardi 26 septembre 2024 \u00e0 16h \u00e0 l\u2019h\u00f4tel de ville.<\/p>\n\n\n\n<p>Cette rencontre d\u2019urgence fait suite \u00e0 la publication de l\u2019arr\u00eat\u00e9 portant r\u00e9partition de la Contribution \u00c9conomique Locale &nbsp;(CEL\/VA) allouant la ville de Rufisque un montant d\u00e9risoire de 17 millions 231 mille 396 francs Cfa au titre de l\u2019exercice 2023.<\/p>\n\n\n\n<p>A cet effet, les membres du Bureau municipal ont examin\u00e9 pendant de longues heures les tenants et aboutissants de cette question, ses incidences paralysantes sur la ville et les moyens d&rsquo;y faire face.<\/p>\n\n\n\n<p>Le Bureau municipal a par cons\u00e9quent donn\u00e9 carte blanche au maire de la ville pour entrer en contact avec les autorit\u00e9s \u00e9tatiques afin de les informer sur les terribles implications financi\u00e8res de cette d\u00e9cision, les s\u00e9rieuses menaces qu&rsquo;elle fait peser sur la survie de la ville mais aussi, pour trouver avec elle des solutions correctives urgentes.<\/p>\n\n\n\n<p>En attendant de disposer de tous les \u00e9l\u00e9ments d\u2019appr\u00e9ciation de la situation et de ses cons\u00e9quences, l\u2019instance dirigeante a, \u00e9galement, convenu de la tenue incessamment d&rsquo;une r\u00e9union du Conseil municipal \u00e9largie aux repr\u00e9sentants des diff\u00e9rentes couches de la population pour partager les d\u00e9tails de cette d\u00e9cision, de ses cons\u00e9quences et implications sur l&rsquo;avenir de la ville&nbsp;<\/p>\n","protected":false},"excerpt":{"rendered":"<p>iGFM &#8211; (Dakar) Le Bureau municipal de la ville de Rufisque s\u2019est r\u00e9uni, sur convocation du maire, mardi 26 septembre<\/p>\n","protected":false},"author":1,"featured_media":47296,"comment_status":"open","ping_status":"open","sticky":false,"template":"","format":"standard","meta":{"footnotes":""},"categories":[3],"tags":[],"class_list":["post-47294","post","type-post","status-publish","format-standard","has-post-thumbnail","hentry","category-event-more-news"],"_links":{"self":[{"href":"https:\/\/dekkbi.com\/index.php?rest_route=\/wp\/v2\/posts\/47294","targetHints":{"allow":["GET"]}}],"collection":[{"href":"https:\/\/dekkbi.com\/index.php?rest_route=\/wp\/v2\/posts"}],"about":[{"href":"https:\/\/dekkbi.com\/index.php?rest_route=\/wp\/v2\/types\/post"}],"author":[{"embeddable":true,"href":"https:\/\/dekkbi.com\/index.php?rest_route=\/wp\/v2\/users\/1"}],"replies":[{"embeddable":true,"href":"https:\/\/dekkbi.com\/index.php?rest_route=%2Fwp%2Fv2%2Fcomments&post=47294"}],"version-history":[{"count":2,"href":"https:\/\/dekkbi.com\/index.php?rest_route=\/wp\/v2\/posts\/47294\/revisions"}],"predecessor-version":[{"id":47353,"href":"https:\/\/dekkbi.com\/index.php?rest_route=\/wp\/v2\/posts\/47294\/revisions\/47353"}],"wp:featuredmedia":[{"embeddable":true,"href":"https:\/\/dekkbi.com\/index.php?rest_route=\/wp\/v2\/media\/47296"}],"wp:attachment":[{"href":"https:\/\/dekkbi.com\/index.php?rest_route=%2Fwp%2Fv2%2Fmedia&parent=47294"}],"wp:term":[{"taxonomy":"category","embeddable":true,"href":"https:\/\/dekkbi.com\/index.php?rest_route=%2Fwp%2Fv2%2Fcategories&post=47294"},{"taxonomy":"post_tag","embeddable":true,"href":"https:\/\/dekkbi.com\/index.php?rest_route=%2Fwp%2Fv2%2Ftags&post=47294"}],"curies":[{"name":"wp","href":"https:\/\/api.w.org\/{rel}","templated":true}]}}