{"id":47277,"date":"2024-11-27T09:53:28","date_gmt":"2024-11-27T09:53:28","guid":{"rendered":"https:\/\/dekkbi.com\/?p=47277"},"modified":"2024-11-27T09:53:29","modified_gmt":"2024-11-27T09:53:29","slug":"migrants-senegalais-la-hantise-dun-retour-force-au-bercail-apres-lelection-de-donald-trump","status":"publish","type":"post","link":"https:\/\/dekkbi.com\/?p=47277","title":{"rendered":"Migrants s\u00e9n\u00e9galais :La hantise d\u2019un retour forc\u00e9 au bercail apr\u00e8s l\u2019\u00e9lection de Donald Trump"},"content":{"rendered":"\n<p>Des migrants s\u00e9n\u00e9galais, en situation irr\u00e9guli\u00e8re aux Etats-Unis d\u2019Am\u00e9rique ont exprim\u00e9 leur inqui\u00e9tude au sujet d\u2019une \u00e9ventuelle application de la mesure d\u2019expulsion des migrants ill\u00e9gaux promise par le nouveau pr\u00e9sident am\u00e9ricain, Donald Trump.<\/p>\n\n\n\n<p>Le 47e&nbsp;pr\u00e9sident des Etats Unis d\u2019Am\u00e9rique doit officiellement entrer en fonction le 20 janvier prochain, mais l\u2019\u00e9vocation de cette date suscite d\u00e9j\u00e0 l\u2019inqui\u00e9tude et peut sonner comme un compte \u00e0 rebours pour bon nombre de migrants ill\u00e9gaux dans le pays de l\u2019Oncle Sam.<\/p>\n\n\n\n<p>D\u2019autant qu\u2019au plus fort de la campagne \u00e9lectorale pour la r\u00e9cente \u00e9lection pr\u00e9sidentielle, Donald Trump, a sans cesse r\u00e9p\u00e9t\u00e9 son intention de mettre en \u0153uvre un \u2018\u2019projet historique de d\u00e9portation massive de migrants qui se sont introduits sur le sol am\u00e9ricain par des voies non conventionnelles&nbsp;\u00bb.<\/p>\n\n\n\n<p>Un telle mesure signifiant le retour au bercail provoque naturellement un sentiment d\u2019inqui\u00e9tude chez des S\u00e9n\u00e9galais en situation irr\u00e9guli\u00e8re aux Etats Unis d\u2019Am\u00e9rique.<\/p>\n\n\n\n<p>\u2018\u2019Aucun de ceux que je connais n\u2019aurait souhait\u00e9 son retour. C\u2019est un homme (Donald Trump) qui, ouvertement, a exprim\u00e9 ses intentions. Et son hostilit\u00e9 envers les migrants est un secret de polichinelle\u2019\u2019, a t\u00e9moign\u00e9 via un entretien avec l\u2019APS sur les r\u00e9seau sociaux &nbsp;Cheikh Ibra Sarr, un natif de Tivaouane (r\u00e9gion de Thi\u00e8s) \u00e9tabli \u00e0 New York.<\/p>\n\n\n\n<p>S\u2019exprimant par le biais de ce m\u00eame canal, Aliou Lo qui vit et travaille dans l\u2019Etat du Minnesota, jure avoir un n\u0153ud dans la gorge. Il d\u00e9clare s\u2019\u00eatre fait d\u00e9bouter une premi\u00e8re fois de sa demande de permis de travail. Il dit en m\u00eame temps ne pas placer beaucoup d\u2019espoir pour sa seconde requ\u00eate.<\/p>\n\n\n\n<p>Loin de cet \u00e9tat d\u2019effarement g\u00e9n\u00e9r\u00e9 par des annonces et commentaires tous azimuts, d\u2019autres compatriotes brandissent la carte de la foi et de la r\u00e9silience.<\/p>\n\n\n\n<p>\u2018\u2019Les d\u00e9portations de masse annonc\u00e9es par le pr\u00e9sident Trump ne concerneront que les criminels, les fraudeurs, ceux qui n\u2019ont pas encore proc\u00e9d\u00e9 \u00e0 une demande d\u2019asile\u2019\u2019, croit savoir de son c\u00f4t\u00e9 Alioune Badara Sarr, expatri\u00e9 s\u00e9n\u00e9galais r\u00e9sidant \u00e0 Baltimore dans le Maryland.<\/p>\n\n\n\n<p>\u2018\u2019Nous n\u2019avons certes pas attendu la d\u00e9livrance de visa d\u2019entr\u00e9e pour fouler le sol am\u00e9ricain mais nous apportons, par nos activit\u00e9s, une plus-value \u00e0 l\u2019\u00e9conomie de ce pays. Nous sommes respectueux des normes publiques et menons une vie saine sans turbulence\u2019\u2019, mart\u00e8le-t-il sans pour autant redouter une \u00e9ventuelle application de la mesure d\u2019expulsion.<\/p>\n\n\n\n<p>D\u2019autres migrants tentent de leur c\u00f4t\u00e9 de se convaincre de vivre sans angoisse apparente. A l\u2019image d\u2019Aliou Diop qui \u00e9voque l\u2019effet amplificateur des r\u00e9seaux sociaux au sujet de ce projet d\u2019expulsion en masse de migrants ill\u00e9gaux des Etats-Unis d\u2019Am\u00e9rique.<\/p>\n\n\n\n<p>\u2018\u2019Je trouve que les S\u00e9n\u00e9galais versent un peu dans l\u2019exag\u00e9ration. Ils sont d\u2019ailleurs les plus nombreux \u00e0 aborder ce sujet et \u00e0 cr\u00e9er une peur inutile aupr\u00e8s des leurs\u2019\u2019, fait-il valoir. Le natif de Mboro affirme, sans doute fataliste :&nbsp; \u2018\u2019Rien ne peut arriver en dehors de ce que Dieu a pr\u00e9vu pour nous\u2019\u2019.<\/p>\n\n\n\n<p>\u2018\u2019Personnellement, je ne me joins pas \u00e0 cette terreur populaire. Ce pays est un pays de droit, tout est structur\u00e9 et proc\u00e9dural. Lorsque je suis venu, avec l\u2019appui de mon employeur, on m\u2019a d\u00e9livr\u00e9 un permis de travail et une s\u00e9curit\u00e9 sociale pour exercer une activit\u00e9\u2019\u2019, rappelle pour sa part Khadim Bamba Gu\u00e8ye.<\/p>\n\n\n\n<p>Le jeune homme originaire de Gu\u00e9diawaye dans la banlieue de Dakar dit s\u2019\u00eatre engag\u00e9 tr\u00e8s t\u00f4t dans ces proc\u00e9dures pour pouvoir r\u00e9gulariser sa situation.<\/p>\n\n\n\n<p>A Michigan, o\u00f9 il s\u2019est r\u00e9fugi\u00e9 pour sortir du viseur des autorit\u00e9s am\u00e9ricaines qui ciblent souvent l\u2019Etat de New York, il dit ne rien craindre pour le moment.<\/p>\n\n\n\n<p>\u2018\u2019Nous ne connaissons pas avec exactitude les termes de son projet de d\u00e9portation mais esp\u00e9rons avec l\u2019aide de Dieu que si nos demandes d\u2019asile sont accept\u00e9es nous ne serons pas concern\u00e9s\u2019\u2019, a-t-il fait savoir.<\/p>\n\n\n\n<p>A la d\u00e9charge du pr\u00e9sident Trump, Cheikh Ibra Sarr invite tout le monde \u00e0 \u00eatre honn\u00eate avec soi. \u2018\u2019Le nouveau pr\u00e9sident am\u00e9ricain veut juste prot\u00e9ger sa nation. Il aime son pays, force est de le lui reconnaitre\u2019\u2019, a-t-il dit.<\/p>\n\n\n\n<p>C\u2019est bien de vivre ici, \u2018\u2019mais je n\u2019ai pas peur de retourner au S\u00e9n\u00e9gal. En fin de compte j\u2019y retrouverai les miens. Simplement \u00e0 partir d\u2019ici, je pourrais contribuer \u00e0 am\u00e9liorer leurs conditions de vie\u2019\u2019, souligne-t-il.<\/p>\n\n\n\n<p>Dans une publication sur son propre r\u00e9seau social \u2018\u2019TRUTH\u2019\u2019, le pr\u00e9sident Trump a r\u00e9cemment confirm\u00e9 les dires d\u2019un activiste conservateur selon lesquels des millions de migrants sans-papiers seront ramen\u00e9s chez eux, ce avec l\u2019aide de l\u2019arm\u00e9e am\u00e9ricaine.<\/p>\n\n\n\n<p><strong>Avec<\/strong>&nbsp;<strong>APS<\/strong><\/p>\n","protected":false},"excerpt":{"rendered":"<p>Des migrants s\u00e9n\u00e9galais, en situation irr\u00e9guli\u00e8re aux Etats-Unis d\u2019Am\u00e9rique ont exprim\u00e9 leur inqui\u00e9tude au sujet d\u2019une \u00e9ventuelle application de la<\/p>\n","protected":false},"author":1,"featured_media":47278,"comment_status":"open","ping_status":"open","sticky":false,"template":"","format":"standard","meta":{"footnotes":""},"categories":[21],"tags":[],"class_list":["post-47277","post","type-post","status-publish","format-standard","has-post-thumbnail","hentry","category-societe"],"_links":{"self":[{"href":"https:\/\/dekkbi.com\/index.php?rest_route=\/wp\/v2\/posts\/47277","targetHints":{"allow":["GET"]}}],"collection":[{"href":"https:\/\/dekkbi.com\/index.php?rest_route=\/wp\/v2\/posts"}],"about":[{"href":"https:\/\/dekkbi.com\/index.php?rest_route=\/wp\/v2\/types\/post"}],"author":[{"embeddable":true,"href":"https:\/\/dekkbi.com\/index.php?rest_route=\/wp\/v2\/users\/1"}],"replies":[{"embeddable":true,"href":"https:\/\/dekkbi.com\/index.php?rest_route=%2Fwp%2Fv2%2Fcomments&post=47277"}],"version-history":[{"count":1,"href":"https:\/\/dekkbi.com\/index.php?rest_route=\/wp\/v2\/posts\/47277\/revisions"}],"predecessor-version":[{"id":47279,"href":"https:\/\/dekkbi.com\/index.php?rest_route=\/wp\/v2\/posts\/47277\/revisions\/47279"}],"wp:featuredmedia":[{"embeddable":true,"href":"https:\/\/dekkbi.com\/index.php?rest_route=\/wp\/v2\/media\/47278"}],"wp:attachment":[{"href":"https:\/\/dekkbi.com\/index.php?rest_route=%2Fwp%2Fv2%2Fmedia&parent=47277"}],"wp:term":[{"taxonomy":"category","embeddable":true,"href":"https:\/\/dekkbi.com\/index.php?rest_route=%2Fwp%2Fv2%2Fcategories&post=47277"},{"taxonomy":"post_tag","embeddable":true,"href":"https:\/\/dekkbi.com\/index.php?rest_route=%2Fwp%2Fv2%2Ftags&post=47277"}],"curies":[{"name":"wp","href":"https:\/\/api.w.org\/{rel}","templated":true}]}}