{"id":4727,"date":"2022-12-13T12:42:14","date_gmt":"2022-12-13T12:42:14","guid":{"rendered":"https:\/\/dekkbi.com\/?p=4727"},"modified":"2022-12-13T12:42:15","modified_gmt":"2022-12-13T12:42:15","slug":"rapport-definitif-fonds-covid-letat-perd-plus-de-900-millions-fcfa-dans-lacquisition-dequipements-le-dage-du-msas-sermonne","status":"publish","type":"post","link":"https:\/\/dekkbi.com\/?p=4727","title":{"rendered":"Rapport d\u00e9finitif Fonds Covid: L\u2019\u00c9tat perd plus de 900 millions FCFA dans l\u2019acquisition d\u2019\u00e9quipements, le DAGE du MSAS sermonn\u00e9"},"content":{"rendered":"\n<h3 class=\"wp-block-heading\">La Cour des Comptes a relev\u00e9 des d\u00e9rives dans l\u2019ex\u00e9cution des march\u00e9s du minist\u00e8re de la Sant\u00e9 et de l\u2019Action sociale, relatifs \u00e0 la gestion de la pand\u00e9mie Covid-19 au S\u00e9n\u00e9gal. Les rapporteurs de la Cour des Comptes ont fait le constat dans le rapport d\u00e9finitif de 2022, qui concerne les ann\u00e9es 2020 et 2021.<\/h3>\n\n\n\n<p>L\u2019analyse minutieuse du rapport a permis de relever deux scandales comme un manque \u00e0 gagner de 980 450 000 FCfa not\u00e9 dans l\u2019attribution des march\u00e9s d\u2019acquisition de produits aupr\u00e8s de fournisseurs moins comp\u00e9titifs que la Pharmacie nationale d\u2019approvisionnement (PNA). Le rapport a r\u00e9v\u00e9l\u00e9 qu\u2019en 2020 et 2021, le minist\u00e8re de la Sant\u00e9 et de l\u2019Action sociale a acquis des consommables \u00e9quipements de protection individuelle (EPI) aupr\u00e8s de fournisseurs autres que la PNA, notamment M\u00e9dine SARL, Diamans SARL, Touba Khelcom SUARL et Cilex Management.<\/p>\n\n\n\n<p>Selon les rapporteurs, le paradoxe, c\u2019est que l\u2019\u00c9tat a enregistr\u00e9 un manque \u00e0 gagner avoisinant 1 milliard FCfa, car une comparaison des prix pratiqu\u00e9s par ces fournisseurs et ceux de la PNA pour les EPI ayant les m\u00eames caract\u00e9ristiques et vendus \u00e0 la m\u00eame p\u00e9riode, compte tenu des tensions observ\u00e9es sur les prix de 2020, fait perdre 980 450 000 FCfa.<\/p>\n\n\n\n<p>Ce manque \u00e0 gagner est plus perceptible chez M\u00e9dine SARL et Cilex Management. Dans les contrats pass\u00e9s avec ces deux entreprises, le contribuable s\u00e9n\u00e9galais a perdu respectivement 383 355 000 et 517 760 000 FCfa. Cette perte est enregistr\u00e9e au moment o\u00f9 la PNA disposait, entre les mois de mars et juin, pendant lesquels les march\u00e9s d\u2019EPI ont \u00e9t\u00e9 attribu\u00e9s \u00e0 des fournisseurs d\u2019EPI, d\u2019un montant de 5 168 131 730 FCfa. Les produits concern\u00e9s sont : 8 850 tenues combinaisons acquises \u00e0 253 650 000 FCfa (M\u00e9dine SARL) contre 92 925 000 F CFA (PNA), soit un \u00e9cart de 163 725 000 FCfa ; 360 jetables achet\u00e9s \u00e0 8 100 000 FCfa (M\u00e9dine SARL) contre 2 520 000 FCfa (PNA), soit une perte de 5 580 000 FCfa ; 10 000 lunettes de protection pour m\u00e9decin acquises \u00e0 95 000 000 FCfa aupr\u00e8s de l\u2019entreprise M\u00e9dine SARL contre 32 500 000 FCfa \u00e0 la PNA, soit un manque \u00e0 gagner de 62 500 000 FCfa.<\/p>\n\n\n\n<p>L\u2019\u00c9tat du S\u00e9n\u00e9gal a aussi perdu 79 560 0000 FCfa (42 560 000 et 37 000 000 FCfa) chez Diamans SARL, pour l\u2019attribution des march\u00e9s de 3 200 paquets de gants et 3 700 bo\u00eetes de masques.<\/p>\n\n\n\n<p>https:\/\/googleads.g.doubleclick.net\/pagead\/ads?client=ca-pub-8327310497401434&#038;output=html&#038;h=280&#038;adk=3297276951&#038;adf=3729184003&#038;pi=t.aa~a.1134963687~i.12~rp.1&#038;w=668&#038;fwrn=4&#038;fwrnh=100&#038;lmt=1670934935&#038;num_ads=1&#038;rafmt=1&#038;armr=3&#038;sem=mc&#038;pwprc=4754385733&#038;ad_type=text_image&#038;format=668&#215;280&#038;url=https%3A%2F%2Fwww.leral.net%2FRapport-definitif-Fonds-Covid-L-Etat-perd-plus-de-900-millions-FCfa-dans-l-acquisition-d-equipements-le-DAGE-du-MSAS_a341110.html&#038;fwr=0&#038;pra=3&#038;rh=167&#038;rw=668&#038;rpe=1&#038;resp_fmts=3&#038;wgl=1&#038;fa=27&#038;uach=WyJXaW5kb3dzIiwiMTAuMC4wIiwieDg2IiwiIiwiMTA4LjAuNTM1OS45OSIsW10sZmFsc2UsbnVsbCwiNjQiLFtbIk5vdD9BX0JyYW5kIiwiOC4wLjAuMCJdLFsiQ2hyb21pdW0iLCIxMDguMC41MzU5Ljk5Il0sWyJHb29nbGUgQ2hyb21lIiwiMTA4LjAuNTM1OS45OSJdXSxmYWxzZV0.&#038;dt=1670934933994&#038;bpp=12&#038;bdt=5264&#038;idt=12&#038;shv=r20221207&#038;mjsv=m202212010101&#038;ptt=9&#038;saldr=aa&#038;abxe=1&#038;cookie=ID%3D6a31d8ef654f8a24-22beda5a8cd600a7%3AT%3D1667380244%3ART%3D1667380244%3AS%3DALNI_Ma_uwvl3VmpM0IbVJLRW8kaGG27sw&#038;gpic=UID%3D000005d2768d6847%3AT%3D1651574175%3ART%3D1670933426%3AS%3DALNI_MZdhL1-8DCifFvNaNOICcxCrKsuLg&#038;prev_fmts=0x0%2C673x90%2C668x280%2C346x200&#038;nras=4&#038;correlator=4174722795443&#038;frm=20&#038;pv=1&#038;ga_vid=102018152.1585474629&#038;ga_sid=1670934930&#038;ga_hid=1392881644&#038;ga_fc=1&#038;u_tz=0&#038;u_his=7&#038;u_h=409&#038;u_w=727&#038;u_ah=388&#038;u_aw=727&#038;u_cd=24&#038;u_sd=1.41&#038;dmc=4&#038;adx=3&#038;ady=2166&#038;biw=947&#038;bih=358&#038;scr_x=0&#038;scr_y=898&#038;eid=44759876%2C44759927%2C44759837%2C44778780%2C44780792&#038;oid=2&#038;psts=AMjMPc120_fTRi2mjiYU-MkqaUKlN_NICqQ-GzYiTPKPjn3JSayfkStIuT93gxaQRdIw5DkmUdVcnw8QRiFDBT_2&#038;pvsid=2913870734200917&#038;tmod=738481147&#038;uas=3&#038;nvt=1&#038;ref=https%3A%2F%2Fwww.leral.net%2F&#038;eae=0&#038;fc=1408&#038;brdim=0%2C0%2C0%2C0%2C727%2C0%2C727%2C388%2C969%2C380&#038;vis=1&#038;rsz=%7C%7Cs%7C&#038;abl=NS&#038;fu=1152&#038;bc=31&#038;ifi=4&#038;uci=a!4&#038;btvi=3&#038;fsb=1&#038;xpc=HO1P8ceAi2&#038;p=https%3A\/\/www.leral.net&#038;dtd=1288<\/p>\n\n\n\n<p>Le rapport de la Cour des Comptes a aussi soulign\u00e9 que le choix de passer les contrats avec des fournisseurs facturant des EPI \u00e0 des prix plus \u00e9lev\u00e9s que ceux propos\u00e9s par la PNA, ne s\u2019est pas fait dans un souci d\u2019\u00e9conomie et ne pr\u00e9serve pas les int\u00e9r\u00eats et les ressources de l\u2019\u00c9tat du S\u00e9n\u00e9gal.<\/p>\n\n\n\n<p>Les rapporteurs ont ensuite interpel\u00e9 le directeur de l\u2019Administration g\u00e9n\u00e9rale et de l\u2019\u00c9quipement (DAGE) du minist\u00e8re de la Sant\u00e9 et de l\u2019Action sociale, mais sa r\u00e9ponse ne les a pas convaincus. Le document a aussi relev\u00e9 que les masques qui ont fait l\u2019objet de comparaison et figurant dans le tableau n\u00b029, sont des masques simples, conditionn\u00e9s en bo\u00eetes de 50 et diff\u00e9rents des masques figurant dans le tableau n\u00b095 utilis\u00e9s en chirurgie dans sa r\u00e9ponse.<\/p>\n\n\n\n<p>C\u2019est pourquoi, dans sa conclusion, la Cour des Comptes a indiqu\u00e9 que les faits relev\u00e9s dans le tableau n\u00b029, sont susceptibles d\u2019\u00eatre qualifi\u00e9s de fautes de gestion, au regard des dispositions de l\u2019article 57-8 de la loi sur la Cour des Comptes.<\/p>\n\n\n\n<p>https:\/\/googleads.g.doubleclick.net\/pagead\/ads?client=ca-pub-8327310497401434&#038;output=html&#038;h=280&#038;adk=3297276951&#038;adf=3018447529&#038;pi=t.aa~a.1134963687~i.24~rp.1&#038;w=668&#038;fwrn=4&#038;fwrnh=100&#038;lmt=1670934935&#038;num_ads=1&#038;rafmt=1&#038;armr=3&#038;sem=mc&#038;pwprc=4754385733&#038;ad_type=text_image&#038;format=668&#215;280&#038;url=https%3A%2F%2Fwww.leral.net%2FRapport-definitif-Fonds-Covid-L-Etat-perd-plus-de-900-millions-FCfa-dans-l-acquisition-d-equipements-le-DAGE-du-MSAS_a341110.html&#038;fwr=0&#038;pra=3&#038;rh=167&#038;rw=668&#038;rpe=1&#038;resp_fmts=3&#038;wgl=1&#038;fa=27&#038;uach=WyJXaW5kb3dzIiwiMTAuMC4wIiwieDg2IiwiIiwiMTA4LjAuNTM1OS45OSIsW10sZmFsc2UsbnVsbCwiNjQiLFtbIk5vdD9BX0JyYW5kIiwiOC4wLjAuMCJdLFsiQ2hyb21pdW0iLCIxMDguMC41MzU5Ljk5Il0sWyJHb29nbGUgQ2hyb21lIiwiMTA4LjAuNTM1OS45OSJdXSxmYWxzZV0.&#038;dt=1670934934052&#038;bpp=11&#038;bdt=5322&#038;idt=11&#038;shv=r20221207&#038;mjsv=m202212010101&#038;ptt=9&#038;saldr=aa&#038;abxe=1&#038;cookie=ID%3D6a31d8ef654f8a24-22beda5a8cd600a7%3AT%3D1667380244%3ART%3D1667380244%3AS%3DALNI_Ma_uwvl3VmpM0IbVJLRW8kaGG27sw&#038;gpic=UID%3D000005d2768d6847%3AT%3D1651574175%3ART%3D1670933426%3AS%3DALNI_MZdhL1-8DCifFvNaNOICcxCrKsuLg&#038;prev_fmts=0x0%2C673x90%2C668x280%2C346x200%2C668x280&#038;nras=5&#038;correlator=4174722795443&#038;frm=20&#038;pv=1&#038;ga_vid=102018152.1585474629&#038;ga_sid=1670934930&#038;ga_hid=1392881644&#038;ga_fc=1&#038;u_tz=0&#038;u_his=7&#038;u_h=409&#038;u_w=727&#038;u_ah=388&#038;u_aw=727&#038;u_cd=24&#038;u_sd=1.41&#038;dmc=4&#038;adx=3&#038;ady=2778&#038;biw=947&#038;bih=358&#038;scr_x=0&#038;scr_y=1627&#038;eid=44759876%2C44759927%2C44759837%2C44778780%2C44780792&#038;oid=2&#038;psts=AMjMPc120_fTRi2mjiYU-MkqaUKlN_NICqQ-GzYiTPKPjn3JSayfkStIuT93gxaQRdIw5DkmUdVcnw8QRiFDBT_2&#038;pvsid=2913870734200917&#038;tmod=738481147&#038;uas=3&#038;nvt=1&#038;ref=https%3A%2F%2Fwww.leral.net%2F&#038;eae=0&#038;fc=1408&#038;brdim=0%2C0%2C0%2C0%2C727%2C0%2C727%2C388%2C969%2C380&#038;vis=1&#038;rsz=%7C%7Cs%7C&#038;abl=NS&#038;fu=1152&#038;bc=31&#038;ifi=5&#038;uci=a!5&#038;btvi=4&#038;fsb=1&#038;xpc=Hholu80OnL&#038;p=https%3A\/\/www.leral.net&#038;dtd=1553<\/p>\n\n\n\n<p>La Cour des Comptes a recommand\u00e9 au minist\u00e8re de la Sant\u00e9 et de l\u2019Action sociale, de faire jouer la concurrence dans l\u2019acquisition des EPI, pour pr\u00e9server les deniers de l\u2019\u00c9tat.<\/p>\n\n\n\n<p>L\u2019autre scandale relev\u00e9 dans le rapport de la Cour des Comptes de 2022 sur la gestion de la pand\u00e9mie Covid-19, concerne le d\u00e9faut d\u2019enregistrement de march\u00e9s. Une lecture approfondie permet de constater que les rapporteurs ont soulign\u00e9 que des contrats d\u2019une valeur de 23 893 183 FCfa pass\u00e9s entre les titulaires des march\u00e9s et le minist\u00e8re de la Sant\u00e9, n\u2019ont pas fait l\u2019objet d\u2019enregistrement aupr\u00e8s des centres fiscaux comp\u00e9tents.<\/p>\n\n\n\n<p>Mais la revue d\u2019\u00e9chantillon de dossiers de march\u00e9s concerne l\u2019ann\u00e9e 2020. Ces march\u00e9s non enregistr\u00e9s concernent notamment l\u2019acquisition de masques chirurgicaux (14 460 000 FCfa) avec KDEF et des travaux d\u2019extension du CTE Hangar a\u00e9roport de Yoff (4 229 000 FCfa) avec Khelcom B\u00e2ches.<\/p>\n\n\n\n<p>Interpel\u00e9 sur les faits, le directeur de l\u2019Administration g\u00e9n\u00e9rale et de l\u2019\u00c9quipement (DAGE) du minist\u00e8re de la Sant\u00e9 et de l\u2019Action sociale, Ousseynou Ngom, a indiqu\u00e9 aux rapporteurs qu\u2019il a proc\u00e9d\u00e9 \u00e0 la r\u00e9gularisation de l\u2019enregistrement des contrats pour Madiyana International Trading, l\u2019Agence de coop\u00e9ration internationale (ACI), Touba Khelcom et Khelcom B\u00e2ches SARL.<\/p>\n\n\n\n<p>Pourtant, selon la Cour des Comptes, les march\u00e9s consign\u00e9s dans le tableau n\u00b030, ne sont pas, \u00e0 ce jour, encore soumis qu&rsquo;ils sont \u00e0 la formalit\u00e9 d\u2019enregistrement. Il s\u2019agit principalement des produits achet\u00e9s chez Master Office PRO (551 930 000 FCfa), SIR (71 234 800 FCfa), Aston S\u00e9n\u00e9gal (112 395 000 FCfa) et HF Trading (25 000 300 FCfa).<\/p>\n\n\n\n<p>Comme recommandation, les rapporteurs ont demand\u00e9 au DAGE du minist\u00e8re de la Sant\u00e9 et de l\u2019Action sociale, Ousseynou Ngom, de faire les diligences n\u00e9cessaires pour respecter les formalit\u00e9s d\u2019enregistrement des contrats.<\/p>\n\n\n\n<p>Mr Ndao B<\/p>\n","protected":false},"excerpt":{"rendered":"<p>La Cour des Comptes a relev\u00e9 des d\u00e9rives dans l\u2019ex\u00e9cution des march\u00e9s du minist\u00e8re de la Sant\u00e9 et de l\u2019Action<\/p>\n","protected":false},"author":1,"featured_media":4728,"comment_status":"open","ping_status":"open","sticky":false,"template":"","format":"standard","meta":{"footnotes":""},"categories":[3],"tags":[],"class_list":["post-4727","post","type-post","status-publish","format-standard","has-post-thumbnail","hentry","category-event-more-news"],"_links":{"self":[{"href":"https:\/\/dekkbi.com\/index.php?rest_route=\/wp\/v2\/posts\/4727","targetHints":{"allow":["GET"]}}],"collection":[{"href":"https:\/\/dekkbi.com\/index.php?rest_route=\/wp\/v2\/posts"}],"about":[{"href":"https:\/\/dekkbi.com\/index.php?rest_route=\/wp\/v2\/types\/post"}],"author":[{"embeddable":true,"href":"https:\/\/dekkbi.com\/index.php?rest_route=\/wp\/v2\/users\/1"}],"replies":[{"embeddable":true,"href":"https:\/\/dekkbi.com\/index.php?rest_route=%2Fwp%2Fv2%2Fcomments&post=4727"}],"version-history":[{"count":1,"href":"https:\/\/dekkbi.com\/index.php?rest_route=\/wp\/v2\/posts\/4727\/revisions"}],"predecessor-version":[{"id":4729,"href":"https:\/\/dekkbi.com\/index.php?rest_route=\/wp\/v2\/posts\/4727\/revisions\/4729"}],"wp:featuredmedia":[{"embeddable":true,"href":"https:\/\/dekkbi.com\/index.php?rest_route=\/wp\/v2\/media\/4728"}],"wp:attachment":[{"href":"https:\/\/dekkbi.com\/index.php?rest_route=%2Fwp%2Fv2%2Fmedia&parent=4727"}],"wp:term":[{"taxonomy":"category","embeddable":true,"href":"https:\/\/dekkbi.com\/index.php?rest_route=%2Fwp%2Fv2%2Fcategories&post=4727"},{"taxonomy":"post_tag","embeddable":true,"href":"https:\/\/dekkbi.com\/index.php?rest_route=%2Fwp%2Fv2%2Ftags&post=4727"}],"curies":[{"name":"wp","href":"https:\/\/api.w.org\/{rel}","templated":true}]}}