{"id":4724,"date":"2022-12-13T12:32:25","date_gmt":"2022-12-13T12:32:25","guid":{"rendered":"https:\/\/dekkbi.com\/?p=4724"},"modified":"2022-12-13T12:32:26","modified_gmt":"2022-12-13T12:32:26","slug":"macky-sall-aux-etats-unis-diplomatie-investissement-et-distinction-au-coeur-dun-agenda-surcharge","status":"publish","type":"post","link":"https:\/\/dekkbi.com\/?p=4724","title":{"rendered":"Macky Sall aux \u00c9tats-Unis : Diplomatie, investissement et distinction au c\u0153ur d\u2019un agenda surcharg\u00e9"},"content":{"rendered":"\n<h3 class=\"wp-block-heading\">C\u2019est devenu la r\u00e8gle. A chaque rencontre internationale, le Pr\u00e9sident Macky Sall est tr\u00e8s sollicit\u00e9 pour des audiences en marge de l\u2019\u00e9v\u00e8nement. Le sommet Afrique\/Etats Unis ne sera pas une exception. En plus du Pr\u00e9sident des Etats-Unis Joe Biden, le Pr\u00e9sident Sall a dans son agenda une rencontre avec le Pr\u00e9sident de l\u2019Ile Maurice. Au menu figure, \u00e9galement, un t\u00eate avec la Directrice g\u00e9n\u00e9rale du Fonds mon\u00e9taire International (FMI), Kristalina Georgieva. Macky Sall va \u00e9galement \u00e9changer avec des membres de l\u2019administration Biden tels que le secr\u00e9taire d\u2019Etat Anthony Blinken, Janet Yellen, la secr\u00e9taire d\u2019Etat au Tr\u00e9sor, mais aussi des dirigeantes d\u2019instruments de d\u00e9veloppement comme Samantha Power, l\u2019administratrice de l\u2019USAID, Alice Albright, la PDG du MCC (Millenium Challenge Corporation). le Vice-Pr\u00e9sident de Google, renseigne Seneweb.<\/h3>\n\n\n\n<p>R\u00e9dig\u00e9 par leral.net le Mardi 13 D\u00e9cembre 2022 \u00e0 04:47 | |&nbsp;<a href=\"https:\/\/www.leral.net\/Macky-Sall-aux-Etats-Unis-Diplomatie-investissement-et-distinction-au-coeur-d-un-agenda-surcharge_a341099.html?com#comments\">3<\/a>&nbsp;commentaire(s)|<\/p>\n\n\n\n<figure class=\"wp-block-image\"><img decoding=\"async\" src=\"https:\/\/www.leral.net\/photo\/art\/default\/69555625-48620208.jpg?v=1670904882\" alt=\"Macky Sall aux \u00c9tats-Unis : Diplomatie, investissement et distinction au c\u0153ur d\u2019un agenda surcharg\u00e9\" title=\"Macky Sall aux \u00c9tats-Unis : Diplomatie, investissement et distinction au c\u0153ur d\u2019un agenda surcharg\u00e9\"\/><\/figure>\n\n\n\n<p>https:\/\/www.facebook.com\/plugins\/like.php?href=https%3A%2F%2Fwww.leral.net%2FMacky-Sall-aux-Etats-Unis-Diplomatie-investissement-et-distinction-au-coeur-d-un-agenda-surcharge_a341099.html&#038;layout=box_count&#038;show_faces=false&#038;width=100&#038;action=like&#038;colorscheme=lighthttps:\/\/platform.twitter.com\/widgets\/tweet_button.html?url=http%3A%2F%2Fxfru.it%2FooVNAd&#038;counturl=https%3A%2F%2Fwww.leral.net%2FMacky-Sall-aux-Etats-Unis-Diplomatie-investissement-et-distinction-au-coeur-d-un-agenda-surcharge_a341099.html&#038;text=Macky%20Sall%20aux%20%C3%89tats-Unis%20%3A%20Diplomatie%2C%20investissement%20et%20distinction%20au%20c%C5%93ur%20d%E2%80%99un%20agenda%20surcharg%C3%A9&#038;count=vertical<\/p>\n\n\n\n<figure class=\"wp-block-image\"><a href=\"https:\/\/www.leral.net\/ads\/209819\/\" target=\"_blank\" rel=\"noreferrer noopener\"><img decoding=\"async\" src=\"https:\/\/www.leral.net\/photo\/walf.jpg?v=1668693457\" alt=\"\"\/><\/a><\/figure>\n\n\n\n<p>Lors du sommet Afrique\/Etats Unis pr\u00e9vu jeudi, le Pr\u00e9sident Sall reviendra probablement sur son combat pour la s\u00e9curit\u00e9 et la souverainet\u00e9 alimentaires en Afrique et dans le monde et d\u2019autres priorit\u00e9s du continent au c\u0153ur de son mandat \u00e0 la t\u00eate de l\u2019Union Africaines. D\u00e9j\u00e0, il peut compter comme r\u00e9sultat positif sur le soutien am\u00e9ricain \u00e0 la candidature africaine au G20 pour lequel il s\u2019est beaucoup investi.<\/p>\n\n\n\n<p>Entre autres activit\u00e9s, il prendra part au forum des Affaires Afrique\/Etats-Unis pr\u00e9vu mercredi pour encourager l\u2019investissement en Afrique, en g\u00e9n\u00e9ral, et au S\u00e9n\u00e9gal en particulier qui a des avantages comme la stabilit\u00e9 politique, la s\u00e9curit\u00e9 juridique et judiciaire comme le confirme le second pack du MCA. \u00ab Trade not aid \u00bb, plut\u00f4t le commerce que l\u2019aide disait Clinton.<\/p>\n\n\n\n<p>https:\/\/googleads.g.doubleclick.net\/pagead\/ads?client=ca-pub-8327310497401434&#038;output=html&#038;h=280&#038;adk=3297276951&#038;adf=2655356913&#038;pi=t.aa~a.1134963687~i.4~rp.1&#038;w=668&#038;fwrn=4&#038;fwrnh=100&#038;lmt=1670933558&#038;num_ads=1&#038;rafmt=1&#038;armr=3&#038;sem=mc&#038;pwprc=4754385733&#038;ad_type=text_image&#038;format=668&#215;280&#038;url=https%3A%2F%2Fwww.leral.net%2FMacky-Sall-aux-Etats-Unis-Diplomatie-investissement-et-distinction-au-coeur-d-un-agenda-surcharge_a341099.html&#038;fwr=0&#038;pra=3&#038;rh=167&#038;rw=668&#038;rpe=1&#038;resp_fmts=3&#038;wgl=1&#038;fa=27&#038;uach=WyJXaW5kb3dzIiwiMTAuMC4wIiwieDg2IiwiIiwiMTA4LjAuNTM1OS45OSIsW10sZmFsc2UsbnVsbCwiNjQiLFtbIk5vdD9BX0JyYW5kIiwiOC4wLjAuMCJdLFsiQ2hyb21pdW0iLCIxMDguMC41MzU5Ljk5Il0sWyJHb29nbGUgQ2hyb21lIiwiMTA4LjAuNTM1OS45OSJdXSxmYWxzZV0.&#038;dt=1670933558897&#038;bpp=13&#038;bdt=5213&#038;idt=13&#038;shv=r20221207&#038;mjsv=m202212010101&#038;ptt=9&#038;saldr=aa&#038;abxe=1&#038;cookie=ID%3D6a31d8ef654f8a24-22beda5a8cd600a7%3AT%3D1667380244%3ART%3D1667380244%3AS%3DALNI_Ma_uwvl3VmpM0IbVJLRW8kaGG27sw&#038;gpic=UID%3D000005d2768d6847%3AT%3D1651574175%3ART%3D1670933426%3AS%3DALNI_MZdhL1-8DCifFvNaNOICcxCrKsuLg&#038;prev_fmts=0x0%2C673x90&#038;nras=2&#038;correlator=1539373840381&#038;frm=20&#038;pv=1&#038;ga_vid=102018152.1585474629&#038;ga_sid=1670933556&#038;ga_hid=832783778&#038;ga_fc=1&#038;u_tz=0&#038;u_his=7&#038;u_h=409&#038;u_w=727&#038;u_ah=388&#038;u_aw=727&#038;u_cd=24&#038;u_sd=1.41&#038;dmc=4&#038;adx=3&#038;ady=1325&#038;biw=947&#038;bih=358&#038;scr_x=0&#038;scr_y=545&#038;eid=44759876%2C44759927%2C44759837%2C44774292%2C44780792&#038;oid=2&#038;pvsid=987444320215627&#038;tmod=738481147&#038;uas=3&#038;nvt=1&#038;ref=https%3A%2F%2Fwww.leral.net%2F&#038;eae=0&#038;fc=1408&#038;brdim=0%2C0%2C0%2C0%2C727%2C0%2C727%2C388%2C969%2C380&#038;vis=1&#038;rsz=%7C%7Cs%7C&#038;abl=NS&#038;fu=1152&#038;bc=31&#038;ifi=3&#038;uci=a!3&#038;btvi=1&#038;fsb=1&#038;xpc=FvxDjQ4VKm&#038;p=https%3A\/\/www.leral.net&#038;dtd=103<\/p>\n\n\n\n<p>Le New Deal qu\u2019a propos\u00e9 le Pr\u00e9sident Sall depuis des ann\u00e9es s\u2019inscrit dans le m\u00eame esprit. On retiendra \u00e9galement la prise de parole du Pr\u00e9sident Sall, d\u00e8s ce lundi soir, en qualit\u00e9 d\u2019invit\u00e9 sp\u00e9cial au d\u00eener du Think Tank am\u00e9ricain Atlantic Council avant de recevoir le Prix Golden Plate de l\u2019American Academy of Achievement, un autre Think tank de renomm\u00e9e.<\/p>\n\n\n\n<p>Cette distinction est une reconnaissance de l\u2019\u0153uvre du Pr\u00e9sident Sall \u00e0 la t\u00eate du S\u00e9n\u00e9gal et de l\u2019UA. Elle a \u00e9t\u00e9 d\u00e9cern\u00e9e par le pass\u00e9 \u00e0 d\u2019\u00e9minentes personnalit\u00e9s dont des Pr\u00e9sidents am\u00e9ricains.<\/p>\n","protected":false},"excerpt":{"rendered":"<p>C\u2019est devenu la r\u00e8gle. A chaque rencontre internationale, le Pr\u00e9sident Macky Sall est tr\u00e8s sollicit\u00e9 pour des audiences en marge<\/p>\n","protected":false},"author":1,"featured_media":4725,"comment_status":"open","ping_status":"open","sticky":false,"template":"","format":"standard","meta":{"footnotes":""},"categories":[6],"tags":[],"class_list":["post-4724","post","type-post","status-publish","format-standard","has-post-thumbnail","hentry","category-politics"],"_links":{"self":[{"href":"https:\/\/dekkbi.com\/index.php?rest_route=\/wp\/v2\/posts\/4724","targetHints":{"allow":["GET"]}}],"collection":[{"href":"https:\/\/dekkbi.com\/index.php?rest_route=\/wp\/v2\/posts"}],"about":[{"href":"https:\/\/dekkbi.com\/index.php?rest_route=\/wp\/v2\/types\/post"}],"author":[{"embeddable":true,"href":"https:\/\/dekkbi.com\/index.php?rest_route=\/wp\/v2\/users\/1"}],"replies":[{"embeddable":true,"href":"https:\/\/dekkbi.com\/index.php?rest_route=%2Fwp%2Fv2%2Fcomments&post=4724"}],"version-history":[{"count":1,"href":"https:\/\/dekkbi.com\/index.php?rest_route=\/wp\/v2\/posts\/4724\/revisions"}],"predecessor-version":[{"id":4726,"href":"https:\/\/dekkbi.com\/index.php?rest_route=\/wp\/v2\/posts\/4724\/revisions\/4726"}],"wp:featuredmedia":[{"embeddable":true,"href":"https:\/\/dekkbi.com\/index.php?rest_route=\/wp\/v2\/media\/4725"}],"wp:attachment":[{"href":"https:\/\/dekkbi.com\/index.php?rest_route=%2Fwp%2Fv2%2Fmedia&parent=4724"}],"wp:term":[{"taxonomy":"category","embeddable":true,"href":"https:\/\/dekkbi.com\/index.php?rest_route=%2Fwp%2Fv2%2Fcategories&post=4724"},{"taxonomy":"post_tag","embeddable":true,"href":"https:\/\/dekkbi.com\/index.php?rest_route=%2Fwp%2Fv2%2Ftags&post=4724"}],"curies":[{"name":"wp","href":"https:\/\/api.w.org\/{rel}","templated":true}]}}