{"id":47239,"date":"2024-11-26T12:36:26","date_gmt":"2024-11-26T12:36:26","guid":{"rendered":"https:\/\/dekkbi.com\/?p=47239"},"modified":"2024-11-26T12:37:17","modified_gmt":"2024-11-26T12:37:17","slug":"une-commission-mixte-economique-decide-dapprofondir-les-relations-senegalo-americaines","status":"publish","type":"post","link":"https:\/\/dekkbi.com\/?p=47239","title":{"rendered":"Une commission mixte \u00e9conomique d\u00e9cide d\u2019approfondir les relations s\u00e9n\u00e9galo-am\u00e9ricaines"},"content":{"rendered":"\n<p>Dakar,  (APS) \u2013 Une commission mixte \u00e9conomique s\u00e9n\u00e9galo-am\u00e9ricaine r\u00e9unie vendredi dernier \u00e0 Washington a r\u00e9affirm\u00e9 la volont\u00e9 des \u00c9tats-Unis d\u2019Am\u00e9rique et du S\u00e9n\u00e9gal d\u2019approfondir la coop\u00e9ration entre les deux pays en mati\u00e8re de commerce et d\u2019\u00e9conomie, a-t-on appris lundi de l\u2019ambassade am\u00e9ricaine.<\/p>\n\n\n\n<p>\u2018\u2019Les deux d\u00e9l\u00e9gations multisectorielles ont r\u00e9affirm\u00e9 leur volont\u00e9 commune d\u2019approfondir et d\u2019\u00e9largir la coop\u00e9ration \u00e9conomique et commerciale bilat\u00e9rale. Elles ont men\u00e9 des discussions constructives sur l\u2019importance des r\u00e9formes \u00e9conomiques et d\u2019un secteur priv\u00e9 solide et innovant pour stimuler la croissance\u2019\u2019, affirme la m\u00eame source dans un communiqu\u00e9 parvenu \u00e0 l\u2019APS.<\/p>\n\n\n\n<p>La d\u00e9l\u00e9gation am\u00e9ricaine \u00e9tait dirig\u00e9e par Kurt Campbell, secr\u00e9taire d\u2019\u00c9tat adjoint des \u00c9tats-Unis d\u2019Am\u00e9rique, celle du S\u00e9n\u00e9gal par la ministre de l\u2019Int\u00e9gration africaine et des Affaires \u00e9trang\u00e8res, Yassine Fall, selon le texte.<\/p>\n\n\n\n<p>Lors de cette rencontre, les deux parties \u2018\u2019ont abord\u00e9 des th\u00e8mes tels que le renforcement de la coop\u00e9ration agricole, la construction d\u2019une \u00e9conomie bleue durable, le d\u00e9veloppement des partenariats technologiques et l\u2019am\u00e9lioration du climat des affaires\u2019\u2019.<\/p>\n\n\n\n<p>\u2018\u2019Les participants ont partag\u00e9 des id\u00e9es visant \u00e0 accro\u00eetre les opportunit\u00e9s \u00e9conomiques dans les deux pays. Les d\u00e9l\u00e9gations ont d\u00e9cid\u00e9 de poursuivre leurs engagements par des canaux diplomatiques pour assurer une mise en \u0153uvre rapide des initiatives discut\u00e9es lors de ces sessions\u2019\u2019, affirme le communiqu\u00e9.&nbsp;<\/p>\n\n\n\n<p>Il pr\u00e9cise que cette rencontre \u00e9tait la session inaugurale de la commission mixte \u00e9conomique.<\/p>\n\n\n\n<p>\u2018\u2019La commission repose sur la vision commune des deux parties visant \u00e0 promouvoir la coop\u00e9ration \u00e9conomique bilat\u00e9rale, \u00e0 d\u00e9velopper les opportunit\u00e9s d\u2019investissements et \u00e0 renforcer les liens commerciaux\u2019\u2019, ajoute la m\u00eame source.<\/p>\n\n\n\n<p>Elle signale que cette instance \u2018\u2019illustre l\u2019engagement des \u00c9tats-Unis et du S\u00e9n\u00e9gal \u00e0 encourager une coop\u00e9ration \u00e9conomique bilat\u00e9rale, g\u00e9n\u00e9ratrice de croissance \u00e9conomique durable et d\u2019investissements mutuellement b\u00e9n\u00e9fiques pour les peuples s\u00e9n\u00e9galais et am\u00e9ricain\u2019\u2019.&nbsp;<\/p>\n\n\n\n<p>\u2018\u2019Les membres de la d\u00e9l\u00e9gation am\u00e9ricaine ont f\u00e9licit\u00e9 leurs homologues s\u00e9n\u00e9galais pour les progr\u00e8s r\u00e9alis\u00e9s par le nouveau gouvernement en mati\u00e8re de transparence dans la gestion des finances publiques\u2019\u2019, poursuit le communiqu\u00e9.<\/p>\n\n\n\n<p>\u2018\u2019Ils se r\u00e9jouissent de soutenir les r\u00e9formes \u00e9conomiques du S\u00e9n\u00e9gal et son engagement avec le FMI (Fonds mon\u00e9taire international) et d\u2019autres partenaires internationaux\u2019\u2019, lit-on dans le texte.<\/p>\n\n\n\n<p>Le communiqu\u00e9 re\u00e7u de l\u2019ambassade am\u00e9ricaine au S\u00e9n\u00e9gal ajoute que \u2018\u2019le gouvernement s\u00e9n\u00e9galais [s\u2019est engag\u00e9] \u00e0 poursuivre des r\u00e9formes rigoureuses dans la gestion des finances publiques\u2019\u2019.&nbsp;<\/p>\n\n\n\n<p>Les minist\u00e8res am\u00e9ricains des Affaires \u00e9trang\u00e8res, de l\u2019Agriculture, du Commerce, du Tr\u00e9sor, l\u2019Agence am\u00e9ricaine pour le d\u00e9veloppement international, le Millennium Challenge Corporation et la Soci\u00e9t\u00e9 am\u00e9ricaine de financement du d\u00e9veloppement international \u00e9taient repr\u00e9sent\u00e9s aux travaux de la commission.<\/p>\n\n\n\n<p>Les repr\u00e9sentants du S\u00e9n\u00e9gal venaient des minist\u00e8res de l\u2019Int\u00e9gration africaine et des Affaires \u00e9trang\u00e8res, des Finances, de l\u2019Agriculture, des P\u00eaches, de la Communication, des T\u00e9l\u00e9communications et du Num\u00e9rique, de l\u2019\u00c9nergie, du P\u00e9trole et des Mines.<\/p>\n\n\n\n<p>L\u2019APIX, l\u2019agence charg\u00e9e de la promotion des investissements et des grands travaux de l\u2019\u00c9tat, a \u00e9galement pris part \u00e0 la rencontre.<\/p>\n\n\n\n<p>Les deux parties ont d\u00e9cid\u00e9, \u2018\u2019dans un esprit de collaboration continue\u2019\u2019, de tenir la deuxi\u00e8me r\u00e9union de la commission au S\u00e9n\u00e9gal, selon le communiqu\u00e9.<\/p>\n\n\n\n<p>ESF\/OID<\/p>\n","protected":false},"excerpt":{"rendered":"<p>Dakar, (APS) \u2013 Une commission mixte \u00e9conomique s\u00e9n\u00e9galo-am\u00e9ricaine r\u00e9unie vendredi dernier \u00e0 Washington a r\u00e9affirm\u00e9 la volont\u00e9 des \u00c9tats-Unis d\u2019Am\u00e9rique<\/p>\n","protected":false},"author":1,"featured_media":47240,"comment_status":"open","ping_status":"open","sticky":false,"template":"","format":"standard","meta":{"footnotes":""},"categories":[6],"tags":[],"class_list":["post-47239","post","type-post","status-publish","format-standard","has-post-thumbnail","hentry","category-politics"],"_links":{"self":[{"href":"https:\/\/dekkbi.com\/index.php?rest_route=\/wp\/v2\/posts\/47239","targetHints":{"allow":["GET"]}}],"collection":[{"href":"https:\/\/dekkbi.com\/index.php?rest_route=\/wp\/v2\/posts"}],"about":[{"href":"https:\/\/dekkbi.com\/index.php?rest_route=\/wp\/v2\/types\/post"}],"author":[{"embeddable":true,"href":"https:\/\/dekkbi.com\/index.php?rest_route=\/wp\/v2\/users\/1"}],"replies":[{"embeddable":true,"href":"https:\/\/dekkbi.com\/index.php?rest_route=%2Fwp%2Fv2%2Fcomments&post=47239"}],"version-history":[{"count":1,"href":"https:\/\/dekkbi.com\/index.php?rest_route=\/wp\/v2\/posts\/47239\/revisions"}],"predecessor-version":[{"id":47241,"href":"https:\/\/dekkbi.com\/index.php?rest_route=\/wp\/v2\/posts\/47239\/revisions\/47241"}],"wp:featuredmedia":[{"embeddable":true,"href":"https:\/\/dekkbi.com\/index.php?rest_route=\/wp\/v2\/media\/47240"}],"wp:attachment":[{"href":"https:\/\/dekkbi.com\/index.php?rest_route=%2Fwp%2Fv2%2Fmedia&parent=47239"}],"wp:term":[{"taxonomy":"category","embeddable":true,"href":"https:\/\/dekkbi.com\/index.php?rest_route=%2Fwp%2Fv2%2Fcategories&post=47239"},{"taxonomy":"post_tag","embeddable":true,"href":"https:\/\/dekkbi.com\/index.php?rest_route=%2Fwp%2Fv2%2Ftags&post=47239"}],"curies":[{"name":"wp","href":"https:\/\/api.w.org\/{rel}","templated":true}]}}