{"id":47233,"date":"2024-11-26T12:22:50","date_gmt":"2024-11-26T12:22:50","guid":{"rendered":"https:\/\/dekkbi.com\/?p=47233"},"modified":"2024-11-26T12:23:08","modified_gmt":"2024-11-26T12:23:08","slug":"cop29-la-desillusion-des-pays-africains","status":"publish","type":"post","link":"https:\/\/dekkbi.com\/?p=47233","title":{"rendered":"COP29 : la d\u00e9sillusion des pays africains"},"content":{"rendered":"\n<p>La 29\u00e8me conf\u00e9rence mondiale sur le climat (COP29) s\u2019est termin\u00e9e ce dimanche \u00e0 Bakou en Azerba\u00efdjan. Les pays africains avaient notamment pour objectif d\u2019obtenir plus de financement pour faire face au changement climatique. R\u00e9sultat, le compte n\u2019y est pas.<\/p>\n\n\n\n<p>Par N&rsquo;daricaling Loppy avec AFP<\/p>\n\n\n\n<p>Adonia Ayebare, l&rsquo;ambassadeur de l&rsquo;Ouganda aux Nations Unies, \u00e0 gauche, s&rsquo;entretient avec Evans Njewa du Malawi, pr\u00e9sident des pays les moins avanc\u00e9s, au centre, et d&rsquo;autres avant une session pl\u00e9ni\u00e8re du Sommet des Nations Unies sur le climat COP29, dimanche 24 novembre 2024, \u00e0 Bakou, Azerba\u00efdjan.<\/p>\n\n\n\n<p>Des applaudissements mais peu d&rsquo;avanc\u00e9es. A Bakou, en Azerba\u00efdjan, les n\u00e9gociations de la 29\u00e8me conf\u00e9rence mondiale sur le climat ont pris fin, sans enthousiasme, ce dimanche 24 novembre. Un accord financier a \u00e9t\u00e9 obtenu mais il est bien en de\u00e7\u00e0 des objectifs que les pays africains s\u2019\u00e9taient fix\u00e9s.<\/p>\n\n\n\n<p>En arrivant en Azerba\u00efdjan le 11 novembre, les n\u00e9gociateurs africains avaient la mission d\u2019obtenir 1300 milliards de dollars par an \u00e0 compter de 2025. Un objectif ambitieux pour la d\u00e9l\u00e9gation car \u00e0 l\u2019heure actuelle, les pays d\u00e9velopp\u00e9s financent seulement \u00e0 hauteur de 100 milliards de dollars l\u2019adaptation au changement climatique des pays en d\u00e9veloppement.<\/p>\n\n\n\n<h2 class=\"wp-block-heading\"><em>&nbsp;\u00ab\u00a0des promesses vagues\u00a0\u00bb<\/em><\/h2>\n\n\n\n<p>L\u2019accord scell\u00e9 durant la seconde nuit de prolongation est loin de satisfaire les pays africains. Le financement promis en 2035 \u201cest trop faible, trop tardif et trop ambigu\u201d a d\u00e9nonc\u00e9 le K\u00e9nyan Ali Mohamed au nom du groupe africain.<\/p>\n\n\n\n<p>L\u2019engagement financier est<em>&nbsp;\u00ab\u00a0d&rsquo;au moins 300 milliards de dollars\u00a0\u00bb<\/em>&nbsp;annuels d\u2019ici 2035 pour les Etats-Unis, le Canada,&nbsp; l\u2019Australie, le Japon, la Nouvelle-Z\u00e9lande et des pays europ\u00e9ens. Cet argent doit permettre aux pays en d\u00e9veloppement de s\u2019adapter aux inondations, aux canicules et aux s\u00e9cheresses. Ce financement doit \u00e9galement permettre d\u2019investir dans des \u00e9nergies bas carbone.&nbsp;<\/p>\n\n\n\n<p>Le montant obtenu est d\u00e9cevant pour Mohamed Adow, directeur de Power shift Africa, groupe de r\u00e9flexion d\u00e9di\u00e9 au climat sur le continent. Dans un message publi\u00e9 sur X \u00e0 l\u2019issue de la conf\u00e9rence mondiale sur le climat, il fait part de son m\u00e9contentement.&nbsp;\u00ab\u00a0<em>&nbsp;Le monde riche a organis\u00e9 une grande \u00e9vasion \u00e0 Bakou. Sans argent r\u00e9el sur la table et avec des promesses vagues et irresponsables de fonds \u00e0 mobiliser, ils tentent de se soustraire \u00e0 leurs obligations financi\u00e8res en mati\u00e8re de climat \u00ab\u00a0<\/em>, affirme Mohamed Adow.<\/p>\n\n\n\n<p>Pour le Climate action network (CAN), qui rassemble un grand nombre d&rsquo;ONG de d\u00e9fense de l&rsquo;environnement, cette COP a \u00e9t\u00e9&nbsp;<em>\u00ab\u00a0la plus horrible depuis des ann\u00e9es\u00a0\u00bb.<\/em>&nbsp;Asneem Essop, directrice ex\u00e9cutive du r\u00e9seau, a accus\u00e9 les pays d\u00e9velopp\u00e9s de&nbsp;\u00ab\u00a0mauvaise foi\u00a0\u00bb et d&rsquo;une volont\u00e9 de&nbsp;\u00ab\u00a0<em>&nbsp;trahir\u00a0\u00bb<\/em>&nbsp;les pays du Sud.<\/p>\n\n\n\n<p>La d\u00e9ception est \u00e9galement grande pour Faten Aggad, directrice d\u2019African future policies hub :<em>&nbsp;\u00a0\u00bb Je comprends l&rsquo;instinct naturel des n\u00e9gociateurs voulant ramener \u00e0 la maison un accord. mais c\u2019est aussi dans l&rsquo;int\u00e9r\u00eat de nos pays de savoir rebrousser chemin. Pas d\u2019accord vaut mieux qu\u2019un accord o\u00f9 les pays africains n\u2019ont pas de r\u00e9els fonds pour s&rsquo;adapter au changement climatique.\u00a0\u00bb<\/em><\/p>\n\n\n\n<p>Pour Fran\u00e7ois Gemenne, pr\u00e9sident du conseil scientifique de la fondation pour la nature et l\u2019homme et membre du GIEC, les n\u00e9gociations de la COP29 \u00e9taient&nbsp;\u00ab\u00a0<em>&nbsp;extr\u00eamement symboliques sur un montant qui devrait fixer une sorte de justice climatique entre pays du nord et pays du Sud.\u00a0\u00bb<\/em><\/p>\n\n\n\n<p>Les 1300 milliards de dollars demand\u00e9s par les n\u00e9gociateurs africains ne font pas d\u00e9bat au sein de la communaut\u00e9 scientifique.&nbsp;\u00ab\u00a0<em>&nbsp;Le montant \u00e9tait du reste l\u00e9gitime. Pour donner deux ordre d\u2019id\u00e9es, il y a aujourd\u2019hui davantage de panneaux solaires en Belgique que sur la totalit\u00e9 du continent africain donc cela donne un aper\u00e7u de l\u2019ampleur des financements n\u00e9cessaires pour la transition \u00e9nerg\u00e9tique en Afrique. Par ailleurs, il a \u00e9t\u00e9 estim\u00e9 que les besoins de la transition en France se montent \u00e0 67 milliards d\u2019euros par an. Ce montant est moins de 5 fois sup\u00e9rieur \u00e0 la somme demand\u00e9e pour un ensemble de pays qui repr\u00e9sentent bien plus que 5 fois la France.\u00a0\u00bb<\/em>&nbsp;souligne Fran\u00e7ois Gemenne.<\/p>\n\n\n\n<h2 class=\"wp-block-heading\">Absence de d\u00e9cisions concr\u00e8tes<\/h2>\n\n\n\n<p>Les Occidentaux dont les Europ\u00e9ens, premiers bailleurs mondiaux de finance pour le climat, n&rsquo;\u00e9taient pas pr\u00eats \u00e0 aller au-del\u00e0 des 300 milliards de dollars, en p\u00e9riode de resserrement budg\u00e9taire et de secousses politiques.&nbsp;<em>\u00ab\u00a0Toute la n\u00e9gociation a port\u00e9 sur la somme de ce montant global qui n\u2019a aucune mat\u00e9rialit\u00e9.\u00a0\u00bb<\/em>&nbsp;ajoute Fran\u00e7ois Gemenne, interrog\u00e9 par TV5MONDE.<\/p>\n\n\n\n<p>La COP29 n\u2019a pas permis l\u2019\u00e9mergence de d\u00e9cisions concr\u00e8tes en faveur de la transition ou de l\u2019adaptation des pays africains au changement climatique. \u201c<em>Si les pays du sud n\u2019ont pas les moyens de faire leurs transition \u00e9nerg\u00e9tique, ils auront recours aux \u00e9nergies fossiles pour r\u00e9pondre aux besoins en \u00e9lectrification etc. C\u2019est d\u00e9j\u00e0 ce que commencent \u00e0 faire des pays comme le S\u00e9n\u00e9gal et l\u2019Ouganda. Les autorit\u00e9s s\u00e9n\u00e9galaises ont d\u00e9cid\u00e9 d\u2019exploiter les champs p\u00e9trolif\u00e8re, de m\u00eame pour le pouvoir ougandais avec le fameux pipeline Eacop. Les pays africains cherchent \u00e0 exploiter leurs ressources p\u00e9troli\u00e8res. Si l\u2019on souhaite que ces ressources restent dans le sol, il faut absolument d\u00e9gager des montants pour faire la transition aussi dans les pays du Sud.\u201d&nbsp;<\/em>d\u00e9taille Fran\u00e7ois Gemenne.<\/p>\n\n\n\n<p>Du point de vue de la France, le texte est&nbsp;<em>\u00ab<\/em>d\u00e9cevant<em>\u00bb<\/em>&nbsp;et&nbsp;<em>\u00ab pas \u00e0 la hauteur des enjeux \u00bb<\/em>, a dit la ministre fran\u00e7aise de la Transition \u00e9cologique Agn\u00e8s Pannier-Runacher. Elle a regrett\u00e9&nbsp;<em>\u00ab une absence de leadership de la pr\u00e9sidence \u00bb<\/em>&nbsp;azerba\u00efdjanaise.<\/p>\n\n\n\n<p>Le commissaire europ\u00e9en charg\u00e9 des n\u00e9gociations sur le climat Wopke Hoekstra a \u00e9mis des regrets: les Europ\u00e9ens auraient<em>&nbsp;\u00ab\u00a0aim\u00e9 voir plus d&rsquo;ambition \u00ab\u00a0<\/em>&nbsp;sur la baisse des gaz \u00e0 effet de serre dans tous les pays. Le renvoi de ce d\u00e9bat \u00e0 l&rsquo;ann\u00e9e prochaine&nbsp;\u00ab\u00a0<em>est un \u00e9chec \u00ab\u00a0,&nbsp;<\/em>a estim\u00e9 K\u00e9vin Magron, ambassadeur fran\u00e7ais pour le climat.<\/p>\n\n\n\n<p>Le travail est donc encore immense pour pr\u00e9server la plan\u00e8te. Le secr\u00e9taire g\u00e9n\u00e9ral des Nations Unies, Antonio Guterres, a dit voir dans cet accord \u00ab\u00a0une base sur laquelle construire\u00a0\u00bb.<\/p>\n\n\n\n<p>L&rsquo;arri\u00e8re-plan in\u00e9dit de cette 29\u00e8me COP \u00e9tait une ann\u00e9e 2024 qui sera vraisemblablement la plus chaude jamais mesur\u00e9e. Et, neuf ans apr\u00e8s l&rsquo;accord de Paris, qui vise \u00e0 limiter \u00e0 1,50\u00b0C le r\u00e9chauffement de la plan\u00e8te par rapport \u00e0 l&rsquo;\u00e8re pr\u00e9-industrielle, l&rsquo;humanit\u00e9 va encore br\u00fbler plus de p\u00e9trole, de gaz et de charbon que l&rsquo;ann\u00e9e pass\u00e9e.<\/p>\n\n\n\n<p><em>\u00abSi la transition ne se fait pas aussi dans les pays du Sud, quelque part, la baisse des \u00e9missions au Nord sera compens\u00e9e par la hausse des \u00e9missions des pays en d\u00e9veloppement. Ce que les pays industrialis\u00e9s ne r\u00e9alisent pas bien, c\u2019est qu\u2019il est aussi dans leur int\u00e9r\u00eat de financer la transition dans les pays du S<\/em>ud.<em>\u00bb&nbsp;<\/em>pr\u00e9cise Fran\u00e7ois Gemenne.<\/p>\n","protected":false},"excerpt":{"rendered":"<p>La 29\u00e8me conf\u00e9rence mondiale sur le climat (COP29) s\u2019est termin\u00e9e ce dimanche \u00e0 Bakou en Azerba\u00efdjan. Les pays africains avaient<\/p>\n","protected":false},"author":1,"featured_media":47234,"comment_status":"open","ping_status":"open","sticky":false,"template":"","format":"standard","meta":{"footnotes":""},"categories":[6],"tags":[],"class_list":["post-47233","post","type-post","status-publish","format-standard","has-post-thumbnail","hentry","category-politics"],"_links":{"self":[{"href":"https:\/\/dekkbi.com\/index.php?rest_route=\/wp\/v2\/posts\/47233","targetHints":{"allow":["GET"]}}],"collection":[{"href":"https:\/\/dekkbi.com\/index.php?rest_route=\/wp\/v2\/posts"}],"about":[{"href":"https:\/\/dekkbi.com\/index.php?rest_route=\/wp\/v2\/types\/post"}],"author":[{"embeddable":true,"href":"https:\/\/dekkbi.com\/index.php?rest_route=\/wp\/v2\/users\/1"}],"replies":[{"embeddable":true,"href":"https:\/\/dekkbi.com\/index.php?rest_route=%2Fwp%2Fv2%2Fcomments&post=47233"}],"version-history":[{"count":1,"href":"https:\/\/dekkbi.com\/index.php?rest_route=\/wp\/v2\/posts\/47233\/revisions"}],"predecessor-version":[{"id":47235,"href":"https:\/\/dekkbi.com\/index.php?rest_route=\/wp\/v2\/posts\/47233\/revisions\/47235"}],"wp:featuredmedia":[{"embeddable":true,"href":"https:\/\/dekkbi.com\/index.php?rest_route=\/wp\/v2\/media\/47234"}],"wp:attachment":[{"href":"https:\/\/dekkbi.com\/index.php?rest_route=%2Fwp%2Fv2%2Fmedia&parent=47233"}],"wp:term":[{"taxonomy":"category","embeddable":true,"href":"https:\/\/dekkbi.com\/index.php?rest_route=%2Fwp%2Fv2%2Fcategories&post=47233"},{"taxonomy":"post_tag","embeddable":true,"href":"https:\/\/dekkbi.com\/index.php?rest_route=%2Fwp%2Fv2%2Ftags&post=47233"}],"curies":[{"name":"wp","href":"https:\/\/api.w.org\/{rel}","templated":true}]}}