{"id":47153,"date":"2024-11-26T09:36:51","date_gmt":"2024-11-26T09:36:51","guid":{"rendered":"https:\/\/dekkbi.com\/?p=47153"},"modified":"2024-11-26T09:36:51","modified_gmt":"2024-11-26T09:36:51","slug":"production-laitiere-mabouba-diagne-suggere-a-lanipl-la-mise-en-place-dune-cooperative-agricole-communautaire","status":"publish","type":"post","link":"https:\/\/dekkbi.com\/?p=47153","title":{"rendered":"Production laiti\u00e8re\u00a0: Mabouba Diagne sugg\u00e8re \u00e0 l\u2019ANIPL la mise en place d\u2019une coop\u00e9rative\u00a0agricole communautaire"},"content":{"rendered":"\n<p>Dakar, 25 nov (APS) \u2013 Le ministre de l\u2019Agriculture, de la Souverainet\u00e9 alimentaire et de l\u2019Elevage, Mabouba Diagne, a sugg\u00e9r\u00e9, lundi, aux membres de l\u2019Association nationale pour l\u2019intensification de la production laiti\u00e8re de mettre sur pied une coop\u00e9rative agricole communautaire pour acc\u00e9der plus facilement au foncier et d\u00e9velopper des activit\u00e9s fourrag\u00e8res, entre autres.<\/p>\n\n\n\n<p>\u2018\u2019Cette coop\u00e9rative va d\u00e9buter avec une phase pilote de 500 hectares, avec l\u2019ambition de passer \u00e0 2 000 hectares, et ensuite \u00e0 20 000 hectares\u2019\u2019, a-t-il fait savoir.<\/p>\n\n\n\n<p>M. Diagne proc\u00e9dait \u00e0 la signature d\u2019une convention entre l\u2019Association nationale pour l\u2019intensification de la production laiti\u00e8re au S\u00e9n\u00e9gal (ANIPL) et le minist\u00e8re de l\u2019Agriculture, de la Souverainet\u00e9 alimentaire et de l\u2019Elevage dans le cadre de la politique d\u2019acquisition d\u2019animaux \u00e0 haut potentiel laitier.<\/p>\n\n\n\n<p><sup>Mamadou Ba, le pr\u00e9sident de l\u2019ANIPL<\/sup><\/p>\n\n\n\n<p>\u2018\u2019A raison de 14 millions de francs CFA par hectare, nous budg\u00e9tisons approximativement 7 milliards de francs CFA pour faire cette phase pilote de 500 hectares&nbsp;\u00bb, a expliqu\u00e9 le ministre.<\/p>\n\n\n\n<p>Il a fait \u00e9tat de la disponibilit\u00e9 de 3000 ha dans la commune de Ngnith (Dagana) et de 28000 ha dans les Domaines communautaires agricoles (DAC).<\/p>\n\n\n\n<p>M. Diagne a relev\u00e9 que le S\u00e9n\u00e9gal importe chaque ann\u00e9e l\u2019\u00e9quivalent de 100 millions d\u2019euros de lait, ce qui tournerait annuellement entre 65 et 70 milliards de francs Cfa.<\/p>\n\n\n\n<p>Selon lui, que le pays a besoin de \u2018\u2019280 milliards de FCFA\u2019\u2019 pour assurer sa souverainet\u00e9 alimentaire en lait. Il faut \u00e9galement entre 450 et 500 hectares pour produire pendant l\u2019hivernage le tonnage n\u00e9cessaire \u00e0 la nourriture d\u2019environs 1250 bovins et 1550 bovins, a t-il indiqu\u00e9.<\/p>\n\n\n\n<p>Il a signal\u00e9 que le S\u00e9n\u00e9gal a encore besoin de 55000 vaches laiti\u00e8res pour atteindre pour atteindre ses besoins en lait.<\/p>\n\n\n\n<p>Le ministre a assur\u00e9 que les soucis financiers de l\u2019ANIPL peuvent trouver des solutions aupr\u00e8s des partenaires techniques et financiers comme la Banque mondiale, \u00e0 travers son guichet priv\u00e9 AFC, la Banque africaine de d\u00e9veloppement, \u00e0 travers des projets d\u00e9j\u00e0 approuv\u00e9s, mais aussi \u00e0 travers les cr\u00e9dits exports.<\/p>\n\n\n\n<p>Il a rappel\u00e9 que le nombre total de g\u00e9nisses \u00e0 vocation laiti\u00e8re import\u00e9es depuis le d\u00e9but de ce projet, en 2017, tourne aux environs de \u2018\u20195 746 vaches laiti\u00e8res\u2019\u2019.<\/p>\n\n\n\n<p>Le pr\u00e9sident de l\u2019ANIPL, Mamadou Ba, s\u2019est particuli\u00e8rement r\u00e9joui de la signature de la convention. Il fait savoir que sa structure s\u2019est \u2018\u2019r\u00e9solument engag\u00e9e dans une dynamique de professionnalisation avec des activit\u00e9s de renforcement des capacit\u00e9s de ses membres et de promotion des cultures fourrag\u00e8res\u2019\u2019.<\/p>\n\n\n\n<p>\u2018\u2019Il est \u00e9tabli que la p\u00e9rennit\u00e9 des acquis des op\u00e9rations d\u2019importation de g\u00e9nisses laiti\u00e8res reste conditionn\u00e9e \u00e0 une parfaite ma\u00eetrise de l\u2019alimentation fourrag\u00e8re\u2019\u2019, a signam\u00e9 M. Ba.<\/p>\n\n\n\n<p>CS\/OID\/SKS<\/p>\n","protected":false},"excerpt":{"rendered":"<p>Dakar, 25 nov (APS) \u2013 Le ministre de l\u2019Agriculture, de la Souverainet\u00e9 alimentaire et de l\u2019Elevage, Mabouba Diagne, a sugg\u00e9r\u00e9,<\/p>\n","protected":false},"author":1,"featured_media":47154,"comment_status":"open","ping_status":"open","sticky":false,"template":"","format":"standard","meta":{"footnotes":""},"categories":[3],"tags":[],"class_list":["post-47153","post","type-post","status-publish","format-standard","has-post-thumbnail","hentry","category-event-more-news"],"_links":{"self":[{"href":"https:\/\/dekkbi.com\/index.php?rest_route=\/wp\/v2\/posts\/47153","targetHints":{"allow":["GET"]}}],"collection":[{"href":"https:\/\/dekkbi.com\/index.php?rest_route=\/wp\/v2\/posts"}],"about":[{"href":"https:\/\/dekkbi.com\/index.php?rest_route=\/wp\/v2\/types\/post"}],"author":[{"embeddable":true,"href":"https:\/\/dekkbi.com\/index.php?rest_route=\/wp\/v2\/users\/1"}],"replies":[{"embeddable":true,"href":"https:\/\/dekkbi.com\/index.php?rest_route=%2Fwp%2Fv2%2Fcomments&post=47153"}],"version-history":[{"count":1,"href":"https:\/\/dekkbi.com\/index.php?rest_route=\/wp\/v2\/posts\/47153\/revisions"}],"predecessor-version":[{"id":47155,"href":"https:\/\/dekkbi.com\/index.php?rest_route=\/wp\/v2\/posts\/47153\/revisions\/47155"}],"wp:featuredmedia":[{"embeddable":true,"href":"https:\/\/dekkbi.com\/index.php?rest_route=\/wp\/v2\/media\/47154"}],"wp:attachment":[{"href":"https:\/\/dekkbi.com\/index.php?rest_route=%2Fwp%2Fv2%2Fmedia&parent=47153"}],"wp:term":[{"taxonomy":"category","embeddable":true,"href":"https:\/\/dekkbi.com\/index.php?rest_route=%2Fwp%2Fv2%2Fcategories&post=47153"},{"taxonomy":"post_tag","embeddable":true,"href":"https:\/\/dekkbi.com\/index.php?rest_route=%2Fwp%2Fv2%2Ftags&post=47153"}],"curies":[{"name":"wp","href":"https:\/\/api.w.org\/{rel}","templated":true}]}}