{"id":47114,"date":"2024-11-25T11:14:23","date_gmt":"2024-11-25T11:14:23","guid":{"rendered":"https:\/\/dekkbi.com\/?p=47114"},"modified":"2024-11-25T11:14:24","modified_gmt":"2024-11-25T11:14:24","slug":"emmanuel-macron-sera-en-visite-debut-decembre-au-senegal-ou-il-sera-recu-par-bassirou-diomaye-faye","status":"publish","type":"post","link":"https:\/\/dekkbi.com\/?p=47114","title":{"rendered":"Emmanuel Macron sera en visite d\u00e9but d\u00e9cembre au S\u00e9n\u00e9gal, o\u00f9 il sera re\u00e7u par Bassirou Diomaye Faye"},"content":{"rendered":"\n<p>Le pr\u00e9sident fran\u00e7ais Emmanuel Macron participera, le 1er d\u00e9cembre 2024, \u00e0 une c\u00e9r\u00e9monie marquant le 80\u1d49 anniversaire du massacre des tirailleurs s\u00e9n\u00e9galais. Cet \u00e9v\u00e9nement historique se tiendra \u00e0 Dakar, \u00e0 l\u2019invitation de son homologue s\u00e9n\u00e9galais, le Pr\u00e9sident Bassirou Diomaye Faye.<\/p>\n\n\n\n<p>Cette comm\u00e9moration rendra hommage aux soldats africains victimes des tragiques \u00e9v\u00e9nements du 1\u1d49\u02b3 d\u00e9cembre 1944. Ces tirailleurs, apr\u00e8s avoir combattu sous le drapeau fran\u00e7ais lors de la Seconde Guerre mondiale, furent pris pour cible \u00e0 la suite de revendications li\u00e9es \u00e0 leurs droits.<\/p>\n\n\n\n<p>L\u2019annonce de la venue du pr\u00e9sident Macron a \u00e9t\u00e9 faite par le chef d\u2019\u00c9tat s\u00e9n\u00e9galais lors d\u2019un discours prononc\u00e9 jeudi dernier, \u00e0 l\u2019occasion de la c\u00e9l\u00e9bration du 80\u1d49 anniversaire du d\u00e9barquement de Provence. Ce sera la premi\u00e8re visite officielle d\u2019Emmanuel Macron au S\u00e9n\u00e9gal depuis l\u2019\u00e9lection de Bassirou Diomaye Faye \u00e0 la pr\u00e9sidence, en avril 2024.<\/p>\n\n\n\n<p>La participation du pr\u00e9sident fran\u00e7ais \u00e0 cette comm\u00e9moration s\u2019inscrit dans un effort de reconnaissance et de m\u00e9moire, \u00e0 un moment o\u00f9 les relations franco-s\u00e9n\u00e9galaises se renforcent. Plusieurs m\u00e9dias, dont&nbsp;<em>Le Soleil Digital<\/em>, ont confirm\u00e9 cette rencontre diplomatique majeure.<\/p>\n","protected":false},"excerpt":{"rendered":"<p>Le pr\u00e9sident fran\u00e7ais Emmanuel Macron participera, le 1er d\u00e9cembre 2024, \u00e0 une c\u00e9r\u00e9monie marquant le 80\u1d49 anniversaire du massacre des<\/p>\n","protected":false},"author":1,"featured_media":47115,"comment_status":"open","ping_status":"open","sticky":false,"template":"","format":"standard","meta":{"footnotes":""},"categories":[6],"tags":[],"class_list":["post-47114","post","type-post","status-publish","format-standard","has-post-thumbnail","hentry","category-politics"],"_links":{"self":[{"href":"https:\/\/dekkbi.com\/index.php?rest_route=\/wp\/v2\/posts\/47114","targetHints":{"allow":["GET"]}}],"collection":[{"href":"https:\/\/dekkbi.com\/index.php?rest_route=\/wp\/v2\/posts"}],"about":[{"href":"https:\/\/dekkbi.com\/index.php?rest_route=\/wp\/v2\/types\/post"}],"author":[{"embeddable":true,"href":"https:\/\/dekkbi.com\/index.php?rest_route=\/wp\/v2\/users\/1"}],"replies":[{"embeddable":true,"href":"https:\/\/dekkbi.com\/index.php?rest_route=%2Fwp%2Fv2%2Fcomments&post=47114"}],"version-history":[{"count":1,"href":"https:\/\/dekkbi.com\/index.php?rest_route=\/wp\/v2\/posts\/47114\/revisions"}],"predecessor-version":[{"id":47116,"href":"https:\/\/dekkbi.com\/index.php?rest_route=\/wp\/v2\/posts\/47114\/revisions\/47116"}],"wp:featuredmedia":[{"embeddable":true,"href":"https:\/\/dekkbi.com\/index.php?rest_route=\/wp\/v2\/media\/47115"}],"wp:attachment":[{"href":"https:\/\/dekkbi.com\/index.php?rest_route=%2Fwp%2Fv2%2Fmedia&parent=47114"}],"wp:term":[{"taxonomy":"category","embeddable":true,"href":"https:\/\/dekkbi.com\/index.php?rest_route=%2Fwp%2Fv2%2Fcategories&post=47114"},{"taxonomy":"post_tag","embeddable":true,"href":"https:\/\/dekkbi.com\/index.php?rest_route=%2Fwp%2Fv2%2Ftags&post=47114"}],"curies":[{"name":"wp","href":"https:\/\/api.w.org\/{rel}","templated":true}]}}