{"id":47057,"date":"2024-11-25T09:42:30","date_gmt":"2024-11-25T09:42:30","guid":{"rendered":"https:\/\/dekkbi.com\/?p=47057"},"modified":"2024-11-25T09:42:30","modified_gmt":"2024-11-25T09:42:30","slug":"mali-niger-burkina-meme-passeport","status":"publish","type":"post","link":"https:\/\/dekkbi.com\/?p=47057","title":{"rendered":"Mali, Niger, Burkina: m\u00eame passeport ?"},"content":{"rendered":"\n<p>Les ministres charg\u00e9s de la S\u00e9curit\u00e9 du Mali, du Burkina Faso et du Niger, les trois pays de l\u2019Alliance des \u00c9tats du Sahel (AES), se sont r\u00e9unis vendredi 22 novembre \u00e0 Bamako, avec \u00ab\u00a0pour objectif de valider les sp\u00e9cifications ethniques harmonis\u00e9es des documents de voyage et d\u2019identit\u00e9 (passeport\u00a0et carte nationale d\u2019identit\u00e9) afin de favoriser la libre circulation des personnes et des biens dans une dynamique d\u2019int\u00e9gration plus pouss\u00e9e\u00a0\u00bb, selon un communiqu\u00e9 commun, publi\u00e9 \u00e9galement sur le r\u00e9seaux sociaux. Cette r\u00e9union fait suite \u00e0 une pr\u00e9c\u00e9dente rencontre entre experts qui s\u2019est tenue \u00e0 Bamako les 2 et 3 octobre.<a href=\"https:\/\/account.microsoft.com\/privacy\/ad-settings\" target=\"_blank\" rel=\"noreferrer noopener\"><\/a><\/p>\n\n\n\n<h2 class=\"wp-block-heading\">Soumis \u00e0 l\u2019approbation des chefs d\u2019\u00c9tat<\/h2>\n\n\n\n<p>\u00ab\u00a0Les ministres ont rappel\u00e9 la n\u00e9cessit\u00e9 de poser des actes concrets allant dans le sens de faciliter la libre circulation des personnes et des biens dans l\u2019espace AES\u00a0\u00bb, dit le communiqu\u00e9, sign\u00e9 par les ministres de la S\u00e9curit\u00e9 Mahamadou Sana (Burkina), Daoud Aly Mohammedine (Mali) et Mohamed Toumba (Niger), qui ajoute que les documents de voyage et d\u2019identit\u00e9 \u00ab\u00a0harmonis\u00e9s seront soumis aux chefs d\u2019\u00c9tat\u00a0\u00bb, Ibrahim Traor\u00e9, Assimi Go\u00efta et Abdourahmane Tiani, pour leur approbation.<\/p>\n\n\n\n<p>Les trois \u00c9tats ont par ailleurs sign\u00e9, jeudi 21 novembre \u00e0 Niamey, un protocole d\u2019accord sur la fin des frais d\u2019itin\u00e9rance des communications t\u00e9l\u00e9phoniques, appel\u00e9s \u00ab\u00a0roaming\u00a0\u00bb. Cet accord l\u00e8ve ces frais entre leurs op\u00e9rateurs de t\u00e9l\u00e9phonie mobile. La \u00ab\u00a0conf\u00e9d\u00e9ration\u00a0\u00bb de l\u2019AES compte environ 72 millions d\u2019habitants.<\/p>\n\n\n\n<p>Dans le m\u00eame temps, les militaires au pouvoir ont choisi de\u00a0tourner le dos \u00e0 la Communaut\u00e9 \u00e9conomique des \u00c9tats d\u2019Afrique de l\u2019Ouest (Cedeao), une organisation qu\u2019ils jugent instrumentalis\u00e9e par la France \u2013 ex-puissance coloniale avec laquelle ils ont multipli\u00e9 les actes de rupture \u2013, se sont\u00a0rapproch\u00e9s de Moscou\u00a0et \u00e9loign\u00e9s de plusieurs de leurs voisins, dont la C\u00f4te d\u2019Ivoire et le B\u00e9nin, qu\u2019ils accusent de chercher \u00e0 les d\u00e9stabiliser.<\/p>\n\n\n\n<p><strong>(avec AFP)<\/strong><\/p>\n\n\n\n<p><\/p>\n","protected":false},"excerpt":{"rendered":"<p>Les ministres charg\u00e9s de la S\u00e9curit\u00e9 du Mali, du Burkina Faso et du Niger, les trois pays de l\u2019Alliance des<\/p>\n","protected":false},"author":1,"featured_media":47058,"comment_status":"open","ping_status":"open","sticky":false,"template":"","format":"standard","meta":{"footnotes":""},"categories":[51],"tags":[],"class_list":["post-47057","post","type-post","status-publish","format-standard","has-post-thumbnail","hentry","category-general"],"_links":{"self":[{"href":"https:\/\/dekkbi.com\/index.php?rest_route=\/wp\/v2\/posts\/47057","targetHints":{"allow":["GET"]}}],"collection":[{"href":"https:\/\/dekkbi.com\/index.php?rest_route=\/wp\/v2\/posts"}],"about":[{"href":"https:\/\/dekkbi.com\/index.php?rest_route=\/wp\/v2\/types\/post"}],"author":[{"embeddable":true,"href":"https:\/\/dekkbi.com\/index.php?rest_route=\/wp\/v2\/users\/1"}],"replies":[{"embeddable":true,"href":"https:\/\/dekkbi.com\/index.php?rest_route=%2Fwp%2Fv2%2Fcomments&post=47057"}],"version-history":[{"count":1,"href":"https:\/\/dekkbi.com\/index.php?rest_route=\/wp\/v2\/posts\/47057\/revisions"}],"predecessor-version":[{"id":47059,"href":"https:\/\/dekkbi.com\/index.php?rest_route=\/wp\/v2\/posts\/47057\/revisions\/47059"}],"wp:featuredmedia":[{"embeddable":true,"href":"https:\/\/dekkbi.com\/index.php?rest_route=\/wp\/v2\/media\/47058"}],"wp:attachment":[{"href":"https:\/\/dekkbi.com\/index.php?rest_route=%2Fwp%2Fv2%2Fmedia&parent=47057"}],"wp:term":[{"taxonomy":"category","embeddable":true,"href":"https:\/\/dekkbi.com\/index.php?rest_route=%2Fwp%2Fv2%2Fcategories&post=47057"},{"taxonomy":"post_tag","embeddable":true,"href":"https:\/\/dekkbi.com\/index.php?rest_route=%2Fwp%2Fv2%2Ftags&post=47057"}],"curies":[{"name":"wp","href":"https:\/\/api.w.org\/{rel}","templated":true}]}}