{"id":47047,"date":"2024-11-25T09:32:13","date_gmt":"2024-11-25T09:32:13","guid":{"rendered":"https:\/\/dekkbi.com\/?p=47047"},"modified":"2024-11-25T11:06:26","modified_gmt":"2024-11-25T11:06:26","slug":"serie-dinterpellations-bougane-repart-a-lattaque-contre-sonko","status":"publish","type":"post","link":"https:\/\/dekkbi.com\/?p=47047","title":{"rendered":"S\u00e9rie d\u2019interpellations : Bougane repart \u00e0 l\u2019attaque contre Sonko"},"content":{"rendered":"\n<p>S\u00e9rie d\u2019interpellations : Bougane repart \u00e0 l\u2019attaque contre Sonko Bougane Gueye Dany, qui avait f\u00e9licit\u00e9 Ousmane Sonko et Pastef le jour du scrutin, s\u2019\u00e9tait emmur\u00e9 dans un mutisme. Plus maintenant, puisque la s\u00e9rie d\u2019arrestations vient de le tirer de sa courte retraite. Ci-dessous sa tribune.<\/p>\n\n\n\n<p>\u00ab\u00a0La rupture d\u2019\u00e9galit\u00e9 et l\u2019action publique s\u00e9lective en r\u00e9ponse aux commandes publiquement assum\u00e9es par le Premier \u00a0Ministre dont la liste d\u2019intentions de poursuites judiciaires est d\u00e9j\u00e0 pr\u00e9\u00e9tablie, prennent forme depuis l\u2019arrestation de 80 membres de l\u2019\u00e9quipe de campagne de Samm sa Kaddu durant la campagne \u00e9lectorale.<br><br>Cette s\u00e9rie d\u2019interpellations comme la garde \u00e0 vue de Moustapha Diakhate, ancien parlementaire, \u00a0et du journaliste Adama Gaye, participent \u00e0 cet \u00e9lan vindicatif de Ousmane Sonko r\u00e9el ma\u00eetre des poursuites.\u00a0<\/p>\n\n\n\n<p>\u00c0 l\u2019instar des multiples appr\u00e9ciations des d\u00e9rives du PM, \u00a0les failles dans sa gouvernance financi\u00e8re et son administration domestiqu\u00e9e par Pastef, Moustapha Diakhat\u00e9 n\u2019a fait que dire librement son opinion, dans le respect strict de sa libert\u00e9 d\u2019expression. Depuis quand donner son avis est il devenu un d\u00e9lit au S\u00e9n\u00e9gal ? \u00a0<br><br>Que dire de Adama Gaye qui n\u2019a pas dit plus que d\u2019autres journaux de la place dont certains d\u00e9fendent le pouvoir?\u00a0 Pourquoi devrait on arr\u00eater Adama Gaye et laisser en libert\u00e9 ces troubadours chroniqueurs et presse chaotique du \u00abProjet \u00bb?\u00a0 L\u2019Etat de droit est en agonie au S\u00e9n\u00e9gal devenu le pays de la justice s\u00e9lective.<br><br>Leur arrestation traduit une volont\u00e9 des tenants du pouvoir d\u2019\u00e9touffer les libert\u00e9s individuelles.\u00a0<br>J\u2019appelle l\u2019opposition, la soci\u00e9t\u00e9 civile et tous les segments de la soci\u00e9t\u00e9 s\u00e9n\u00e9galaise \u00e0 se dresser, par tous les moyens constitutionnels, devant la tentative d\u2019accaparement de l\u2019appareil judiciaire par un seul homme \u00a0ainsi que la \u00a0tyrannie de la majorit\u00e9 qui se profile \u00e0 l\u2019horizon.<br><br>J\u2019invite l\u2019ONU, les ONG internationales, les partenaires strat\u00e9giques \u00e0 placer la situation des droits de l\u2019homme au S\u00e9n\u00e9gal sous surveillance et en tirer toutes les cons\u00e9quences de droit.\u00a0<br>Ne faudrait il pas mettre un terme \u00e0 ce cycle d\u2019impunit\u00e9 inaugur\u00e9 par cette loi d\u2019amnistie des crimes atroces (de 2021 \u00e0 2024) aux allures de crime contre l\u2019humanit\u00e9, de violation du droit des victimes \u00e0 la v\u00e9rit\u00e9, \u00e0 la justice et \u00e0 la r\u00e9paration?<br><br>Lib\u00e9rer Moustapha Diakhat\u00e9! Lib\u00e9rer Adama Gaye!\u00a0\u00bb<\/p>\n","protected":false},"excerpt":{"rendered":"<p>S\u00e9rie d\u2019interpellations : Bougane repart \u00e0 l\u2019attaque contre Sonko Bougane Gueye Dany, qui avait f\u00e9licit\u00e9 Ousmane Sonko et Pastef le<\/p>\n","protected":false},"author":1,"featured_media":4626,"comment_status":"open","ping_status":"open","sticky":false,"template":"","format":"standard","meta":{"footnotes":""},"categories":[6],"tags":[],"class_list":["post-47047","post","type-post","status-publish","format-standard","has-post-thumbnail","hentry","category-politics"],"_links":{"self":[{"href":"https:\/\/dekkbi.com\/index.php?rest_route=\/wp\/v2\/posts\/47047","targetHints":{"allow":["GET"]}}],"collection":[{"href":"https:\/\/dekkbi.com\/index.php?rest_route=\/wp\/v2\/posts"}],"about":[{"href":"https:\/\/dekkbi.com\/index.php?rest_route=\/wp\/v2\/types\/post"}],"author":[{"embeddable":true,"href":"https:\/\/dekkbi.com\/index.php?rest_route=\/wp\/v2\/users\/1"}],"replies":[{"embeddable":true,"href":"https:\/\/dekkbi.com\/index.php?rest_route=%2Fwp%2Fv2%2Fcomments&post=47047"}],"version-history":[{"count":1,"href":"https:\/\/dekkbi.com\/index.php?rest_route=\/wp\/v2\/posts\/47047\/revisions"}],"predecessor-version":[{"id":47048,"href":"https:\/\/dekkbi.com\/index.php?rest_route=\/wp\/v2\/posts\/47047\/revisions\/47048"}],"wp:featuredmedia":[{"embeddable":true,"href":"https:\/\/dekkbi.com\/index.php?rest_route=\/wp\/v2\/media\/4626"}],"wp:attachment":[{"href":"https:\/\/dekkbi.com\/index.php?rest_route=%2Fwp%2Fv2%2Fmedia&parent=47047"}],"wp:term":[{"taxonomy":"category","embeddable":true,"href":"https:\/\/dekkbi.com\/index.php?rest_route=%2Fwp%2Fv2%2Fcategories&post=47047"},{"taxonomy":"post_tag","embeddable":true,"href":"https:\/\/dekkbi.com\/index.php?rest_route=%2Fwp%2Fv2%2Ftags&post=47047"}],"curies":[{"name":"wp","href":"https:\/\/api.w.org\/{rel}","templated":true}]}}