{"id":46995,"date":"2024-11-22T10:55:23","date_gmt":"2024-11-22T10:55:23","guid":{"rendered":"https:\/\/dekkbi.com\/?p=46995"},"modified":"2024-11-22T11:06:09","modified_gmt":"2024-11-22T11:06:09","slug":"le-dementi-du-cdeps-sur-le-degel-entre-letat-et-les-medias-la-presse-toujours-sous-asphyxie-fiscale-et-economique","status":"publish","type":"post","link":"https:\/\/dekkbi.com\/?p=46995","title":{"rendered":"Le d\u00e9menti du CDEPS. sur le d\u00e9gel entre l\u2019\u00e9tat et les m\u00e9dias"},"content":{"rendered":"\n<h3 class=\"wp-block-heading\"><br>Beaucoup de fausses informations circulent sur le \u00abd\u00e9gel\u00bb entre la presse et le nouveau r\u00e9gime issu de la 3\u00e8me alternance politique au S\u00e9n\u00e9gal. Aujourd\u2019hui, jeudi 21 novembre 2024, la presse s\u00e9n\u00e9galaise a vu au contraire sa situation empirer, particuli\u00e8rement pendant tous les huit mois du magist\u00e8re du Pr\u00e9sident Bassirou Diomaye Diakhar Faye.<\/h3>\n\n\n\n<p>D\u2019o\u00f9 vient donc cette fallacieuse information de \u00abbouff\u00e9e d\u2019oxyg\u00e8ne\u00bb pour la presse ou de \u00abd\u00e9gel\u00bb entre les m\u00e9dias et le nouveau r\u00e9gime ?<\/p>\n\n\n\n<p>Dans une note d\u2019information \u00e0 usage interne, j\u2019ai rendu compte aux entreprises de presse de ma conversation t\u00e9l\u00e9phonique du mercredi avec le Directeur g\u00e9n\u00e9ral des Imp\u00f4ts et Domaines (DGID). M. Abdoulaye Diagne m\u2019a inform\u00e9 qu\u2019il avait donn\u00e9 instructions \u00e0 ses services de \u00abd\u00e9bloquer\u00bb les comptes bancaires des entreprises de presse. J\u2019ai alors demand\u00e9 aux entreprises de presse de se rapprocher de leur centre fiscal pour demander une \u00abmainlev\u00e9e\u00bb, base l\u00e9gale pour les banques pour d\u00e9bloquer leurs comptes bancaires. Toutes les entreprises de presse n\u2019ont pas encore obtenu ce document \u00abmiracle\u00bb. Par cons\u00e9quent, il serait faux de parler d\u2019un quelconque \u00abd\u00e9gel\u00bb ou \u00abbouff\u00e9e d\u2019oxyg\u00e8ne\u00bb.<\/p>\n\n\n\n<p>\u00c0 ce jour, la crise profonde, que les entreprises de presse traversent depuis les 8 mois du magist\u00e8re de Son Excellence Bassirou Diomaye Diakhar Faye, comporte deux volets :<br>&#8211; Fiscal (1. Non-reconnaissance de l\u2019effacement fiscal en compensation de l\u2019absence totale d\u2019accompagnement durant le Covid-19. 2. Refus de moratoires sur la dette fiscale. 3. Poursuites des imp\u00f4ts et proc\u00e9dures de saisie des \u00e9quipements et des mobiliers avec blocage des comptes bancaires) ;<\/p>\n\n\n\n<p>&#8211; \u00c9conomique (1. Non-paiement des cr\u00e9ances dues par l\u2019\u00c9tat et ses d\u00e9membrements aux entreprises de presse. 2. R\u00e9siliation unilat\u00e9rale par l\u2019\u00c9tat et ses d\u00e9membrements des contrats publicitaires avec les entreprises de presse priv\u00e9e. 3. Blocage de l\u2019aide \u00e0 la presse au titre de l\u2019ann\u00e9e 2024).<\/p>\n\n\n\n<p>Cette crise \u00e9conomique et financi\u00e8re a engendr\u00e9 un drame social pour les travailleurs des m\u00e9dias avec, comme corollaires, des licenciements, du ch\u00f4mage technique, des arri\u00e9r\u00e9s de salaire, des retards des cotisations sociales et l\u2019interruption de la couverture maladie. Cette pr\u00e9carit\u00e9 extr\u00eame fait de la presse s\u00e9n\u00e9galaise un secteur sinistr\u00e9 avec des entreprises en situation de quasi-faillite, un danger pour la d\u00e9mocratie.<\/p>\n\n\n\n<p>Dans ce contexte, la presse s\u00e9n\u00e9galaise, d\u00e9j\u00e0 magnifi\u00e9e pour son r\u00f4le dans les trois alternances politiques au S\u00e9n\u00e9gal, a malgr\u00e9 tout continu\u00e9 \u00e0 assurer sa mission de service public avec une couverture exemplaire des \u00e9lections l\u00e9gislatives anticip\u00e9es. Au soir du 17 novembre 2024, la presse a relay\u00e9 les r\u00e9sultats du scrutin, ce qui a permis notamment d\u2019annihiler tout trouble post-\u00e9lectoral. Encore une fois, au service de la d\u00e9mocratie.<\/p>\n\n\n\n<p>C\u2019est cette mission de service public que la presse veut continuer de jouer dans le cadre d\u2019un \u00c9tat de droit. \u00c0 ce titre, la presse s\u00e9n\u00e9galaise reste en attente de la mat\u00e9rialisation de l\u2019appel, le 14 ao\u00fbt 2024, au \u00abdialogue r\u00e9nov\u00e9\u00bb du pr\u00e9sident de la R\u00e9publique.<\/p>\n\n\n\n<p>Mamadou Ibra Kane, pr\u00e9sident du CDEPS.<\/p>\n","protected":false},"excerpt":{"rendered":"<p>Beaucoup de fausses informations circulent sur le \u00abd\u00e9gel\u00bb entre la presse et le nouveau r\u00e9gime issu de la 3\u00e8me alternance<\/p>\n","protected":false},"author":1,"featured_media":46996,"comment_status":"open","ping_status":"open","sticky":false,"template":"","format":"standard","meta":{"footnotes":""},"categories":[21],"tags":[],"class_list":["post-46995","post","type-post","status-publish","format-standard","has-post-thumbnail","hentry","category-societe"],"_links":{"self":[{"href":"https:\/\/dekkbi.com\/index.php?rest_route=\/wp\/v2\/posts\/46995","targetHints":{"allow":["GET"]}}],"collection":[{"href":"https:\/\/dekkbi.com\/index.php?rest_route=\/wp\/v2\/posts"}],"about":[{"href":"https:\/\/dekkbi.com\/index.php?rest_route=\/wp\/v2\/types\/post"}],"author":[{"embeddable":true,"href":"https:\/\/dekkbi.com\/index.php?rest_route=\/wp\/v2\/users\/1"}],"replies":[{"embeddable":true,"href":"https:\/\/dekkbi.com\/index.php?rest_route=%2Fwp%2Fv2%2Fcomments&post=46995"}],"version-history":[{"count":2,"href":"https:\/\/dekkbi.com\/index.php?rest_route=\/wp\/v2\/posts\/46995\/revisions"}],"predecessor-version":[{"id":47008,"href":"https:\/\/dekkbi.com\/index.php?rest_route=\/wp\/v2\/posts\/46995\/revisions\/47008"}],"wp:featuredmedia":[{"embeddable":true,"href":"https:\/\/dekkbi.com\/index.php?rest_route=\/wp\/v2\/media\/46996"}],"wp:attachment":[{"href":"https:\/\/dekkbi.com\/index.php?rest_route=%2Fwp%2Fv2%2Fmedia&parent=46995"}],"wp:term":[{"taxonomy":"category","embeddable":true,"href":"https:\/\/dekkbi.com\/index.php?rest_route=%2Fwp%2Fv2%2Fcategories&post=46995"},{"taxonomy":"post_tag","embeddable":true,"href":"https:\/\/dekkbi.com\/index.php?rest_route=%2Fwp%2Fv2%2Ftags&post=46995"}],"curies":[{"name":"wp","href":"https:\/\/api.w.org\/{rel}","templated":true}]}}