{"id":4698,"date":"2022-12-12T12:33:48","date_gmt":"2022-12-12T12:33:48","guid":{"rendered":"https:\/\/dekkbi.com\/?p=4698"},"modified":"2022-12-12T12:33:49","modified_gmt":"2022-12-12T12:33:49","slug":"gendarmerie-nationale-1-135-gendarmes-integrent-la-marechaussee","status":"publish","type":"post","link":"https:\/\/dekkbi.com\/?p=4698","title":{"rendered":"Gendarmerie nationale: 1 135 gendarmes int\u00e8grent la Mar\u00e9chauss\u00e9e"},"content":{"rendered":"\n<p>Le ministre des Forces arm\u00e9es a pr\u00e9sid\u00e9, hier, la c\u00e9r\u00e9monie de sortie de la 13e promotion des \u00e9l\u00e8ves-grad\u00e9s et de la 53e promotion des \u00e9l\u00e8ves-gendarmes de la caserne G\u00e9n\u00e9ral Waly Faye, abritant la prestigieuse \u00e9cole des sous-officiers de la gendarmerie nationale (ESOGN), de Fatick.<\/p>\n\n\n\n<p>Selon Sidiki Kaba, c\u2019est aussi rassurant pour la nation, \u00e0 ses yeux, de compter, depuis hier, 989 \u00e9l\u00e8ves-gendarmes et 146 \u00e9l\u00e8ves-grad\u00e9s, tr\u00e8s motiv\u00e9s, physiquement et moralement aptes \u00e0 \u00e9voluer dans un environnement de paix ou de crise, rassembl\u00e9s dans ce magnifique carr\u00e9 d\u2019armes et sur le point de s\u2019engager pour la d\u00e9fense et la protection des valeurs qui constituent le ciment de sa coh\u00e9sion.<\/p>\n\n\n\n<p>\u2018\u2019<em>La vision prospective du pr\u00e9sident de la R\u00e9publique, passe par la r\u00e9organisation et la refondation de notre instrument de d\u00e9fense. Ceci se traduit par la mont\u00e9e en puissance des effectifs, la cr\u00e9ation de nouvelles composantes et l\u2019acquisition de moyens logistiques permettant \u00e0 notre pays, de disposer des forces tr\u00e8s professionnelles, capables de s\u2019adapter \u00e0 la fluctuation de la menace s\u00e9curitaire<\/em>\u2019\u2019, a-t-il d\u00e9clar\u00e9 repris par \u00ab\u00a0Enqu\u00eate\u00a0\u00bb.<\/p>\n","protected":false},"excerpt":{"rendered":"<p>Le ministre des Forces arm\u00e9es a pr\u00e9sid\u00e9, hier, la c\u00e9r\u00e9monie de sortie de la 13e promotion des \u00e9l\u00e8ves-grad\u00e9s et de<\/p>\n","protected":false},"author":1,"featured_media":4699,"comment_status":"open","ping_status":"open","sticky":false,"template":"","format":"standard","meta":{"footnotes":""},"categories":[21],"tags":[],"class_list":["post-4698","post","type-post","status-publish","format-standard","has-post-thumbnail","hentry","category-societe"],"_links":{"self":[{"href":"https:\/\/dekkbi.com\/index.php?rest_route=\/wp\/v2\/posts\/4698","targetHints":{"allow":["GET"]}}],"collection":[{"href":"https:\/\/dekkbi.com\/index.php?rest_route=\/wp\/v2\/posts"}],"about":[{"href":"https:\/\/dekkbi.com\/index.php?rest_route=\/wp\/v2\/types\/post"}],"author":[{"embeddable":true,"href":"https:\/\/dekkbi.com\/index.php?rest_route=\/wp\/v2\/users\/1"}],"replies":[{"embeddable":true,"href":"https:\/\/dekkbi.com\/index.php?rest_route=%2Fwp%2Fv2%2Fcomments&post=4698"}],"version-history":[{"count":1,"href":"https:\/\/dekkbi.com\/index.php?rest_route=\/wp\/v2\/posts\/4698\/revisions"}],"predecessor-version":[{"id":4700,"href":"https:\/\/dekkbi.com\/index.php?rest_route=\/wp\/v2\/posts\/4698\/revisions\/4700"}],"wp:featuredmedia":[{"embeddable":true,"href":"https:\/\/dekkbi.com\/index.php?rest_route=\/wp\/v2\/media\/4699"}],"wp:attachment":[{"href":"https:\/\/dekkbi.com\/index.php?rest_route=%2Fwp%2Fv2%2Fmedia&parent=4698"}],"wp:term":[{"taxonomy":"category","embeddable":true,"href":"https:\/\/dekkbi.com\/index.php?rest_route=%2Fwp%2Fv2%2Fcategories&post=4698"},{"taxonomy":"post_tag","embeddable":true,"href":"https:\/\/dekkbi.com\/index.php?rest_route=%2Fwp%2Fv2%2Ftags&post=4698"}],"curies":[{"name":"wp","href":"https:\/\/api.w.org\/{rel}","templated":true}]}}