{"id":46979,"date":"2024-11-22T10:22:35","date_gmt":"2024-11-22T10:22:35","guid":{"rendered":"https:\/\/dekkbi.com\/?p=46979"},"modified":"2024-11-22T10:22:36","modified_gmt":"2024-11-22T10:22:36","slug":"des-echanges-entre-abdourahmane-sarr-et-lamericaine-kyeh-kim-a-dakar-sur-les-futures-infrastructures-de-leconomie-bleue","status":"publish","type":"post","link":"https:\/\/dekkbi.com\/?p=46979","title":{"rendered":"Des \u00e9changes entre Abdourahmane Sarr et l\u2019Am\u00e9ricaine Kyeh Kim, \u00e0 Dakar, sur les futures infrastructures de l\u2019\u00e9conomie bleue"},"content":{"rendered":"\n<p>Dakar, 21 nov (APS) \u2013 Le ministre s\u00e9n\u00e9galais de l\u2019\u00c9conomie, du Plan et de la Coop\u00e9ration, Abdourahmane Sarr, et la vice-pr\u00e9sidente charg\u00e9e de l\u2019Afrique au Millenium Challenge Corporation (MCC) des \u00c9tats-Unis d\u2019Am\u00e9rique, Kyeh Kim, se sont entretenus, jeudi, \u00e0 Dakar, du programme r\u00e9gional de construction d\u2019infrastructures d\u2019\u00e9conomie bleue \u00e0 mettre en \u0153uvre au S\u00e9n\u00e9gal.<\/p>\n\n\n\n<p>\u2018\u2019J\u2019ai rencontr\u00e9 [\u2026] le ministre de l\u2019\u00c9conomie pour discuter de notre partenariat en vue du d\u00e9veloppement d\u2019un nouveau compact (programme) r\u00e9gional, qui va am\u00e9liorer les conditions de vie du peuple s\u00e9n\u00e9galais et des populations de la r\u00e9gion Afrique de l\u2019Ouest\u2019\u2019, a dit Mme Kim.<\/p>\n\n\n\n<p>Elle intervenait \u00e0 une conf\u00e9rence de presse donn\u00e9e conjointement avec Abdourahmane Sarr.<\/p>\n\n\n\n<p>\u2018\u2019Ce compact est ax\u00e9 sur l\u2019\u00e9conomie bleue\u2019\u2019, a affirm\u00e9 Mme Kim, expliquant qu\u2019il s\u2019agit du \u2018\u2019d\u00e9veloppement durable des ressources marines, c\u00f4ti\u00e8res et d\u2019eau douce du S\u00e9n\u00e9gal, pour la cr\u00e9ation d\u2019emplois et la croissance \u00e9conomique\u2019\u2019.<\/p>\n\n\n\n<p>Le nouveau programme de construction d\u2019infrastructures dans le domaine de l\u2019\u00e9conomie bleue est le troisi\u00e8me dont b\u00e9n\u00e9ficie le S\u00e9n\u00e9gal, les pr\u00e9c\u00e9dents ayant \u00e9t\u00e9 consacr\u00e9s \u00e0 la construction d\u2019infrastructures routi\u00e8res et \u00e0 l\u2019\u00e9nergie, avec d\u2019importants financements octroy\u00e9s par le MCC, entre 2009 et maintenant.<\/p>\n\n\n\n<p>Le nouveau programme a une \u2018\u2019vocation r\u00e9gionale\u2019\u2019, a pr\u00e9cis\u00e9 Abdourahmane Sarr, ajoutant que le S\u00e9n\u00e9gal, choisi par le conseil d\u2019administration du Millenium Challenge Corporation, \u00e9tait en comp\u00e9tition avec plusieurs pays, dont la C\u00f4te d\u2019Ivoire, la Gambie, le Mozambique et la Sierra Leone.<\/p>\n\n\n\n<p>\u2018\u2019Notre pays a \u00e9t\u00e9 choisi \u00e0 l\u2019issue d\u2019un processus de s\u00e9lection tr\u00e8s rigoureux\u2019\u2019, a dit le ministre de l\u2019\u00c9conomie, du Plan et de la Coop\u00e9ration.<\/p>\n\n\n\n<p>La \u2018\u2019gouvernance juste et d\u00e9mocratique\u2019\u2019, l\u2019investissement dans les ressources humaines et la libert\u00e9 \u00e9conomique font partie des crit\u00e8res de s\u00e9lection, selon lui.<\/p>\n\n\n\n<p>\u2018\u2019Ce troisi\u00e8me compact ex\u00e9cut\u00e9 \u00e0 un niveau r\u00e9gional (des pays voisins du S\u00e9n\u00e9gal b\u00e9n\u00e9ficieront des futures infrastructures) porte sur l\u2019\u00e9conomie bleue. Il est en cours de formulation depuis le 23 janvier 2024\u2019\u2019, a expliqu\u00e9 Abdourahmane Sarr, assurant que \u2018\u2019son entr\u00e9e en vigueur [est pr\u00e9vu] dans un futur proche\u2019\u2019.<\/p>\n\n\n\n<p>Le programme de construction d\u2019infrastructures d\u00e9di\u00e9es \u00e0 l\u2019\u00e9conomie bleue \u2018\u2019vient bien \u00e0 son heure, car il va co\u00efncider avec l\u2019entr\u00e9e en vigueur du nouveau r\u00e9f\u00e9rentiel des politiques publiques du S\u00e9n\u00e9gal rendu public par le [\u2026] gouvernement il y a quelques semaines\u2019\u2019, a-t-il soulign\u00e9 en faisant allusion au programme de d\u00e9veloppement \u2018\u2019S\u00e9n\u00e9gal 2050\u2019\u2019.<\/p>\n\n\n\n<p>\u2018\u2019Ce nouveau compact ax\u00e9 sur l\u2019\u00e9conomie bleue permettra de promouvoir un ensemble d\u2019activit\u00e9s \u00e9conomiques li\u00e9es aux \u00e9cosyst\u00e8mes marins, c\u00f4tiers et fluvio-lacustres visant \u00e0 am\u00e9liorer les conditions de vie des populations, par une croissance \u00e9conomique durable et inclusive, qui pr\u00e9serve la biodiversit\u00e9, conform\u00e9ment \u00e0 la d\u00e9finition consensuelle donn\u00e9e \u00e0 l\u2019\u00e9conomie bleue\u2019\u2019, a expliqu\u00e9 M. Sarr.<\/p>\n\n\n\n<p>ESF\/BK<\/p>\n","protected":false},"excerpt":{"rendered":"<p>Dakar, 21 nov (APS) \u2013 Le ministre s\u00e9n\u00e9galais de l\u2019\u00c9conomie, du Plan et de la Coop\u00e9ration, Abdourahmane Sarr, et la<\/p>\n","protected":false},"author":1,"featured_media":46980,"comment_status":"open","ping_status":"open","sticky":false,"template":"","format":"standard","meta":{"footnotes":""},"categories":[3],"tags":[],"class_list":["post-46979","post","type-post","status-publish","format-standard","has-post-thumbnail","hentry","category-event-more-news"],"_links":{"self":[{"href":"https:\/\/dekkbi.com\/index.php?rest_route=\/wp\/v2\/posts\/46979","targetHints":{"allow":["GET"]}}],"collection":[{"href":"https:\/\/dekkbi.com\/index.php?rest_route=\/wp\/v2\/posts"}],"about":[{"href":"https:\/\/dekkbi.com\/index.php?rest_route=\/wp\/v2\/types\/post"}],"author":[{"embeddable":true,"href":"https:\/\/dekkbi.com\/index.php?rest_route=\/wp\/v2\/users\/1"}],"replies":[{"embeddable":true,"href":"https:\/\/dekkbi.com\/index.php?rest_route=%2Fwp%2Fv2%2Fcomments&post=46979"}],"version-history":[{"count":1,"href":"https:\/\/dekkbi.com\/index.php?rest_route=\/wp\/v2\/posts\/46979\/revisions"}],"predecessor-version":[{"id":46981,"href":"https:\/\/dekkbi.com\/index.php?rest_route=\/wp\/v2\/posts\/46979\/revisions\/46981"}],"wp:featuredmedia":[{"embeddable":true,"href":"https:\/\/dekkbi.com\/index.php?rest_route=\/wp\/v2\/media\/46980"}],"wp:attachment":[{"href":"https:\/\/dekkbi.com\/index.php?rest_route=%2Fwp%2Fv2%2Fmedia&parent=46979"}],"wp:term":[{"taxonomy":"category","embeddable":true,"href":"https:\/\/dekkbi.com\/index.php?rest_route=%2Fwp%2Fv2%2Fcategories&post=46979"},{"taxonomy":"post_tag","embeddable":true,"href":"https:\/\/dekkbi.com\/index.php?rest_route=%2Fwp%2Fv2%2Ftags&post=46979"}],"curies":[{"name":"wp","href":"https:\/\/api.w.org\/{rel}","templated":true}]}}