{"id":46939,"date":"2024-11-21T12:08:05","date_gmt":"2024-11-21T12:08:05","guid":{"rendered":"https:\/\/dekkbi.com\/?p=46939"},"modified":"2024-11-21T12:08:05","modified_gmt":"2024-11-21T12:08:05","slug":"il-y-a-80-ans-la-decouverte-du-struthof-seul-camp-nazi-en-france","status":"publish","type":"post","link":"https:\/\/dekkbi.com\/?p=46939","title":{"rendered":"Il y a 80 ans, la d\u00e9couverte du Struthof, seul camp nazi en France"},"content":{"rendered":"\n<p><strong>Par Pauline FROISSART \u00a9 2024 AFP  <\/strong>&#8211; \u00a0\u00bb Vous \u00eates entr\u00e9s ici par la grande porte et vous ressortirez par la chemin\u00e9e\u00a0\u00bb: dans l&rsquo;ancien camp de concentration nazi de Natzweiler &#8211; Struthof, en Alsace, des dizaines de milliers de d\u00e9port\u00e9s ont connu l&rsquo;horreur.<\/p>\n\n\n\n<p>A l&rsquo;occasion des 80 ans de la Lib\u00e9ration de Strasbourg, Emmanuel Macron se recueillera samedi dans le village de Natzwiller (prononc\u00e9 \u00e0 l&rsquo;\u00e9poque Natzweiler par les Allemands), dans le Bas-Rhin. C&rsquo;est l\u00e0, \u00e0 800 m\u00e8tres d&rsquo;altitude sur les contreforts vosgiens, que se trouve le seul camp de concentration nazi \u00e9rig\u00e9 sur le territoire fran\u00e7ais, en Alsace alors annex\u00e9e de fait par l&rsquo;Allemagne.<\/p>\n\n\n\n<p>Ouvert en mai 1941, le camp a d&rsquo;abord re\u00e7u des d\u00e9tenus affect\u00e9s \u00e0 l&rsquo;exploitation d&rsquo;un filon de granit rose, puis au d\u00e9montage de moteurs d&rsquo;avion.<\/p>\n\n\n\n<p>A partir de 1943 y sont envoy\u00e9s les d\u00e9tenus dits \u00ab\u00a0Nacht und Nebel\u00a0\u00bb (Nuit et brouillard) d&rsquo;Europe de l&rsquo;ouest: des opposants politiques que les nazis veulent faire dispara\u00eetre sans laisser de traces.<\/p>\n\n\n\n<p>Parmi eux, Henri Mosson, 100 ans, un des derniers d\u00e9port\u00e9s fran\u00e7ais encore vivants.<\/p>\n\n\n\n<p>R\u00e9sistant, il est condamn\u00e9 \u00e0 mort le 29 juin 1943 puis emprisonn\u00e9 \u00e0 Dijon.<\/p>\n\n\n\n<figure class=\"wp-block-image\"><img decoding=\"async\" src=\"https:\/\/information.tv5monde.com\/sites\/tv5-info\/files\/styles\/entete\/public\/2024-11\/field_media_image-2880512-ed959c5c736cfc2abac6d695b9f5e2a94e4226ff.jpg?itok=CjaBsCRb\" alt=\"Henri Mosson pose chez lui \u00e0 Dijon, le 28 octobre 2024\" title=\"Henri Mosson pose chez lui \u00e0 Dijon, le 28 octobre 2024\"\/><\/figure>\n\n\n\n<p>Henri Mosson pose chez lui \u00e0 Dijon, le 28 octobre 2024<\/p>\n\n\n\n<p>AFP  &#8211; ARNAUD FINISTRE<\/p>\n\n\n\n<p>Le 26 novembre 1943, il arrive \u00e0 la gare de Rothau, pr\u00e8s du camp. Les d\u00e9tenus sont embarqu\u00e9s dans des camions ou des voitures \u00ab\u00a0\u00e0 coups de crosse et de morsures de chien\u00a0\u00bb.<\/p>\n\n\n\n<p>\u00ab\u00a0Il n&rsquo;y avait pas assez de place, alors certains devaient faire les 8 kilom\u00e8tres restants \u00e0 pied. Un est mort.\u00a0\u00bb<\/p>\n\n\n\n<p>A l&rsquo;arriv\u00e9e au camp, le commandant leur lance: \u00ab\u00a0Vous \u00eates entr\u00e9s par la grande porte. Vous ressortirez d&rsquo;ici par la chemin\u00e9e\u00a0\u00bb.<\/p>\n\n\n\n<h2 class=\"wp-block-heading\">50.000 d\u00e9tenus<\/h2>\n\n\n\n<figure class=\"wp-block-image\"><img decoding=\"async\" src=\"https:\/\/information.tv5monde.com\/sites\/tv5-info\/files\/styles\/entete\/public\/2024-11\/field_media_image-2880513-e21e8859db1536b17094f6f22b2affb530239d71.jpg?itok=Pug_T9be\" alt=\"Des visiteurs passent pr\u00e8s du four cr\u00e9matoire de l'ancien camp de concentration Natzweiler aussi appel\u00e9 Struthof, \u00e0 Natzwiller dans le Bas-Rhin, le 12 novembre 2024\" title=\"Des visiteurs passent pr\u00e8s du four cr\u00e9matoire de l'ancien camp de concentration Natzweiler aussi appel\u00e9 Struthof, \u00e0 Natzwiller dans le Bas-Rhin, le 12 novembre 2024\"\/><\/figure>\n\n\n\n<p>Des visiteurs passent pr\u00e8s du four cr\u00e9matoire de l&rsquo;ancien camp de concentration Natzweiler aussi appel\u00e9 Struthof, \u00e0 Natzwiller dans le Bas-Rhin, le 12 novembre 2024<\/p>\n\n\n\n<p>AFP  &#8211; SEBASTIEN BOZON<\/p>\n\n\n\n<p>Les d\u00e9tenus sont d\u00e9shabill\u00e9s, tondus, prennent une douche, dont l&rsquo;eau est chauff\u00e9e par le four cr\u00e9matoire. Ils sont d\u00e9sinfect\u00e9s.<\/p>\n\n\n\n<p>Affect\u00e9 \u00e0 la d\u00e9sinfection des v\u00eatements avec lesquels les d\u00e9tenus arrivent, Henri Mosson parvient \u00e0 survivre malgr\u00e9 le froid, terrible en hiver, la chaleur en \u00e9t\u00e9, et la faim.<\/p>\n\n\n\n<p>\u00ab\u00a0A la fin, on n&rsquo;avait plus que des orties en bouillon\u00a0\u00bb t\u00e9moigne le centenaire, qui pesait \u00ab\u00a038 kilos\u00a0\u00bb \u00e0 son retour en Bourgogne.<\/p>\n\n\n\n<p>Dans le camp, des hommes d&rsquo;une trentaine de nationalit\u00e9s se c\u00f4toient, avec une majorit\u00e9 de Polonais, Russes et Fran\u00e7ais. Ils sont juifs, tsiganes, homosexuels, t\u00e9moins de J\u00e9hovah, d\u00e9tenus de droit commun&#8230;<\/p>\n\n\n\n<p>Parmi eux, les \u00ab\u00a0Nacht und Nebel\u00a0\u00bb sont \u00ab\u00a0tout en bas de l&rsquo;\u00e9chelle\u00a0\u00bb, d\u00e9crit Michael Landolt, directeur du Centre europ\u00e9en du r\u00e9sistant d\u00e9port\u00e9.<\/p>\n\n\n\n<figure class=\"wp-block-image\"><img decoding=\"async\" src=\"https:\/\/information.tv5monde.com\/sites\/tv5-info\/files\/styles\/entete\/public\/2024-11\/field_media_image-2880514-b039f4abebc985491437618f13f47e2660de36d7.jpg?itok=RJ6X1KR1\" alt=\"Photo a\u00e9rienne de l'ancien camp de concentration Natzweiler aussi appel\u00e9 Struthof, \u00e0 Natzwiller dans le Bas-Rhin, le 12 novembre 2024\" title=\"Photo a\u00e9rienne de l'ancien camp de concentration Natzweiler aussi appel\u00e9 Struthof, \u00e0 Natzwiller dans le Bas-Rhin, le 12 novembre 2024\"\/><\/figure>\n\n\n\n<p>Photo a\u00e9rienne de l&rsquo;ancien camp de concentration Natzweiler aussi appel\u00e9 Struthof, \u00e0 Natzwiller dans le Bas-Rhin, le 12 novembre 2024<\/p>\n\n\n\n<p>AFP  &#8211; S\u00e9bastien BOZON<\/p>\n\n\n\n<p>\u00ab\u00a0Ils sont affect\u00e9s aux t\u00e2ches les plus rudes, et ils ont une mortalit\u00e9 plus importante\u00a0\u00bb, d\u00e9crit M. Landolt. Quant aux prisonniers sovi\u00e9tiques et polonais, \u00ab\u00a0ils sont consid\u00e9r\u00e9s par les nazis comme des +untermenschen+, (litt\u00e9ralement des sous-hommes) et sont tr\u00e8s maltrait\u00e9s\u00a0\u00bb.<\/p>\n\n\n\n<p>Sur les 50.000 d\u00e9tenus intern\u00e9s au Struthof ou dans ses camps annexes, \u00ab\u00a017.000 sont d\u00e9c\u00e9d\u00e9s ou ont disparu, notamment lors des marches de la mort du printemps 1945, ce qui fait un taux de d\u00e9c\u00e8s d&rsquo;environ 40%\u00a0\u00bb, souligne C\u00e9dric Neveu, historien.<\/p>\n\n\n\n<h2 class=\"wp-block-heading\">Ex\u00e9cutions et exp\u00e9riences m\u00e9dicales<\/h2>\n\n\n\n<p>Le camp sera le th\u00e9\u00e2tre d&rsquo;ex\u00e9cutions par pendaison ou par fusillade et d&rsquo;exp\u00e9riences m\u00e9dicales. En ao\u00fbt 1943, 86 Juifs sont ainsi assassin\u00e9s dans une chambre \u00e0 gaz dans le but de constituer une collection de squelettes juifs.<\/p>\n\n\n\n<p>Le 25 novembre 1944, deux jours apr\u00e8s la lib\u00e9ration de Strasbourg, des soldats am\u00e9ricains trouvent le camp d\u00e9sert\u00e9.<\/p>\n\n\n\n<p>\u00ab\u00a0Ils d\u00e9couvrent un camp totalement intact et totalement vide. Il n&rsquo;y a plus un gardien SS et plus un d\u00e9tenu. Le camp est en parfait \u00e9tat\u00a0\u00bb, raconte C\u00e9dric Neveu, qui y voit la preuve que \u00ab\u00a0les Allemands pensaient probablement revenir\u00a0\u00bb.<\/p>\n\n\n\n<figure class=\"wp-block-image\"><img decoding=\"async\" src=\"https:\/\/information.tv5monde.com\/sites\/tv5-info\/files\/styles\/entete\/public\/2024-11\/field_media_image-2880516-be43705a2376d1dc88a9dfab7944adec318b7fa2.jpg?itok=m_nT5qfA\" alt=\"La n\u00e9cropole nationale, dans l'ancien camp de concentration Natzweiler aussi appel\u00e9 Struthof, \u00e0 Natzwiller dans le Bas-Rhin, le 12 novembre 2024\" title=\"La n\u00e9cropole nationale, dans l'ancien camp de concentration Natzweiler aussi appel\u00e9 Struthof, \u00e0 Natzwiller dans le Bas-Rhin, le 12 novembre 2024\"\/><\/figure>\n\n\n\n<p>La n\u00e9cropole nationale, dans l&rsquo;ancien camp de concentration Natzweiler aussi appel\u00e9 Struthof, \u00e0 Natzwiller dans le Bas-Rhin, le 12 novembre 2024<\/p>\n\n\n\n<p>AFP  &#8211; SEBASTIEN BOZON<\/p>\n\n\n\n<p>Mais le calvaire ne s&rsquo;arr\u00eate pas pour les d\u00e9tenus qui ont \u00e9t\u00e9 \u00e9vacu\u00e9s vers d&rsquo;autres camps. Ainsi, par ses annexes, de l&rsquo;autre c\u00f4t\u00e9 du Rhin, le camp \u00ab\u00a0va continuer d&rsquo;exister, comme les m\u00e9tastases d&rsquo;un cancer\u00a0\u00bb, compare l&rsquo;historien.<\/p>\n\n\n\n<p>Sa fin d\u00e9finitive n&rsquo;interviendra que lors de l&rsquo;\u00e9vacuation des annexes, au printemps 1945. Jusqu&rsquo;en 1949, le camp sera utilis\u00e9 comme site d&rsquo;internement de collaborateurs, puis comme centre p\u00e9nitentiaire, avant de devenir un lieu de m\u00e9moire, aujourd&rsquo;hui visit\u00e9 chaque ann\u00e9e par plus de 200.000 personnes.<\/p>\n\n\n\n<p>La plupart des baraquements ont \u00e9t\u00e9 d\u00e9mantel\u00e9s mais leur emplacement est mat\u00e9rialis\u00e9 au sol. Les visiteurs peuvent se recueillir dans les b\u00e2timents du four cr\u00e9matoire, de la prison et, en contrebas, de la chambre \u00e0 gaz, et parcourir les all\u00e9es de la n\u00e9cropole nationale, o\u00f9 sont inhum\u00e9s plus d&rsquo;un millier de d\u00e9port\u00e9s. Elle est surplomb\u00e9e par un monument en forme de flamme de 40 m\u00e8tres de haut, arborant la silhouette d&rsquo;un d\u00e9port\u00e9 \u00e9maci\u00e9.<\/p>\n","protected":false},"excerpt":{"rendered":"<p>Par Pauline FROISSART \u00a9 2024 AFP &#8211; \u00a0\u00bb Vous \u00eates entr\u00e9s ici par la grande porte et vous ressortirez par<\/p>\n","protected":false},"author":1,"featured_media":46940,"comment_status":"open","ping_status":"open","sticky":false,"template":"","format":"standard","meta":{"footnotes":""},"categories":[51],"tags":[],"class_list":["post-46939","post","type-post","status-publish","format-standard","has-post-thumbnail","hentry","category-general"],"_links":{"self":[{"href":"https:\/\/dekkbi.com\/index.php?rest_route=\/wp\/v2\/posts\/46939","targetHints":{"allow":["GET"]}}],"collection":[{"href":"https:\/\/dekkbi.com\/index.php?rest_route=\/wp\/v2\/posts"}],"about":[{"href":"https:\/\/dekkbi.com\/index.php?rest_route=\/wp\/v2\/types\/post"}],"author":[{"embeddable":true,"href":"https:\/\/dekkbi.com\/index.php?rest_route=\/wp\/v2\/users\/1"}],"replies":[{"embeddable":true,"href":"https:\/\/dekkbi.com\/index.php?rest_route=%2Fwp%2Fv2%2Fcomments&post=46939"}],"version-history":[{"count":1,"href":"https:\/\/dekkbi.com\/index.php?rest_route=\/wp\/v2\/posts\/46939\/revisions"}],"predecessor-version":[{"id":46941,"href":"https:\/\/dekkbi.com\/index.php?rest_route=\/wp\/v2\/posts\/46939\/revisions\/46941"}],"wp:featuredmedia":[{"embeddable":true,"href":"https:\/\/dekkbi.com\/index.php?rest_route=\/wp\/v2\/media\/46940"}],"wp:attachment":[{"href":"https:\/\/dekkbi.com\/index.php?rest_route=%2Fwp%2Fv2%2Fmedia&parent=46939"}],"wp:term":[{"taxonomy":"category","embeddable":true,"href":"https:\/\/dekkbi.com\/index.php?rest_route=%2Fwp%2Fv2%2Fcategories&post=46939"},{"taxonomy":"post_tag","embeddable":true,"href":"https:\/\/dekkbi.com\/index.php?rest_route=%2Fwp%2Fv2%2Ftags&post=46939"}],"curies":[{"name":"wp","href":"https:\/\/api.w.org\/{rel}","templated":true}]}}