{"id":4692,"date":"2022-12-12T12:09:31","date_gmt":"2022-12-12T12:09:31","guid":{"rendered":"https:\/\/dekkbi.com\/?p=4692"},"modified":"2022-12-12T12:09:33","modified_gmt":"2022-12-12T12:09:33","slug":"cristiano-ronaldo-pousse-son-selectionneur-dehors","status":"publish","type":"post","link":"https:\/\/dekkbi.com\/?p=4692","title":{"rendered":"Cristiano Ronaldo pousse son s\u00e9lectionneur dehors"},"content":{"rendered":"\n<p>iGFM (Dakar) Le Portugal va dire adieu \u00e0 son s\u00e9lectionneur Fernando Santos, rapporte plusieurs m\u00e9dias portugais, ce lundi.<\/p>\n\n\n\n<p>La s\u00e9lection portugaise va dire adieu \u00e0 son s\u00e9lectionneur Fernando Santos \u00e9limin\u00e9 en quarts de finale de la Coupe du monde 2022, par le Maroc (0-1).<br><br><strong>Fernando Santos est pouss\u00e9 vers la sortie par la plupart des quotidiens sportifs portugais<br><br><\/strong>Au Portugal, Fernando Santos est pouss\u00e9 vers la sortie par la plupart des quotidiens sportifs portugais. Pour O Jogo : \u00abla fin est in\u00e9vitable\u00bb. \u00c0 la t\u00eate de l&rsquo;\u00e9quipe nationale depuis 2014, il est d\u00e9j\u00e0 celui qui est en poste depuis le plus longtemps. Mais les journalistes du pays appellent \u00abau changement apr\u00e8s ses r\u00e9sultats d\u00e9cevants et sa mauvaise gestion des adieux de CR7\u00bb. D\u2019apr\u00e8s Record, la f\u00e9d\u00e9ration portugaise va organiser une r\u00e9union avec le s\u00e9lectionneur pour discuter de son avenir, mais le journal pense que le sort de Santos est d\u00e9j\u00e0 scell\u00e9. Enfin, A Bola met en avant dans son \u00e9dition du jour la derni\u00e8re brouille entre Ronaldo et Santos, juste apr\u00e8s la d\u00e9faite contre le Maroc. Tout le clan Ronaldo s\u2019en est pris \u00e0 lui sur les r\u00e9seaux sociaux et CR7 a ignor\u00e9 son coach au moment de quitter la pelouse. Ce n\u2019est pas tout, sur son Instagram, le capitaine portugais remercie les fans, fait l&rsquo;\u00e9loge de ses co\u00e9quipiers, mais ne mentionne pas l&rsquo;entra\u00eeneur. Pour A Bola, il ne l\u2019a pas fait par hasard, il a fait son choix pour le futur du Portugal.<\/p>\n","protected":false},"excerpt":{"rendered":"<p>iGFM (Dakar) Le Portugal va dire adieu \u00e0 son s\u00e9lectionneur Fernando Santos, rapporte plusieurs m\u00e9dias portugais, ce lundi. La s\u00e9lection<\/p>\n","protected":false},"author":1,"featured_media":4693,"comment_status":"open","ping_status":"open","sticky":false,"template":"","format":"standard","meta":{"footnotes":""},"categories":[9],"tags":[],"class_list":["post-4692","post","type-post","status-publish","format-standard","has-post-thumbnail","hentry","category-sports"],"_links":{"self":[{"href":"https:\/\/dekkbi.com\/index.php?rest_route=\/wp\/v2\/posts\/4692","targetHints":{"allow":["GET"]}}],"collection":[{"href":"https:\/\/dekkbi.com\/index.php?rest_route=\/wp\/v2\/posts"}],"about":[{"href":"https:\/\/dekkbi.com\/index.php?rest_route=\/wp\/v2\/types\/post"}],"author":[{"embeddable":true,"href":"https:\/\/dekkbi.com\/index.php?rest_route=\/wp\/v2\/users\/1"}],"replies":[{"embeddable":true,"href":"https:\/\/dekkbi.com\/index.php?rest_route=%2Fwp%2Fv2%2Fcomments&post=4692"}],"version-history":[{"count":1,"href":"https:\/\/dekkbi.com\/index.php?rest_route=\/wp\/v2\/posts\/4692\/revisions"}],"predecessor-version":[{"id":4694,"href":"https:\/\/dekkbi.com\/index.php?rest_route=\/wp\/v2\/posts\/4692\/revisions\/4694"}],"wp:featuredmedia":[{"embeddable":true,"href":"https:\/\/dekkbi.com\/index.php?rest_route=\/wp\/v2\/media\/4693"}],"wp:attachment":[{"href":"https:\/\/dekkbi.com\/index.php?rest_route=%2Fwp%2Fv2%2Fmedia&parent=4692"}],"wp:term":[{"taxonomy":"category","embeddable":true,"href":"https:\/\/dekkbi.com\/index.php?rest_route=%2Fwp%2Fv2%2Fcategories&post=4692"},{"taxonomy":"post_tag","embeddable":true,"href":"https:\/\/dekkbi.com\/index.php?rest_route=%2Fwp%2Fv2%2Ftags&post=4692"}],"curies":[{"name":"wp","href":"https:\/\/api.w.org\/{rel}","templated":true}]}}