{"id":46904,"date":"2024-11-21T10:29:09","date_gmt":"2024-11-21T10:29:09","guid":{"rendered":"https:\/\/dekkbi.com\/?p=46904"},"modified":"2024-11-21T10:29:10","modified_gmt":"2024-11-21T10:29:10","slug":"lunicef-lance-une-caravane-visant-a-faire-participer-les-enfants-a-la-realisation-du-programme-senegal-2050","status":"publish","type":"post","link":"https:\/\/dekkbi.com\/?p=46904","title":{"rendered":"L\u2019UNICEF lance une caravane visant \u00e0 faire participer les enfants \u00e0 la r\u00e9alisation du programme \u201cS\u00e9n\u00e9gal 2050\u201d"},"content":{"rendered":"\n<p>Gu\u00e9diawaye, (APS) \u2013 L\u2019UNICEF et quelques-uns de ses partenaires ont lanc\u00e9, mercredi, \u00e0 Gu\u00e9diawaye (ouest), la \u201cCaravane 2050 : \u00e9coutons l\u2019avenir\u201d, une initiative visant, selon cette institution sp\u00e9cialis\u00e9e des Nations unies, \u00e0 faire participer les enfants \u00e0 la mise en \u0153uvre du programme de d\u00e9veloppement \u201cS\u00e9n\u00e9gal 2050\u201d du gouvernement s\u00e9n\u00e9galais.<\/p>\n\n\n\n<p>\u201cPour la participation des enfants \u00e0 la r\u00e9alisation [du programme] \u2018Vision 2050\u2019, nous sommes heureux de lancer officiellement, aujourd\u2019hui, \u00e0 Pikine et \u00e0 Gu\u00e9diawaye, \u00e0 l\u2019occasion la Journ\u00e9e internationale des droits de l\u2019enfant, la \u2018Caravane 2050 : \u00e9coutons l\u2019avenir&rsquo;\u201d, a annonc\u00e9 le repr\u00e9sentant de l\u2019UNICEF au S\u00e9n\u00e9gal, Jacques Boyer.<\/p>\n\n\n\n<p>Il intervenait \u00e0 la c\u00e9l\u00e9bration de la Journ\u00e9e internationale des droits de l\u2019enfant, au centre d\u00e9partemental d\u2019\u00e9ducation populaire et sportive de Gu\u00e9diawaye.<\/p>\n\n\n\n<p>L\u2019UNICEF, l\u2019inspection d\u2019acad\u00e9mie de Pikine-Gu\u00e9diawaye et le Consortium Jeunesse S\u00e9n\u00e9gal ont pris part \u00e0 cette c\u00e9l\u00e9bration.<\/p>\n\n\n\n<p>Selon Jacques Boyer, la \u201cCaravane 2050 : \u00e9coutons l\u2019avenir\u201d ira \u00e0 la rencontre des enfants, dans toutes les r\u00e9gions du S\u00e9n\u00e9gal, pour conna\u00eetre leurs pr\u00e9occupations et les partager avec les autorit\u00e9s charg\u00e9es de la mise en \u0153uvre du programme de d\u00e9veloppement du pays, \u201cS\u00e9n\u00e9gal 2050\u201d, dont le lancement a eu lieu le 14 octobre dernier, sous la pr\u00e9sidence du chef de l\u2019\u00c9tat.<\/p>\n\n\n\n<p>\u201cLes consultations ont d\u2019ores et d\u00e9j\u00e0 commenc\u00e9, avec les enfants de Pikine-Gu\u00e9diawaye [\u2026] L\u2019avenir appartient \u00e0 ceux qui osent r\u00eaver, et les enfants r\u00eavent grand\u201d, a-t-il dit.<\/p>\n\n\n\n<p>Les r\u00e9gions de K\u00e9dougou (sud-est) et Ziguinchor (sud) sont les prochaines \u00e9tapes de la \u201cCaravane 2050 : \u00e9coutons l\u2019avenir\u201d, selon M. Boyer.<\/p>\n\n\n\n<p>\u201cLe programme \u2018S\u00e9n\u00e9gal 2050\u2019 pr\u00e9sent\u00e9 [\u2026] par le nouveau gouvernement nous offre une opportunit\u00e9 unique, celle de concevoir un avenir bas\u00e9 sur les aspirations des enfants\u201d, a affirm\u00e9 le repr\u00e9sentant de l\u2019UNICEF au S\u00e9n\u00e9gal.<\/p>\n\n\n\n<p>Jacques Boyer estime que ce programme de d\u00e9veloppement, nouveau r\u00e9f\u00e9rentiel des politiques publiques s\u00e9n\u00e9galaises, \u201crefl\u00e8te une ambition nationale de transformation inclusive et durable\u201d.<\/p>\n\n\n\n<p>\u201cNous [esp\u00e9rons] qu\u2019il sera nourri des r\u00eaves, d\u2019id\u00e9es et d\u2019aspirations pour les enfants\u201d, a-t-il ajout\u00e9.<\/p>\n\n\n\n<p>\u201cCette ann\u00e9e, \u00e0 l\u2019occasion de [la Journ\u00e9e internationale des droits de l\u2019enfant], l\u2019UNICEF appelle les gouvernements, le secteur priv\u00e9 [\u2026] et les familles du monde entier \u00e0 \u00e9couter les enfants et \u00e0 d\u00e9fendre leurs droits, partout dans le monde\u201d, lit-on dans un document de l\u2019institution sp\u00e9cialis\u00e9e des Nations unies.<\/p>\n\n\n\n<p>SG\/ESF\/BK<\/p>\n","protected":false},"excerpt":{"rendered":"<p>Gu\u00e9diawaye, (APS) \u2013 L\u2019UNICEF et quelques-uns de ses partenaires ont lanc\u00e9, mercredi, \u00e0 Gu\u00e9diawaye (ouest), la \u201cCaravane 2050 : \u00e9coutons<\/p>\n","protected":false},"author":1,"featured_media":46905,"comment_status":"open","ping_status":"open","sticky":false,"template":"","format":"standard","meta":{"footnotes":""},"categories":[21],"tags":[],"class_list":["post-46904","post","type-post","status-publish","format-standard","has-post-thumbnail","hentry","category-societe"],"_links":{"self":[{"href":"https:\/\/dekkbi.com\/index.php?rest_route=\/wp\/v2\/posts\/46904","targetHints":{"allow":["GET"]}}],"collection":[{"href":"https:\/\/dekkbi.com\/index.php?rest_route=\/wp\/v2\/posts"}],"about":[{"href":"https:\/\/dekkbi.com\/index.php?rest_route=\/wp\/v2\/types\/post"}],"author":[{"embeddable":true,"href":"https:\/\/dekkbi.com\/index.php?rest_route=\/wp\/v2\/users\/1"}],"replies":[{"embeddable":true,"href":"https:\/\/dekkbi.com\/index.php?rest_route=%2Fwp%2Fv2%2Fcomments&post=46904"}],"version-history":[{"count":1,"href":"https:\/\/dekkbi.com\/index.php?rest_route=\/wp\/v2\/posts\/46904\/revisions"}],"predecessor-version":[{"id":46906,"href":"https:\/\/dekkbi.com\/index.php?rest_route=\/wp\/v2\/posts\/46904\/revisions\/46906"}],"wp:featuredmedia":[{"embeddable":true,"href":"https:\/\/dekkbi.com\/index.php?rest_route=\/wp\/v2\/media\/46905"}],"wp:attachment":[{"href":"https:\/\/dekkbi.com\/index.php?rest_route=%2Fwp%2Fv2%2Fmedia&parent=46904"}],"wp:term":[{"taxonomy":"category","embeddable":true,"href":"https:\/\/dekkbi.com\/index.php?rest_route=%2Fwp%2Fv2%2Fcategories&post=46904"},{"taxonomy":"post_tag","embeddable":true,"href":"https:\/\/dekkbi.com\/index.php?rest_route=%2Fwp%2Fv2%2Ftags&post=46904"}],"curies":[{"name":"wp","href":"https:\/\/api.w.org\/{rel}","templated":true}]}}