{"id":46875,"date":"2024-11-21T09:26:13","date_gmt":"2024-11-21T09:26:13","guid":{"rendered":"https:\/\/dekkbi.com\/?p=46875"},"modified":"2024-11-21T09:26:13","modified_gmt":"2024-11-21T09:26:13","slug":"campagne-de-commercialisation-agricole-faye-reclame-une-juste-remuneration-des-produits-des-agriculteurs","status":"publish","type":"post","link":"https:\/\/dekkbi.com\/?p=46875","title":{"rendered":"Campagne de commercialisation agricole\u00a0: Faye r\u00e9clame une juste r\u00e9mun\u00e9ration des produits des agriculteurs"},"content":{"rendered":"\n<p>Dakar,  (APS) \u2013 Le chef de l\u2019\u00c9tat a demand\u00e9 au gouvernement, lors du Conseil des ministres de ce mercredi, de veiller \u00e0 une juste r\u00e9mun\u00e9ration des produits vendus par les agriculteurs au cours de la campagne de commercialisation des r\u00e9coltes.<\/p>\n\n\n\n<p>\u2018\u2019En \u00e9voquant la campagne de commercialisation de la production agricole, le pr\u00e9sident de la R\u00e9publique a demand\u00e9 au gouvernement de veiller \u00e0 la pr\u00e9servation des int\u00e9r\u00eats des producteurs [et] \u00e0 la juste r\u00e9mun\u00e9ration de leurs productions\u2019\u2019, a \u00e9crit le ministre de la Formation professionnelle et porte-parole du gouvernement, Amadou Moustapha Njekk Sarr\u00e9.<\/p>\n\n\n\n<p>Bassirou Diomaye Faye appelle en m\u00eame temps les ministres concern\u00e9s \u00e0 travailler au \u2018\u2019d\u00e9veloppement de l\u2019industrie nationale, dans une perspective de consolidation de la souverainet\u00e9 \u00e9conomique\u2019\u2019, lors de la commercialisation des produits agricoles.<\/p>\n\n\n\n<p>\u2018\u2019Il a demand\u00e9 au gouvernement de prendre toutes les dispositions idoines en vue de la fixation d\u2019un prix ad\u00e9quat du kilogramme d\u2019arachide au producteur\u2019\u2019, ajoute le communiqu\u00e9 du Conseil des ministres.<\/p>\n\n\n\n<p>Selon le porte-parole du gouvernement, le chef de l\u2019\u00c9tat a invit\u00e9 le Premier ministre et les ministres charg\u00e9s de l\u2019Agriculture et de l\u2019Industrie \u00e0 \u2018\u2019d\u00e9finir [\u2026] une m\u00e9thode d\u2019intervention\u2019\u2019 des pouvoirs publics dans \u2018\u2019le march\u00e9 de l\u2019arachide\u2019\u2019.<\/p>\n\n\n\n<p>Une telle m\u00e9thode devrait permettre d\u2019\u2018\u2019assurer la s\u00e9curisation des revenus des producteurs et la modernisation de l\u2019outil industriel de transformation locale de la production arachidi\u00e8re nationale\u2019\u2019, lit-on dans le texte.<\/p>\n\n\n\n<p>Le pr\u00e9sident de la R\u00e9publique tient \u00e0 ce que la \u2018\u2019m\u00e9thode d\u2019intervention\u2019\u2019 des pouvoirs publics dans le march\u00e9 de l\u2019arachide fasse l\u2019objet d\u2019un \u2018\u2019consensus\u2019\u2019 entre les autorit\u00e9s, les op\u00e9rateurs et les industriels de la fili\u00e8re arachide.<\/p>\n\n\n\n<p>Selon le communiqu\u00e9 du Conseil des ministres, le chef de l\u2019\u00c9tat a demand\u00e9 au Premier ministre de tenir, dans les meilleurs d\u00e9lais, un conseil interminist\u00e9riel sur la campagne de commercialisation agricole.<\/p>\n\n\n\n<p>ESF\/MTN<\/p>\n","protected":false},"excerpt":{"rendered":"<p>Dakar, (APS) \u2013 Le chef de l\u2019\u00c9tat a demand\u00e9 au gouvernement, lors du Conseil des ministres de ce mercredi, de<\/p>\n","protected":false},"author":1,"featured_media":46876,"comment_status":"open","ping_status":"open","sticky":false,"template":"","format":"standard","meta":{"footnotes":""},"categories":[3],"tags":[],"class_list":["post-46875","post","type-post","status-publish","format-standard","has-post-thumbnail","hentry","category-event-more-news"],"_links":{"self":[{"href":"https:\/\/dekkbi.com\/index.php?rest_route=\/wp\/v2\/posts\/46875","targetHints":{"allow":["GET"]}}],"collection":[{"href":"https:\/\/dekkbi.com\/index.php?rest_route=\/wp\/v2\/posts"}],"about":[{"href":"https:\/\/dekkbi.com\/index.php?rest_route=\/wp\/v2\/types\/post"}],"author":[{"embeddable":true,"href":"https:\/\/dekkbi.com\/index.php?rest_route=\/wp\/v2\/users\/1"}],"replies":[{"embeddable":true,"href":"https:\/\/dekkbi.com\/index.php?rest_route=%2Fwp%2Fv2%2Fcomments&post=46875"}],"version-history":[{"count":1,"href":"https:\/\/dekkbi.com\/index.php?rest_route=\/wp\/v2\/posts\/46875\/revisions"}],"predecessor-version":[{"id":46877,"href":"https:\/\/dekkbi.com\/index.php?rest_route=\/wp\/v2\/posts\/46875\/revisions\/46877"}],"wp:featuredmedia":[{"embeddable":true,"href":"https:\/\/dekkbi.com\/index.php?rest_route=\/wp\/v2\/media\/46876"}],"wp:attachment":[{"href":"https:\/\/dekkbi.com\/index.php?rest_route=%2Fwp%2Fv2%2Fmedia&parent=46875"}],"wp:term":[{"taxonomy":"category","embeddable":true,"href":"https:\/\/dekkbi.com\/index.php?rest_route=%2Fwp%2Fv2%2Fcategories&post=46875"},{"taxonomy":"post_tag","embeddable":true,"href":"https:\/\/dekkbi.com\/index.php?rest_route=%2Fwp%2Fv2%2Ftags&post=46875"}],"curies":[{"name":"wp","href":"https:\/\/api.w.org\/{rel}","templated":true}]}}