{"id":46866,"date":"2024-11-21T09:16:47","date_gmt":"2024-11-21T09:16:47","guid":{"rendered":"https:\/\/dekkbi.com\/?p=46866"},"modified":"2024-11-21T09:16:47","modified_gmt":"2024-11-21T09:16:47","slug":"communique-du-conseil-des-ministres-du-mercredi-20-novembre-2024","status":"publish","type":"post","link":"https:\/\/dekkbi.com\/?p=46866","title":{"rendered":"COMMUNIQUE DU CONSEIL DES MINISTRES DU MERCREDI 20 NOVEMBRE 2024"},"content":{"rendered":"\n<p>Le Chef de l\u2019Etat, Son Excellence, Monsieur Bassirou Diomaye Diakhar FAYE a pr\u00e9sid\u00e9, ce mercredi 20 novembre 2024, la r\u00e9union hebdomadaire du Conseil des Ministres, au Palais de la R\u00e9publique.<\/p>\n\n\n\n<p>A l\u2019entame de sa communication, le Pr\u00e9sident de la R\u00e9publique a f\u00e9licit\u00e9 le peuple s\u00e9n\u00e9galais pour sa mobilisation et sa maturit\u00e9 d\u00e9mocratique lors du scrutin pour l\u2019\u00e9lection des d\u00e9put\u00e9s de la quinzi\u00e8me l\u00e9gislature, tenu dans le calme et la s\u00e9r\u00e9nit\u00e9.<\/p>\n\n\n\n<p>Il a f\u00e9licit\u00e9 le Gouvernement, notamment le Premier Ministre, le Ministre de l\u2019Int\u00e9rieur et de la S\u00e9curit\u00e9 publique, le Ministre des Finances et du Budget, les autorit\u00e9s administratives d\u00e9concentr\u00e9es (Gouverneurs, Pr\u00e9fets et Sous- pr\u00e9fets), la Direction g\u00e9n\u00e9rale des Elections, les missions diplomatiques et consulaires du S\u00e9n\u00e9gal, la Commission \u00e9lectorale nationale Autonome (CENA), le Conseil national de R\u00e9gulation de l\u2019Audiovisuel (CNRA) et l\u2019ensemble des Forces de D\u00e9fense et de S\u00e9curit\u00e9 pour l\u2019organisation professionnelle et transparente des \u00e9lections l\u00e9gislatives anticip\u00e9es sur le territoire national et \u00e0 l\u2019\u00e9tranger.<\/p>\n\n\n\n<p>Le Chef de l\u2019Etat a adress\u00e9 ses chaleureuses f\u00e9licitations \u00e0 Monsieur Ousmane SONKO, Premier Ministre et Pr\u00e9sident de PASTEF pour son engagement personnel et son leadership qui ont permis au parti qu\u2019il dirige d\u2019avoir la majorit\u00e9 absolue \u00e0 l\u2019Assembl\u00e9e nationale.<\/p>\n\n\n\n<p>Le Pr\u00e9sident de la R\u00e9publique a rappel\u00e9 au Gouvernement son attachement particulier \u00e0 la mise en \u0153uvre optimale, selon les s\u00e9quences temporelles et les priorit\u00e9s sectorielles d\u00e9finies, de la vision d\u2019un S\u00e9n\u00e9gal souverain, juste et prosp\u00e8re \u00e0 l\u2019horizon 2050. Il a indiqu\u00e9 la n\u00e9cessit\u00e9 d\u2019une transformation syst\u00e9mique coh\u00e9rente et pragmatique du S\u00e9n\u00e9gal.<\/p>\n\n\n\n<p>Ce d\u00e9fi collectif passe par la prise en charge notable des urgences \u00e9conomiques et sociales, la lutte contre la chert\u00e9 du co\u00fbt de la vie et l\u2019augmentation du pouvoir d\u2019achat des m\u00e9nages, l\u2019acc\u00e8s aux services sociaux de base, le d\u00e9veloppement de l\u2019employabilit\u00e9 et de l\u2019emploi des jeunes, l\u2019amor\u00e7age du \u00ab new deal technologique \u00bb, la promotion des territoires pour en faire des bassins d\u2019innovations, de relance et de dynamisation de l\u2019\u00e9conomie nationale, notamment dans les secteurs moteurs de l\u2019agriculture, de l\u2019\u00e9levage, du tourisme, des mines et des hydrocarbures.<\/p>\n\n\n\n<p>Le Pr\u00e9sident de la R\u00e9publique est revenu sur le r\u00f4le de l\u2019Assembl\u00e9e nationale et ses pr\u00e9rogatives qui int\u00e8grent le vote de la loi, le contr\u00f4le de l\u2019action du Gouvernement et l\u2019\u00e9valuation des politiques publiques conduites et coordonn\u00e9es par le Gouvernement.<br>Il a, d\u00e8s lors, demand\u00e9 au Gouvernement notamment au Premier Ministre, au Ministre de l\u2019Economie, du Plan et de la Coop\u00e9ration et au Ministre des Finances et du Budget de finaliser la pr\u00e9sentation en Conseil des Ministres du projet de loi de finances pour l\u2019ann\u00e9e 2025 qui va \u00eatre examin\u00e9 dans des d\u00e9lais exceptionnels.<\/p>\n\n\n\n<p>Le Chef de l\u2019Etat a, dans le m\u00eame \u00e9lan, magnifi\u00e9 la qualit\u00e9 du travail gouvernemental durant les huit mois pr\u00e9c\u00e9dents de cette ann\u00e9e exceptionnelle o\u00f9 le S\u00e9n\u00e9gal a organis\u00e9 deux \u00e9lections nationales majeures.<br>Il a salu\u00e9, \u00e0 sa juste valeur, dans cette phase de rectification, d\u2019ajustement et de reddition des comptes, la mobilisation exemplaire de chaque membre du Gouvernement.<\/p>\n\n\n\n<p>Evoquant la campagne de commercialisation de la production agricole, le Pr\u00e9sident de la R\u00e9publique a demand\u00e9 au Gouvernement de veiller \u00e0 la pr\u00e9servation des int\u00e9r\u00eats des producteurs, \u00e0 la juste r\u00e9mun\u00e9ration de leurs productions et au d\u00e9veloppement de l\u2019industrie nationale dans une perspective de consolidation de la souverainet\u00e9 \u00e9conomique.<br>Il a demand\u00e9 au Gouvernement de prendre toutes les dispositions idoines en vue de la fixation ad\u00e9quate du prix du kilogramme d\u2019arachide au producteur.<\/p>\n\n\n\n<p>Le Chef de l\u2019Etat a, par ailleurs, invit\u00e9 le Premier Ministre et les Ministres charg\u00e9s de l\u2019Agriculture et de l\u2019Industrie \u00e0 d\u00e9finir, dans le consensus avec les op\u00e9rateurs et les industriels du secteur, une m\u00e9thode d\u2019intervention sur les march\u00e9s de l\u2019arachide.<br>Ce qui permettra d\u2019assurer la s\u00e9curisation des revenus des producteurs et la modernisation de l\u2019outil industriel de transformation locale de la production arachidi\u00e8re nationale.<\/p>\n\n\n\n<p>Pour clore ce chapitre, il a demand\u00e9 au Premier Ministre de tenir, dans les meilleurs d\u00e9lais, un Conseil interminist\u00e9riel sur la campagne de commercialisation agricole.<\/p>\n\n\n\n<p>Parlant de la Biennale de l\u2019Art africain contemporain, le Pr\u00e9sident de la R\u00e9publique a f\u00e9licit\u00e9 le Ministre de la Jeunesse, des Sports et de la Culture, le Secr\u00e9taire d\u2019Etat \u00e0 la Culture, aux Industries cr\u00e9atives et au Patrimoine historique, le Pr\u00e9sident du Comit\u00e9 d\u2019Orientation de la Biennale et toute la communaut\u00e9 culturelle qui s\u2019est mobilis\u00e9e pour assurer le succ\u00e8s de cet \u00e9v\u00e8nement majeur pour le S\u00e9n\u00e9gal et l\u2019Afrique.<\/p>\n\n\n\n<p>Il a, d\u2019ailleurs, invit\u00e9 le Gouvernement \u00e0 soutenir davantage l\u2019organisation de la Biennale, dont la prochaine \u00e9dition, en 2026, co\u00efncidera avec les Jeux Olympiques de la Jeunesse. Il a aussi indiqu\u00e9 au Premier Ministre et au Ministre des Finances et du Budget, l\u2019importance de promouvoir l\u2019acquisition d\u2019\u0153uvres d\u2019art par l\u2019Etat et la d\u00e9coration des b\u00e2timents publics par les peintures, tapisseries et autres produits de nos artistes.<\/p>\n\n\n\n<p>A cet effet, il a demand\u00e9 au Ministre de la Culture d\u2019intensifier la modernisation et les productions des Manufactures des Arts d\u00e9coratifs, install\u00e9es \u00e0 Thi\u00e8s, et d\u2019engager une r\u00e9flexion sur le m\u00e9c\u00e9nat pour davantage promouvoir l\u2019Art s\u00e9n\u00e9galais.<\/p>\n\n\n\n<p>Il a soulign\u00e9 la n\u00e9cessit\u00e9 de d\u00e9velopper une \u00e9conomie dynamique autour des Arts et de la Culture et de revitaliser la cr\u00e9ation artistique par l\u2019ex\u00e9cution d\u2019un Plan concert\u00e9 de transformation de l\u2019Ecole nationale des Arts et M\u00e9tiers de la Culture. Le S\u00e9n\u00e9gal va comm\u00e9morer, le 1er d\u00e9cembre 2024, le 80\u00e8me anniversaire des \u00e9v\u00e8nements relatifs au \u00ab massacre de Thiaroye \u00bb.<\/p>\n\n\n\n<p>A cet \u00e9gard, le Chef de l\u2019Etat a demand\u00e9 au Premier Ministre et au Ministre des Forces arm\u00e9es de finaliser les activit\u00e9s pr\u00e9paratoires de cette grande manifestation internationale, \u00e0 la m\u00e9moire des Tirailleurs s\u00e9n\u00e9galais et de nos anciens Combattants. Ces derniers, dont les parcours h\u00e9ro\u00efques doivent \u00eatre enseign\u00e9s aux jeunes g\u00e9n\u00e9rations, ont fortement contribu\u00e9 \u00e0 la d\u00e9fense de la libert\u00e9, \u00e0 la dignit\u00e9 et \u00e0 l\u2019ind\u00e9pendance des pays africains.&nbsp;<\/p>\n\n\n\n<p>Enfin, le Pr\u00e9sident de la R\u00e9publique a vivement f\u00e9licit\u00e9 le Champion du monde MMA du \u00ab ONE Championship \u00bb, notre compatriote Oumar KANE alias REUG-REUG, dont la victoire historique honore l\u2019Afrique.<\/p>\n\n\n\n<p>A l\u2019entame de sa communication, le Premier Ministre s\u2019est f\u00e9licit\u00e9 du pl\u00e9biscite renouvel\u00e9 du Peuple s\u00e9n\u00e9galais au projet de transformation syst\u00e9mique du pays port\u00e9 par Monsieur le Pr\u00e9sident de la R\u00e9publique \u00e0 l\u2019occasion des \u00e9lections l\u00e9gislatives anticip\u00e9es. Ce qui traduit l\u2019appr\u00e9ciation positive port\u00e9e sur les r\u00e9alisations enregistr\u00e9es au cours de ces sept premiers mois de pouvoir, gage de la tenue des ruptures promises. Il a soulign\u00e9 l\u2019obligation d\u2019\u0153uvrer, sans rel\u00e2che, en vue d\u2019assurer la r\u00e9alisation des fortes attentes du Peuple dans tous les domaines.<\/p>\n\n\n\n<p>Dans ce cadre, le Premier Ministre a relev\u00e9 la n\u00e9cessit\u00e9 de finaliser, au cours des deux prochaines semaines, les dossiers relatifs \u00e0 la feuille de route pour l\u2019ann\u00e9e 2025 des programmes et projets du R\u00e9f\u00e9rentiel S\u00e9n\u00e9gal 2050 et au projet de budget 2025 \u00e0 pr\u00e9senter \u00e0 l\u2019Assembl\u00e9e nationale. Par ailleurs, il s\u2019est f\u00e9licit\u00e9 de la bonne prise en charge des travaux pr\u00e9paratoires de la comm\u00e9moration, le 1er d\u00e9cembre 2024, du 80\u00e8me anniversaire du Massacre des Tirailleurs s\u00e9n\u00e9galais \u00e0 Thiaroye.<\/p>\n\n\n\n<p>Enfin, le Premier Ministre a mis en exergue le taux de r\u00e9alisation satisfaisant du plan d\u2019actions prioritaires gouvernemental sur la p\u00e9riode avril-septembre 2024, en exhortant les Ministres \u00e0 veiller \u00e0 la finalisation des actions r\u00e9siduelles avant la fin de l\u2019ann\u00e9e 2024, dans la mesure des capacit\u00e9s budg\u00e9taires.<\/p>\n\n\n\n<p><strong>AU TITRE DES COMMUNICATIONS DES MINISTRES :<\/strong><\/p>\n\n\n\n<p>\u00b7 Le Ministre Secr\u00e9taire g\u00e9n\u00e9ral du Gouvernement a fait une communication au Conseil sur l\u2019\u00e9valuation du Plan d\u2019actions prioritaires des d\u00e9partements minist\u00e9riels sur la p\u00e9riode avril-septembre 2024 ;<\/p>\n\n\n\n<p>\u00b7 Le Ministre de l\u2019Economie, du Plan et de la Coop\u00e9ration a fait une communication sur le Nouveau R\u00e9f\u00e9rentiel S\u00e9n\u00e9gal 2050 et sur le Plan d\u2019action quinquennal 2025-2029 ;<\/p>\n\n\n\n<p>\u00b7 Le Ministre de l\u2019Hydraulique et de l\u2019Assainissement a fait le point sur la situation hebdomadaire de la gestion des inondations.<br><br><strong>AU TITRE DES TEXTES LEGISLATIFS ET REGLEMENTAIRES<\/strong>\u00a0:<br><strong>Le Conseil des Ministres a examin\u00e9 et adopt\u00e9,<\/strong><br>\u00b7 Le Projet de d\u00e9cret portant cr\u00e9ation et fixant les r\u00e8gles d\u2019organisation et de fonctionnement de l\u2019Agence s\u00e9n\u00e9galaise d\u2019Electrification rurale (ASER)<br><br><strong>AU TITRE DES MESURES INDIVIDUELLES<\/strong>,<br><strong>Le Pr\u00e9sident de la R\u00e9publique a pris la d\u00e9cision suivante :<\/strong><br><strong>Au titre du Minist\u00e8re de l\u2019Int\u00e9gration africaine et des Affaires \u00e9trang\u00e8res :<\/strong><\/p>\n\n\n\n<p>\u00b7\u00a0<strong>Monsieur Christian Alain Joseph ASSOGBA<\/strong>, Conseiller des Affaires \u00e9trang\u00e8res, matricule de solde n\u00b0611.446\/Z, est nomm\u00e9 Ambassadeur, Directeur du Protocole, des Conf\u00e9rences internationales et de la Traduction, en remplacement de Monsieur Magaye GUEYE, appel\u00e9 \u00e0 d\u2019autres fonctions.<\/p>\n\n\n\n<p><strong>Le Ministre de la Formation professionnelle,<\/strong><br><strong>Porte-Parole du Gouvernement<\/strong><br><strong>Amadou Moustapha Njekk SARRE<\/strong><\/p>\n","protected":false},"excerpt":{"rendered":"<p>Le Chef de l\u2019Etat, Son Excellence, Monsieur Bassirou Diomaye Diakhar FAYE a pr\u00e9sid\u00e9, ce mercredi 20 novembre 2024, la r\u00e9union<\/p>\n","protected":false},"author":1,"featured_media":43464,"comment_status":"open","ping_status":"open","sticky":false,"template":"","format":"standard","meta":{"footnotes":""},"categories":[6],"tags":[],"class_list":["post-46866","post","type-post","status-publish","format-standard","has-post-thumbnail","hentry","category-politics"],"_links":{"self":[{"href":"https:\/\/dekkbi.com\/index.php?rest_route=\/wp\/v2\/posts\/46866","targetHints":{"allow":["GET"]}}],"collection":[{"href":"https:\/\/dekkbi.com\/index.php?rest_route=\/wp\/v2\/posts"}],"about":[{"href":"https:\/\/dekkbi.com\/index.php?rest_route=\/wp\/v2\/types\/post"}],"author":[{"embeddable":true,"href":"https:\/\/dekkbi.com\/index.php?rest_route=\/wp\/v2\/users\/1"}],"replies":[{"embeddable":true,"href":"https:\/\/dekkbi.com\/index.php?rest_route=%2Fwp%2Fv2%2Fcomments&post=46866"}],"version-history":[{"count":1,"href":"https:\/\/dekkbi.com\/index.php?rest_route=\/wp\/v2\/posts\/46866\/revisions"}],"predecessor-version":[{"id":46867,"href":"https:\/\/dekkbi.com\/index.php?rest_route=\/wp\/v2\/posts\/46866\/revisions\/46867"}],"wp:featuredmedia":[{"embeddable":true,"href":"https:\/\/dekkbi.com\/index.php?rest_route=\/wp\/v2\/media\/43464"}],"wp:attachment":[{"href":"https:\/\/dekkbi.com\/index.php?rest_route=%2Fwp%2Fv2%2Fmedia&parent=46866"}],"wp:term":[{"taxonomy":"category","embeddable":true,"href":"https:\/\/dekkbi.com\/index.php?rest_route=%2Fwp%2Fv2%2Fcategories&post=46866"},{"taxonomy":"post_tag","embeddable":true,"href":"https:\/\/dekkbi.com\/index.php?rest_route=%2Fwp%2Fv2%2Ftags&post=46866"}],"curies":[{"name":"wp","href":"https:\/\/api.w.org\/{rel}","templated":true}]}}