{"id":46833,"date":"2024-11-20T12:41:04","date_gmt":"2024-11-20T12:41:04","guid":{"rendered":"https:\/\/dekkbi.com\/?p=46833"},"modified":"2024-11-20T12:42:12","modified_gmt":"2024-11-20T12:42:12","slug":"samm-sa-kaddu-trois-sieges-et-des-regrets-au-parlement","status":"publish","type":"post","link":"https:\/\/dekkbi.com\/?p=46833","title":{"rendered":"Samm Sa Kaddu: Trois si\u00e8ges, et des regrets au Parlement\u2026 ! ?"},"content":{"rendered":"\n<p>La coalition Samm Sa Kaddu n\u2019a obtenu que trois si\u00e8ges lors des \u00e9lections l\u00e9gislatives : ceux de Barth\u00e9l\u00e9my Dias, Anta Babacar Ngom, et Cheikh Tidiane Youm. Ce r\u00e9sultat, bien en de\u00e7\u00e0 des esp\u00e9rances, suscite des interrogations parmi les leaders de la coalition. Au-del\u00e0 des trois \u00e9lus, d\u2019autres figures charismatiques tels que Bougane Gueye Dany, Thierno Bocoum, et Pape Djibril Fall faisaient partie de cette alliance, mais n\u2019ont pas pu transformer leur popularit\u00e9 en si\u00e8ges parlementaires.<\/p>\n\n\n\n<p>Cette contre-performance pourrait \u00eatre per\u00e7ue comme une d\u00e9sillusion pour ces personnalit\u00e9s. Elle les invite \u00e0 une analyse profonde de leur strat\u00e9gie politique et des raisons de ce revers. Bien que les r\u00e9sultats annonc\u00e9s soient provisoires, il est peu probable que l\u2019issue change significativement apr\u00e8s la proclamation des r\u00e9sultats officiels.<\/p>\n\n\n\n<p>Pendant ce temps, d\u2019autres coalitions enregistrent des performances notables.&nbsp;<strong>Pastef&nbsp;<\/strong>domine largement en obtenant plus de&nbsp;<strong>132 si\u00e8ges<\/strong>, confirmant sa position de leader sur l\u2019\u00e9chiquier politique. La coalition&nbsp;<strong>Takku Wallu S\u00e9n\u00e9gal<\/strong>&nbsp;suit avec&nbsp;<strong>16 si\u00e8ges<\/strong>, tandis que&nbsp;<strong>Jamm Ak Njaar\u00f1<\/strong>&nbsp;obtient&nbsp;<strong>7 si\u00e8ges<\/strong>, et&nbsp;<strong>And Nawl\u00e9<\/strong>&nbsp;d\u00e9croche&nbsp;<strong>2 si\u00e8ges<\/strong>. Les petites coalitions, quant \u00e0 elles, se partagent un si\u00e8ge chacune, traduisant une fragmentation du paysage politique.<\/p>\n\n\n\n<p>SOURCE SENEGO<\/p>\n","protected":false},"excerpt":{"rendered":"<p>La coalition Samm Sa Kaddu n\u2019a obtenu que trois si\u00e8ges lors des \u00e9lections l\u00e9gislatives : ceux de Barth\u00e9l\u00e9my Dias, Anta<\/p>\n","protected":false},"author":1,"featured_media":44675,"comment_status":"open","ping_status":"open","sticky":false,"template":"","format":"standard","meta":{"footnotes":""},"categories":[6],"tags":[],"class_list":["post-46833","post","type-post","status-publish","format-standard","has-post-thumbnail","hentry","category-politics"],"_links":{"self":[{"href":"https:\/\/dekkbi.com\/index.php?rest_route=\/wp\/v2\/posts\/46833","targetHints":{"allow":["GET"]}}],"collection":[{"href":"https:\/\/dekkbi.com\/index.php?rest_route=\/wp\/v2\/posts"}],"about":[{"href":"https:\/\/dekkbi.com\/index.php?rest_route=\/wp\/v2\/types\/post"}],"author":[{"embeddable":true,"href":"https:\/\/dekkbi.com\/index.php?rest_route=\/wp\/v2\/users\/1"}],"replies":[{"embeddable":true,"href":"https:\/\/dekkbi.com\/index.php?rest_route=%2Fwp%2Fv2%2Fcomments&post=46833"}],"version-history":[{"count":1,"href":"https:\/\/dekkbi.com\/index.php?rest_route=\/wp\/v2\/posts\/46833\/revisions"}],"predecessor-version":[{"id":46834,"href":"https:\/\/dekkbi.com\/index.php?rest_route=\/wp\/v2\/posts\/46833\/revisions\/46834"}],"wp:featuredmedia":[{"embeddable":true,"href":"https:\/\/dekkbi.com\/index.php?rest_route=\/wp\/v2\/media\/44675"}],"wp:attachment":[{"href":"https:\/\/dekkbi.com\/index.php?rest_route=%2Fwp%2Fv2%2Fmedia&parent=46833"}],"wp:term":[{"taxonomy":"category","embeddable":true,"href":"https:\/\/dekkbi.com\/index.php?rest_route=%2Fwp%2Fv2%2Fcategories&post=46833"},{"taxonomy":"post_tag","embeddable":true,"href":"https:\/\/dekkbi.com\/index.php?rest_route=%2Fwp%2Fv2%2Ftags&post=46833"}],"curies":[{"name":"wp","href":"https:\/\/api.w.org\/{rel}","templated":true}]}}